{"id":16666,"date":"2022-05-17T04:48:07","date_gmt":"2022-05-17T07:48:07","guid":{"rendered":"https:\/\/blogdojuniorcavalcanti.com.br\/?p=16666"},"modified":"2022-05-17T04:48:07","modified_gmt":"2022-05-17T07:48:07","slug":"bolsonaro-da-sinais-de-que-pode-fugir-dos-debates-na-tv","status":"publish","type":"post","link":"https:\/\/blogdojuniorcavalcanti.com.br\/index.php\/2022\/05\/17\/bolsonaro-da-sinais-de-que-pode-fugir-dos-debates-na-tv\/","title":{"rendered":"Bolsonaro d\u00e1 sinais de que pode fugir dos debates na TV"},"content":{"rendered":"<p style=\"text-align: justify;\"><span style=\"font-size: 14pt; font-family: arial, helvetica, sans-serif;\">Embora j\u00e1 tenha afirmado que participaria dos debates presidenciais na TV em 2022 por se ver \u201cmuito mais bem preparado\u201d do que em 2018, o presidente Jair Bolsonaro (PL) j\u00e1 d\u00e1 sinais de que pode n\u00e3o cumprir a promessa e de que n\u00e3o faz tanta quest\u00e3o assim de se arriscar no embate direto contra advers\u00e1rios em sua busca da reelei\u00e7\u00e3o.<\/span><\/p>\n<p style=\"text-align: justify;\"><span style=\"font-size: 14pt; font-family: arial, helvetica, sans-serif;\">Quem nos \u00faltimos meses tem participado das reuni\u00f5es marcadas pelos ve\u00edculos de comunica\u00e7\u00e3o para discutir a organiza\u00e7\u00e3o dos debates e sabatinas nota que Bolsonaro simplesmente n\u00e3o enviou representantes a nenhuma delas.<\/span><\/p>\n<p style=\"text-align: justify;\"><span style=\"font-size: 14pt; font-family: arial, helvetica, sans-serif;\">Entre os participantes dos encontros, costumam se fazer representar o ex-presidente Lula (PT), a senadora Simone Tebet (MDB), o ex-governador de S\u00e3o Paulo Jo\u00e3o Doria (PSDB), o ex-ministro Ciro Gomes (PDT) e nomes de partidos menores, como Lu\u00eds Felipe D\u2019Avila (Novo) e Andr\u00e9 Janones (Patriota). Enquanto ainda sonhava com uma candidatura presidencial, o ex-ministro Sergio Moro tamb\u00e9m enviava representantes.<\/span><\/p>\n<p style=\"text-align: justify;\"><span style=\"font-size: 14pt; font-family: arial, helvetica, sans-serif;\">Segundo interlocutores das campanhas nas reuni\u00f5es, discuss\u00f5es sobre o regramento dos debates ainda est\u00e3o no in\u00edcio, mas j\u00e1 se conversa sobre o que fazer com os candidatos fuj\u00f5es \u2013 como, por exemplo, se haver\u00e1 p\u00falpitos vazios a ser filmados pelas c\u00e2meras e an\u00fancios em cada bloco do debate de que houve convite ao postulante que n\u00e3o compareceu.<\/span><\/p>\n<p style=\"text-align: justify;\"><span style=\"font-size: 14pt; font-family: arial, helvetica, sans-serif;\">O primeiro debate na campanha de 2022 ser\u00e1 o da CNN, marcado para o dia 6 de agosto, em menos de tr\u00eas meses. Em seguida, no primeiro turno, v\u00eam Jovem Pan (9 de agosto), Bandeirantes (14 de agosto), RedeTV! (2 de setembro), CBN e jornais O Globo e Valor (8 de setembro), TV Aparecida (13 de setembro), Folha e UOL (22 de setembro), VEJA, SBT, O Estado de S. Paulo e R\u00e1dio Novabrasil (24 de setembro) e Globo (29 de setembro).<\/span><\/p>\n","protected":false},"excerpt":{"rendered":"<p>Embora j&aacute; tenha afirmado que participaria dos debates presidenciais na TV em 2022 por se ver &ldquo;muito mais bem preparado&rdquo; do que em 2018, o presidente Jair Bolsonaro (PL) j&aacute; d&aacute; sinais de que pode n&atilde;o cumprir a promessa e de que n&atilde;o faz tanta quest&atilde;o assim de se arriscar no embate direto contra advers&aacute;rios em sua busca da reelei&ccedil;&atilde;o. Quem nos &uacute;ltimos meses tem participado das reuni&otilde;es marcadas pelos ve&iacute;culos de comunica&ccedil;&atilde;o para discutir a organiza&ccedil;&atilde;o dos debates e sabatinas nota que Bolsonaro simplesmente n&atilde;o enviou representantes a nenhuma delas. Entre os participantes dos encontros, costumam se fazer representar &#8230; <\/p>\n<p class=\"read-more-container\"><a title=\"Bolsonaro d\u00e1 sinais de que pode fugir dos debates na TV\" class=\"read-more button\" href=\"https:\/\/blogdojuniorcavalcanti.com.br\/index.php\/2022\/05\/17\/bolsonaro-da-sinais-de-que-pode-fugir-dos-debates-na-tv\/#more-16666\" aria-label=\"More on Bolsonaro d\u00e1 sinais de que pode fugir dos debates na TV\">Leia mais<\/a><\/p>\n","protected":false},"author":2,"featured_media":16667,"comment_status":"open","ping_status":"open","sticky":false,"template":"","format":"standard","meta":{"footnotes":""},"categories":[25],"tags":[],"class_list":["post-16666","post","type-post","status-publish","format-standard","has-post-thumbnail","hentry","category-destaque","resize-featured-image"],"_links":{"self":[{"href":"https:\/\/blogdojuniorcavalcanti.com.br\/index.php\/wp-json\/wp\/v2\/posts\/16666","targetHints":{"allow":["GET"]}}],"collection":[{"href":"https:\/\/blogdojuniorcavalcanti.com.br\/index.php\/wp-json\/wp\/v2\/posts"}],"about":[{"href":"https:\/\/blogdojuniorcavalcanti.com.br\/index.php\/wp-json\/wp\/v2\/types\/post"}],"author":[{"embeddable":true,"href":"https:\/\/blogdojuniorcavalcanti.com.br\/index.php\/wp-json\/wp\/v2\/users\/2"}],"replies":[{"embeddable":true,"href":"https:\/\/blogdojuniorcavalcanti.com.br\/index.php\/wp-json\/wp\/v2\/comments?post=16666"}],"version-history":[{"count":1,"href":"https:\/\/blogdojuniorcavalcanti.com.br\/index.php\/wp-json\/wp\/v2\/posts\/16666\/revisions"}],"predecessor-version":[{"id":16668,"href":"https:\/\/blogdojuniorcavalcanti.com.br\/index.php\/wp-json\/wp\/v2\/posts\/16666\/revisions\/16668"}],"wp:featuredmedia":[{"embeddable":true,"href":"https:\/\/blogdojuniorcavalcanti.com.br\/index.php\/wp-json\/wp\/v2\/media\/16667"}],"wp:attachment":[{"href":"https:\/\/blogdojuniorcavalcanti.com.br\/index.php\/wp-json\/wp\/v2\/media?parent=16666"}],"wp:term":[{"taxonomy":"category","embeddable":true,"href":"https:\/\/blogdojuniorcavalcanti.com.br\/index.php\/wp-json\/wp\/v2\/categories?post=16666"},{"taxonomy":"post_tag","embeddable":true,"href":"https:\/\/blogdojuniorcavalcanti.com.br\/index.php\/wp-json\/wp\/v2\/tags?post=16666"}],"curies":[{"name":"wp","href":"https:\/\/api.w.org\/{rel}","templated":true}]}}