{"id":16802,"date":"2022-05-21T04:47:27","date_gmt":"2022-05-21T07:47:27","guid":{"rendered":"https:\/\/blogdojuniorcavalcanti.com.br\/?p=16802"},"modified":"2022-05-21T04:47:27","modified_gmt":"2022-05-21T07:47:27","slug":"armadinho-declara-apoio-a-pre-candidatura-de-andre-de-paula-ao-senado","status":"publish","type":"post","link":"https:\/\/blogdojuniorcavalcanti.com.br\/index.php\/2022\/05\/21\/armadinho-declara-apoio-a-pre-candidatura-de-andre-de-paula-ao-senado\/","title":{"rendered":"Armadinho declara apoio a pr\u00e9-candidatura de Andr\u00e9 de Paula ao Senado"},"content":{"rendered":"<p style=\"text-align: justify;\"><span style=\"font-size: 14pt;\"><b><a href=\"https:\/\/nilljunior.com.br\/wp-content\/uploads\/2022\/05\/Andre_de_Paula-Armadinho.jpg\"><img fetchpriority=\"high\" decoding=\"async\" class=\"alignleft wp-image-231299 jetpack-lazy-image jetpack-lazy-image--handled\" src=\"https:\/\/nilljunior.com.br\/wp-content\/uploads\/2022\/05\/Andre_de_Paula-Armadinho.jpg\" sizes=\"(max-width: 400px) 100vw, 400px\" srcset=\"https:\/\/nilljunior.com.br\/wp-content\/uploads\/2022\/05\/Andre_de_Paula-Armadinho.jpg 400w, https:\/\/nilljunior.com.br\/wp-content\/uploads\/2022\/05\/Andre_de_Paula-Armadinho-150x100.jpg 150w, https:\/\/nilljunior.com.br\/wp-content\/uploads\/2022\/05\/Andre_de_Paula-Armadinho-300x200.jpg 300w\" alt=\"\" width=\"400\" height=\"266\" data-attachment-id=\"231299\" data-permalink=\"https:\/\/nilljunior.com.br\/armadinho-declara-apoio-a-pre-candidatura-de-andre-de-paula-ao-senado\/andre_de_paula-armadinho\/\" data-orig-file=\"https:\/\/nilljunior.com.br\/wp-content\/uploads\/2022\/05\/Andre_de_Paula-Armadinho.jpg\" data-orig-size=\"400,266\" data-comments-opened=\"1\" data-image-meta=\"{&quot;aperture&quot;:&quot;0&quot;,&quot;credit&quot;:&quot;&quot;,&quot;camera&quot;:&quot;&quot;,&quot;caption&quot;:&quot;&quot;,&quot;created_timestamp&quot;:&quot;0&quot;,&quot;copyright&quot;:&quot;&quot;,&quot;focal_length&quot;:&quot;0&quot;,&quot;iso&quot;:&quot;0&quot;,&quot;shutter_speed&quot;:&quot;0&quot;,&quot;title&quot;:&quot;&quot;,&quot;orientation&quot;:&quot;1&quot;}\" data-image-title=\"Andre_de_Paula-Armadinho\" data-image-description=\"\" data-medium-file=\"https:\/\/nilljunior.com.br\/wp-content\/uploads\/2022\/05\/Andre_de_Paula-Armadinho-300x200.jpg\" data-large-file=\"https:\/\/nilljunior.com.br\/wp-content\/uploads\/2022\/05\/Andre_de_Paula-Armadinho.jpg\" data-lazy-loaded=\"1\" \/><\/a><span style=\"font-family: arial, helvetica, sans-serif;\">Por Andr\u00e9 Luis<\/span><\/b><\/span><\/p>\n<p style=\"text-align: justify;\"><span style=\"font-size: 14pt; font-family: arial, helvetica, sans-serif;\">O pr\u00e9-candidato a deputado estadual Armandinho (SD), o Armadinho da banda Ful\u00f4 de Mandacaru, usou as suas redes sociais nesta sexta-feira para divulgar o seu apoio ao deputado federal e pr\u00e9-candidato ao Senado Andr\u00e9 de Paula (PSD).<\/span><\/p>\n<p style=\"text-align: justify;\"><span style=\"font-size: 14pt; font-family: arial, helvetica, sans-serif;\">Em v\u00eddeo onde aparece ao lado de Andr\u00e9 na sede do Partido Social Democr\u00e1tico \u2013 PSD, Armandinho, que tem base eleitoral em Caruaru a regi\u00e3o do Agreste de Pernambuco, ratificou o seu apoio ao pr\u00e9-candidato a senador.<\/span><\/p>\n<p style=\"text-align: justify;\"><span style=\"font-size: 14pt; font-family: arial, helvetica, sans-serif;\">\u201cNosso compromisso para o Senado Federal ser\u00e1 com o amigo Andr\u00e9 de Paula. Andr\u00e9 tem a experi\u00eancia e credibilidade para contribuir no projeto liderado pela nossa futura Governadora Mar\u00edlia Arraes. Vamos juntos pela transforma\u00e7\u00e3o social do povo pernambucano\u201d escreveu Armadinho na legenda do v\u00eddeo.<\/span><\/p>\n","protected":false},"excerpt":{"rendered":"<p>Por Andr&eacute; Luis O pr&eacute;-candidato a deputado estadual Armandinho (SD), o Armadinho da banda Ful&ocirc; de Mandacaru, usou as suas redes sociais nesta sexta-feira para divulgar o seu apoio ao deputado federal e pr&eacute;-candidato ao Senado Andr&eacute; de Paula (PSD). Em v&iacute;deo onde aparece ao lado de Andr&eacute; na sede do Partido Social Democr&aacute;tico &ndash; PSD, Armandinho, que tem base eleitoral em Caruaru a regi&atilde;o do Agreste de Pernambuco, ratificou o seu apoio ao pr&eacute;-candidato a senador. &ldquo;Nosso compromisso para o Senado Federal ser&aacute; com o amigo Andr&eacute; de Paula. Andr&eacute; tem a experi&ecirc;ncia e credibilidade para contribuir no projeto &#8230; <\/p>\n<p class=\"read-more-container\"><a title=\"Armadinho declara apoio a pr\u00e9-candidatura de Andr\u00e9 de Paula ao Senado\" class=\"read-more button\" href=\"https:\/\/blogdojuniorcavalcanti.com.br\/index.php\/2022\/05\/21\/armadinho-declara-apoio-a-pre-candidatura-de-andre-de-paula-ao-senado\/#more-16802\" aria-label=\"More on Armadinho declara apoio a pr\u00e9-candidatura de Andr\u00e9 de Paula ao Senado\">Leia mais<\/a><\/p>\n","protected":false},"author":2,"featured_media":0,"comment_status":"open","ping_status":"open","sticky":false,"template":"","format":"standard","meta":{"footnotes":""},"categories":[27],"tags":[],"class_list":["post-16802","post","type-post","status-publish","format-standard","hentry","category-politica"],"_links":{"self":[{"href":"https:\/\/blogdojuniorcavalcanti.com.br\/index.php\/wp-json\/wp\/v2\/posts\/16802","targetHints":{"allow":["GET"]}}],"collection":[{"href":"https:\/\/blogdojuniorcavalcanti.com.br\/index.php\/wp-json\/wp\/v2\/posts"}],"about":[{"href":"https:\/\/blogdojuniorcavalcanti.com.br\/index.php\/wp-json\/wp\/v2\/types\/post"}],"author":[{"embeddable":true,"href":"https:\/\/blogdojuniorcavalcanti.com.br\/index.php\/wp-json\/wp\/v2\/users\/2"}],"replies":[{"embeddable":true,"href":"https:\/\/blogdojuniorcavalcanti.com.br\/index.php\/wp-json\/wp\/v2\/comments?post=16802"}],"version-history":[{"count":1,"href":"https:\/\/blogdojuniorcavalcanti.com.br\/index.php\/wp-json\/wp\/v2\/posts\/16802\/revisions"}],"predecessor-version":[{"id":16803,"href":"https:\/\/blogdojuniorcavalcanti.com.br\/index.php\/wp-json\/wp\/v2\/posts\/16802\/revisions\/16803"}],"wp:attachment":[{"href":"https:\/\/blogdojuniorcavalcanti.com.br\/index.php\/wp-json\/wp\/v2\/media?parent=16802"}],"wp:term":[{"taxonomy":"category","embeddable":true,"href":"https:\/\/blogdojuniorcavalcanti.com.br\/index.php\/wp-json\/wp\/v2\/categories?post=16802"},{"taxonomy":"post_tag","embeddable":true,"href":"https:\/\/blogdojuniorcavalcanti.com.br\/index.php\/wp-json\/wp\/v2\/tags?post=16802"}],"curies":[{"name":"wp","href":"https:\/\/api.w.org\/{rel}","templated":true}]}}