{"id":16957,"date":"2022-05-28T05:20:09","date_gmt":"2022-05-28T08:20:09","guid":{"rendered":"https:\/\/blogdojuniorcavalcanti.com.br\/?p=16957"},"modified":"2022-05-28T05:20:09","modified_gmt":"2022-05-28T08:20:09","slug":"governo-de-pernambuco-reforca-atencao-para-chuvas-no-final-de-semana","status":"publish","type":"post","link":"https:\/\/blogdojuniorcavalcanti.com.br\/index.php\/2022\/05\/28\/governo-de-pernambuco-reforca-atencao-para-chuvas-no-final-de-semana\/","title":{"rendered":"Governo de Pernambuco refor\u00e7a aten\u00e7\u00e3o para chuvas no final de semana"},"content":{"rendered":"<p style=\"text-align: justify;\"><span style=\"font-size: 14pt;\"><span style=\"font-family: arial, helvetica, sans-serif;\">Diante da confirma\u00e7\u00e3o da Ag\u00eancia Pernambucana de \u00c1guas e Clima \u2013 APAC, de que a previs\u00e3o para o final de semana ser\u00e1 de muita chuva na Regi\u00e3o Metropolitana do Recife, Agreste e Zona da Mata Norte e Sul, a Defesa Civil do Estado refor\u00e7a a import\u00e2ncia da popula\u00e7\u00e3o permanecer em alerta, sobretudo nas \u00e1reas de risco.<\/span><\/span><\/p>\n<p style=\"text-align: justify;\"><span style=\"font-size: 14pt; font-family: arial, helvetica, sans-serif;\">As fortes chuvas j\u00e1 deixaram os solos bastante encharcados aumentando o risco de desastres por deslizamentos e alagamentos.<\/span><\/p>\n<p style=\"text-align: justify;\"><span style=\"font-size: 14pt; font-family: arial, helvetica, sans-serif;\">A Central de Opera\u00e7\u00f5es da Codecipe recebeu dos munic\u00edpios, o registro de que 249 pessoas est\u00e3o desalojadas e 275 pessoas est\u00e3o desabrigadas. Em Olinda s\u00e3o 141 pessoas desabrigadas, em Jaboat\u00e3o dos Guararapes 42 pessoas est\u00e3o desalojadas e 94 desabrigadas, em Recife 37 pessoas est\u00e3o desalojadas, no munic\u00edpio de Palmares tr\u00eas pessoas desalojadas, em Camaragibe 32 desalojadas. Na cidade de Xex\u00e9u 51 pessoas est\u00e3o desalojadas e nove desabrigadas. Abreu e Lima tem 31 pessoas desabrigadas. S\u00e3o Jos\u00e9 da Coroa Grande tem 70 pessoas desalojadas e o Cabo de Santo Agostinho possui o registro de 14 pessoas desalojadas.<\/span><\/p>\n<p style=\"text-align: justify;\"><span style=\"font-size: 14pt; font-family: arial, helvetica, sans-serif;\">As chuvas tamb\u00e9m causaram a morte de cinco pessoas no estado. Em Olinda, tr\u00eas pessoas morreram por conta de deslizamentos de barreiras, um no C\u00f3rrego do Abacate, dois no C\u00f3rrego do Abacaxi, ambos no bairro de \u00c1guas Compridas.<\/span><\/p>\n<p style=\"text-align: justify;\"><span style=\"font-size: 14pt; font-family: arial, helvetica, sans-serif;\">Um motociclista que tentou atravessar um local alagado no bairro de Peixinhos, tamb\u00e9m em Olinda, acabou sendo arrastado pela correnteza e tamb\u00e9m faleceu. No munic\u00edpio de Jaboat\u00e3o dos Guararapes, um homem que tentou salvar um animal de estima\u00e7\u00e3o tamb\u00e9m acabou sendo arrastado pela correnteza e foi encontrado morto no bairro da Muribeca.<\/span><\/p>\n<p style=\"text-align: justify;\"><span style=\"font-size: 14pt; font-family: arial, helvetica, sans-serif;\">DER<\/span><\/p>\n<p style=\"text-align: justify;\"><span style=\"font-size: 14pt; font-family: arial, helvetica, sans-serif;\">O Departamento de Estradas de Rodagem refor\u00e7a que em virtude das chuvas que caem nas Regi\u00f5es da Zona da Mata, Metropolitana e Agreste, segue monitorando as rodovias estaduais e federais sob sua responsabilidade.<\/span><\/p>\n<p style=\"text-align: justify;\"><span style=\"font-size: 14pt; font-family: arial, helvetica, sans-serif;\">No Grande Recife, na BR-232, km 19,2, sentido Caruaru\/Recife, houve um afundamento de pista decorrente de infiltra\u00e7\u00e3o d\u2019\u00e1gua em raz\u00e3o de rompimento de um bueiro, deixando a pista com apenas uma faixa de rodagem. A equipe do DER j\u00e1 est\u00e1 no local executando o servi\u00e7o de recomposi\u00e7\u00e3o. O local encontra-se sinalizado.<\/span><\/p>\n<p style=\"text-align: justify;\"><span style=\"font-size: 14pt; font-family: arial, helvetica, sans-serif;\">O DER segue com suas equipes de prontid\u00e3o e atentas a poss\u00edveis incidentes. Aos motoristas, o \u00f3rg\u00e3o\u00a0\u00a0sugere que dirijam\u00a0\u00a0com cautela e, se poss\u00edvel, evitem seguir viagem, esta \u00e9 a atitude mais prudente e segura. Aten\u00e7\u00e3o para pistas com trechos muito molhados e com possibilidade de pontos com l\u00e2mina d\u2019\u00e1gua.<\/span><\/p>\n<p style=\"text-align: justify;\"><span style=\"font-size: 14pt; font-family: arial, helvetica, sans-serif;\">Servi\u00e7o<\/span><\/p>\n<p style=\"text-align: justify;\"><span style=\"font-size: 14pt; font-family: arial, helvetica, sans-serif;\">A Defesa Civil continuar\u00e1 em regime de prontid\u00e3o e recomenda que a popula\u00e7\u00e3o que reside nas \u00e1reas de risco, deve se manter em alerta sobretudo no per\u00edodo da noite, onde h\u00e1 maior dificuldade de visibilidade e, ao menor sinal de perigo, sair da \u00e1rea e procurar abrigar-se em um local seguro, ou casa de parente levando principalmente seus documentos pessoais.<\/span><\/p>\n<p style=\"text-align: justify;\"><span style=\"font-size: 14pt; font-family: arial, helvetica, sans-serif;\">Evitar transitar em vias alagadas, ou pontos de inunda\u00e7\u00e3o. Al\u00e9m do risco de afogamento h\u00e1 o risco de doen\u00e7as, de choques el\u00e9tricos e outros acidentes. Os animais de estima\u00e7\u00e3o tamb\u00e9m sofrem com as chuvas e alagamentos. Mantenha-os em local seguro ou garanta que eles possam sair do local de forma r\u00e1pida e segura.<\/span><\/p>\n<p style=\"text-align: justify;\"><span style=\"font-size: 14pt; font-family: arial, helvetica, sans-serif;\">Nas \u00e1reas ribeirinhas as \u00e1guas podem subir rapidamente em momentos de fortes chuvas, estejam atentos ao volume dos rios, c\u00f3rregos ou canais e em caso se observe o aumento neste volume, a orienta\u00e7\u00e3o \u00e9 sair imediatamente do local.<\/span><\/p>\n<p style=\"text-align: justify;\"><span style=\"font-size: 14pt; font-family: arial, helvetica, sans-serif;\">Em caso de ocorr\u00eancias a popula\u00e7\u00e3o pode entrar em contato com o Corpo de Bombeiros atrav\u00e9s do telefone 193, ou com a Defesa Civil de seu munic\u00edpio. Caso n\u00e3o consiga, a popula\u00e7\u00e3o pode entrar em contato com a nossa Central 24h pelos telefones 199 ou 3181-2490.<\/span><\/p>\n","protected":false},"excerpt":{"rendered":"<p>Diante da confirma&ccedil;&atilde;o da Ag&ecirc;ncia Pernambucana de &Aacute;guas e Clima &ndash; APAC, de que a previs&atilde;o para o final de semana ser&aacute; de muita chuva na Regi&atilde;o Metropolitana do Recife, Agreste e Zona da Mata Norte e Sul, a Defesa Civil do Estado refor&ccedil;a a import&acirc;ncia da popula&ccedil;&atilde;o permanecer em alerta, sobretudo nas &aacute;reas de risco. As fortes chuvas j&aacute; deixaram os solos bastante encharcados aumentando o risco de desastres por deslizamentos e alagamentos. A Central de Opera&ccedil;&otilde;es da Codecipe recebeu dos munic&iacute;pios, o registro de que 249 pessoas est&atilde;o desalojadas e 275 pessoas est&atilde;o desabrigadas. Em Olinda s&atilde;o 141 &#8230; <\/p>\n<p class=\"read-more-container\"><a title=\"Governo de Pernambuco refor\u00e7a aten\u00e7\u00e3o para chuvas no final de semana\" class=\"read-more button\" href=\"https:\/\/blogdojuniorcavalcanti.com.br\/index.php\/2022\/05\/28\/governo-de-pernambuco-reforca-atencao-para-chuvas-no-final-de-semana\/#more-16957\" aria-label=\"More on Governo de Pernambuco refor\u00e7a aten\u00e7\u00e3o para chuvas no final de semana\">Leia mais<\/a><\/p>\n","protected":false},"author":2,"featured_media":16958,"comment_status":"open","ping_status":"open","sticky":false,"template":"","format":"standard","meta":{"footnotes":""},"categories":[25],"tags":[],"class_list":["post-16957","post","type-post","status-publish","format-standard","has-post-thumbnail","hentry","category-destaque","resize-featured-image"],"_links":{"self":[{"href":"https:\/\/blogdojuniorcavalcanti.com.br\/index.php\/wp-json\/wp\/v2\/posts\/16957","targetHints":{"allow":["GET"]}}],"collection":[{"href":"https:\/\/blogdojuniorcavalcanti.com.br\/index.php\/wp-json\/wp\/v2\/posts"}],"about":[{"href":"https:\/\/blogdojuniorcavalcanti.com.br\/index.php\/wp-json\/wp\/v2\/types\/post"}],"author":[{"embeddable":true,"href":"https:\/\/blogdojuniorcavalcanti.com.br\/index.php\/wp-json\/wp\/v2\/users\/2"}],"replies":[{"embeddable":true,"href":"https:\/\/blogdojuniorcavalcanti.com.br\/index.php\/wp-json\/wp\/v2\/comments?post=16957"}],"version-history":[{"count":1,"href":"https:\/\/blogdojuniorcavalcanti.com.br\/index.php\/wp-json\/wp\/v2\/posts\/16957\/revisions"}],"predecessor-version":[{"id":16959,"href":"https:\/\/blogdojuniorcavalcanti.com.br\/index.php\/wp-json\/wp\/v2\/posts\/16957\/revisions\/16959"}],"wp:featuredmedia":[{"embeddable":true,"href":"https:\/\/blogdojuniorcavalcanti.com.br\/index.php\/wp-json\/wp\/v2\/media\/16958"}],"wp:attachment":[{"href":"https:\/\/blogdojuniorcavalcanti.com.br\/index.php\/wp-json\/wp\/v2\/media?parent=16957"}],"wp:term":[{"taxonomy":"category","embeddable":true,"href":"https:\/\/blogdojuniorcavalcanti.com.br\/index.php\/wp-json\/wp\/v2\/categories?post=16957"},{"taxonomy":"post_tag","embeddable":true,"href":"https:\/\/blogdojuniorcavalcanti.com.br\/index.php\/wp-json\/wp\/v2\/tags?post=16957"}],"curies":[{"name":"wp","href":"https:\/\/api.w.org\/{rel}","templated":true}]}}