{"id":17007,"date":"2022-05-29T16:58:48","date_gmt":"2022-05-29T19:58:48","guid":{"rendered":"https:\/\/blogdojuniorcavalcanti.com.br\/?p=17007"},"modified":"2022-05-29T16:58:48","modified_gmt":"2022-05-29T19:58:48","slug":"caso-genivaldo-prf-muda-o-tom-e-fala-em-indignacao-com-conduta-de-agentes","status":"publish","type":"post","link":"https:\/\/blogdojuniorcavalcanti.com.br\/index.php\/2022\/05\/29\/caso-genivaldo-prf-muda-o-tom-e-fala-em-indignacao-com-conduta-de-agentes\/","title":{"rendered":"Caso Genivaldo: PRF muda o tom e fala em indigna\u00e7\u00e3o com conduta de agentes"},"content":{"rendered":"<p style=\"text-align: justify;\"><span style=\"font-size: 14pt; font-family: arial, helvetica, sans-serif;\"><img fetchpriority=\"high\" decoding=\"async\" class=\"wp-image-232051 jetpack-lazy-image jetpack-lazy-image--handled alignleft\" src=\"https:\/\/nilljunior.com.br\/wp-content\/uploads\/2022\/05\/Capturar.PNGggh.png\" sizes=\"(max-width: 430px) 100vw, 430px\" srcset=\"https:\/\/nilljunior.com.br\/wp-content\/uploads\/2022\/05\/Capturar.PNGggh.png 1516w, https:\/\/nilljunior.com.br\/wp-content\/uploads\/2022\/05\/Capturar.PNGggh-300x108.png 300w, https:\/\/nilljunior.com.br\/wp-content\/uploads\/2022\/05\/Capturar.PNGggh-768x278.png 768w, https:\/\/nilljunior.com.br\/wp-content\/uploads\/2022\/05\/Capturar.PNGggh-600x217.png 600w\" alt=\"\" width=\"430\" height=\"155\" data-attachment-id=\"232051\" data-permalink=\"https:\/\/nilljunior.com.br\/caso-genivaldo-prf-muda-o-tom-e-fala-em-indignacao-com-conduta-de-agentes\/capturar-pngggh\/\" data-orig-file=\"https:\/\/nilljunior.com.br\/wp-content\/uploads\/2022\/05\/Capturar.PNGggh.png\" data-orig-size=\"1516,548\" data-comments-opened=\"1\" data-image-meta=\"{&quot;aperture&quot;:&quot;0&quot;,&quot;credit&quot;:&quot;&quot;,&quot;camera&quot;:&quot;&quot;,&quot;caption&quot;:&quot;&quot;,&quot;created_timestamp&quot;:&quot;0&quot;,&quot;copyright&quot;:&quot;&quot;,&quot;focal_length&quot;:&quot;0&quot;,&quot;iso&quot;:&quot;0&quot;,&quot;shutter_speed&quot;:&quot;0&quot;,&quot;title&quot;:&quot;&quot;,&quot;orientation&quot;:&quot;0&quot;}\" data-image-title=\"Capturar.PNGggh\" data-image-description=\"\" data-medium-file=\"https:\/\/nilljunior.com.br\/wp-content\/uploads\/2022\/05\/Capturar.PNGggh-300x108.png\" data-large-file=\"https:\/\/nilljunior.com.br\/wp-content\/uploads\/2022\/05\/Capturar.PNGggh-600x217.png\" data-lazy-loaded=\"1\" \/><img decoding=\"async\" class=\"wp-image-231770 jetpack-lazy-image jetpack-lazy-image--handled alignleft\" src=\"https:\/\/nilljunior.com.br\/wp-content\/uploads\/2022\/05\/Sem-t%C3%ADtulo-7.jpg\" sizes=\"(max-width: 430px) 100vw, 430px\" srcset=\"https:\/\/nilljunior.com.br\/wp-content\/uploads\/2022\/05\/Sem-t\u00edtulo-7.jpg 1141w, https:\/\/nilljunior.com.br\/wp-content\/uploads\/2022\/05\/Sem-t\u00edtulo-7-300x169.jpg 300w, https:\/\/nilljunior.com.br\/wp-content\/uploads\/2022\/05\/Sem-t\u00edtulo-7-768x431.jpg 768w, https:\/\/nilljunior.com.br\/wp-content\/uploads\/2022\/05\/Sem-t\u00edtulo-7-600x337.jpg 600w\" alt=\"\" width=\"430\" height=\"242\" data-attachment-id=\"231770\" data-permalink=\"https:\/\/nilljunior.com.br\/homem-morre-apos-abordagem-de-policiais-rodoviarios-federais-em-sergipe\/sem-titulo-350\/\" data-orig-file=\"https:\/\/nilljunior.com.br\/wp-content\/uploads\/2022\/05\/Sem-t\u00edtulo-7.jpg\" data-orig-size=\"1141,641\" data-comments-opened=\"1\" data-image-meta=\"{&quot;aperture&quot;:&quot;0&quot;,&quot;credit&quot;:&quot;&quot;,&quot;camera&quot;:&quot;&quot;,&quot;caption&quot;:&quot;&quot;,&quot;created_timestamp&quot;:&quot;0&quot;,&quot;copyright&quot;:&quot;&quot;,&quot;focal_length&quot;:&quot;0&quot;,&quot;iso&quot;:&quot;0&quot;,&quot;shutter_speed&quot;:&quot;0&quot;,&quot;title&quot;:&quot;&quot;,&quot;orientation&quot;:&quot;0&quot;}\" data-image-title=\"Sem t\u00edtulo\" data-image-description=\"\" data-medium-file=\"https:\/\/nilljunior.com.br\/wp-content\/uploads\/2022\/05\/Sem-t\u00edtulo-7-300x169.jpg\" data-large-file=\"https:\/\/nilljunior.com.br\/wp-content\/uploads\/2022\/05\/Sem-t\u00edtulo-7-600x337.jpg\" data-lazy-loaded=\"1\" \/><\/span><\/p>\n<p style=\"text-align: justify;\"><span style=\"font-size: 14pt; font-family: arial, helvetica, sans-serif;\">Ap\u00f3s soltar nota oficial defendendo a conduta dos agentes federais que culminou com a morte de Genivaldo de Jesus Santos, de 38 anos, em Sergipe, a Pol\u00edcia Rodovi\u00e1ria Federal se manifestou alegando indigna\u00e7\u00e3o com o ocorrido.<\/span><\/p>\n<p style=\"text-align: justify;\"><span style=\"font-size: 14pt; font-family: arial, helvetica, sans-serif;\">Em um v\u00eddeo divulgado neste s\u00e1bado (28), atrav\u00e9s\u00a0de sua coordena\u00e7\u00e3o de comunica\u00e7\u00e3o, a PRF disse que n\u00e3o compactua com as medidas adotadas por seus policiais durante a abordagem. O pronunciamento foi realizado pelo\u00a0coordenador-geral de comunica\u00e7\u00e3o institucional da PRF, Marco Territo. Ele adianta que os \u00faltimos epis\u00f3dios envolvendo a morte de dois agentes em Fortaleza e a abordagem a Genivaldo implicaram em avalia\u00e7\u00e3o interna do padr\u00e3o de abordagens da institui\u00e7\u00e3o, e que todos os agentes do pa\u00eds passar\u00e3o por procedimentos de aperfei\u00e7oamento.<\/span><\/p>\n<p style=\"text-align: justify;\"><span style=\"font-size: 14pt; font-family: arial, helvetica, sans-serif;\">\u201cAssistimos com indigna\u00e7\u00e3o aos fatos ocorridos em\u00a0Umba\u00faba\u00a0envolvendo policiais rodovi\u00e1rios federais que resultou na morte do senhor Genivaldo de Jesus Santos. Os procedimentos vistos durante a a\u00e7\u00e3o n\u00e3o est\u00e3o de acordo com as diretrizes em cursos e manuais da nossa institui\u00e7\u00e3o. A ocorr\u00eancia dessa \u00faltima quarta-feira e a\u00a0morte recente de dois PRFs no Cear\u00e1\u00a0implicou na avalia\u00e7\u00e3o interna dos padr\u00f5es de abordagens. Afirmo que j\u00e1 estamos estudando os nossos procedimentos de forma\u00e7\u00e3o de aperfei\u00e7oamento e operacionais para ajustar o que for necess\u00e1rio para prestar um servi\u00e7o de excel\u00eancia\u201d, disse Marco Territo.<\/span><\/p>\n<p style=\"text-align: justify;\"><span style=\"font-size: 14pt; font-family: arial, helvetica, sans-serif;\">O agentes envolvidos na a\u00e7\u00e3o\u00a0excessiva que levou Genivaldo a morte s\u00f3 foram afastados das fun\u00e7\u00f5es neste s\u00e1bado (28) em meio a muitos protestos e manifesta\u00e7\u00f5es de rep\u00fadio da sociedade e de diversas institui\u00e7\u00f5es democr\u00e1ticas.<\/span><\/p>\n","protected":false},"excerpt":{"rendered":"<p>Ap&oacute;s soltar nota oficial defendendo a conduta dos agentes federais que culminou com a morte de Genivaldo de Jesus Santos, de 38 anos, em Sergipe, a Pol&iacute;cia Rodovi&aacute;ria Federal se manifestou alegando indigna&ccedil;&atilde;o com o ocorrido. Em um v&iacute;deo divulgado neste s&aacute;bado (28), atrav&eacute;s&nbsp;de sua coordena&ccedil;&atilde;o de comunica&ccedil;&atilde;o, a PRF disse que n&atilde;o compactua com as medidas adotadas por seus policiais durante a abordagem. O pronunciamento foi realizado pelo&nbsp;coordenador-geral de comunica&ccedil;&atilde;o institucional da PRF, Marco Territo. Ele adianta que os &uacute;ltimos epis&oacute;dios envolvendo a morte de dois agentes em Fortaleza e a abordagem a Genivaldo implicaram em avalia&ccedil;&atilde;o interna do &#8230; <\/p>\n<p class=\"read-more-container\"><a title=\"Caso Genivaldo: PRF muda o tom e fala em indigna\u00e7\u00e3o com conduta de agentes\" class=\"read-more button\" href=\"https:\/\/blogdojuniorcavalcanti.com.br\/index.php\/2022\/05\/29\/caso-genivaldo-prf-muda-o-tom-e-fala-em-indignacao-com-conduta-de-agentes\/#more-17007\" aria-label=\"More on Caso Genivaldo: PRF muda o tom e fala em indigna\u00e7\u00e3o com conduta de agentes\">Leia mais<\/a><\/p>\n","protected":false},"author":2,"featured_media":0,"comment_status":"open","ping_status":"open","sticky":false,"template":"","format":"standard","meta":{"footnotes":""},"categories":[33],"tags":[],"class_list":["post-17007","post","type-post","status-publish","format-standard","hentry","category-brasil"],"_links":{"self":[{"href":"https:\/\/blogdojuniorcavalcanti.com.br\/index.php\/wp-json\/wp\/v2\/posts\/17007","targetHints":{"allow":["GET"]}}],"collection":[{"href":"https:\/\/blogdojuniorcavalcanti.com.br\/index.php\/wp-json\/wp\/v2\/posts"}],"about":[{"href":"https:\/\/blogdojuniorcavalcanti.com.br\/index.php\/wp-json\/wp\/v2\/types\/post"}],"author":[{"embeddable":true,"href":"https:\/\/blogdojuniorcavalcanti.com.br\/index.php\/wp-json\/wp\/v2\/users\/2"}],"replies":[{"embeddable":true,"href":"https:\/\/blogdojuniorcavalcanti.com.br\/index.php\/wp-json\/wp\/v2\/comments?post=17007"}],"version-history":[{"count":1,"href":"https:\/\/blogdojuniorcavalcanti.com.br\/index.php\/wp-json\/wp\/v2\/posts\/17007\/revisions"}],"predecessor-version":[{"id":17008,"href":"https:\/\/blogdojuniorcavalcanti.com.br\/index.php\/wp-json\/wp\/v2\/posts\/17007\/revisions\/17008"}],"wp:attachment":[{"href":"https:\/\/blogdojuniorcavalcanti.com.br\/index.php\/wp-json\/wp\/v2\/media?parent=17007"}],"wp:term":[{"taxonomy":"category","embeddable":true,"href":"https:\/\/blogdojuniorcavalcanti.com.br\/index.php\/wp-json\/wp\/v2\/categories?post=17007"},{"taxonomy":"post_tag","embeddable":true,"href":"https:\/\/blogdojuniorcavalcanti.com.br\/index.php\/wp-json\/wp\/v2\/tags?post=17007"}],"curies":[{"name":"wp","href":"https:\/\/api.w.org\/{rel}","templated":true}]}}