{"id":17017,"date":"2022-05-30T04:37:07","date_gmt":"2022-05-30T07:37:07","guid":{"rendered":"https:\/\/blogdojuniorcavalcanti.com.br\/?p=17017"},"modified":"2022-05-30T04:37:07","modified_gmt":"2022-05-30T07:37:07","slug":"no-recife-gestos-de-solidariedade-marcam-o-domingo-no-pos-chuva","status":"publish","type":"post","link":"https:\/\/blogdojuniorcavalcanti.com.br\/index.php\/2022\/05\/30\/no-recife-gestos-de-solidariedade-marcam-o-domingo-no-pos-chuva\/","title":{"rendered":"No Recife, gestos de solidariedade marcam o domingo no p\u00f3s-chuva"},"content":{"rendered":"<p dir=\"ltr\" style=\"text-align: justify;\"><span style=\"font-size: 14pt;\"><span style=\"font-family: arial, helvetica, sans-serif;\">Uma corrente solid\u00e1ria que ultrapassa divisas. Esse \u00e9 o cen\u00e1rio do domingo (29) no p\u00f3s-chuva que castigou o Recife nos \u00faltimos dias e deixou mais de dois mil desabrigados ontem. Al\u00e9m das doa\u00e7\u00f5es de pessoas f\u00edsicas, que podem ser feitas no edif\u00edcio-sede da Prefeitura, no Cais do Apolo; no S\u00edtio da Trindade, em Casa Amarela; e no Parque Dona Lindu, em Boa Viagem at\u00e9 18h, empresas da iniciativa privada e entidades, como associa\u00e7\u00f5es, ONGs e igrejas t\u00eam marcado importante presen\u00e7a solid\u00e1ria atrav\u00e9s de doa\u00e7\u00f5es de produtos e de servi\u00e7os.<\/span><\/span><\/p>\n<p dir=\"ltr\" style=\"text-align: justify;\"><span style=\"font-size: 14pt; font-family: arial, helvetica, sans-serif;\">Para os que podem promover doa\u00e7\u00f5es, os Shoppings RioMar, Tacaruna, Recife e Boa\u00a0<img fetchpriority=\"high\" decoding=\"async\" class=\"alignleft size-medium wp-image-209003\" src=\"https:\/\/blogdofinfa.com.br\/wp-content\/uploads\/2022\/05\/Dondinho.7-PCR-300x200.jpeg\" sizes=\"(max-width: 300px) 100vw, 300px\" srcset=\"https:\/\/blogdofinfa.com.br\/wp-content\/uploads\/2022\/05\/Dondinho.7-PCR-300x200.jpeg 300w, https:\/\/blogdofinfa.com.br\/wp-content\/uploads\/2022\/05\/Dondinho.7-PCR-800x533.jpeg 800w, https:\/\/blogdofinfa.com.br\/wp-content\/uploads\/2022\/05\/Dondinho.7-PCR-768x512.jpeg 768w, https:\/\/blogdofinfa.com.br\/wp-content\/uploads\/2022\/05\/Dondinho.7-PCR-1536x1023.jpeg 1536w, https:\/\/blogdofinfa.com.br\/wp-content\/uploads\/2022\/05\/Dondinho.7-PCR-75x50.jpeg 75w, https:\/\/blogdofinfa.com.br\/wp-content\/uploads\/2022\/05\/Dondinho.7-PCR.jpeg 1600w\" alt=\"\" width=\"300\" height=\"200\" \/><img decoding=\"async\" class=\"alignleft size-medium wp-image-209004\" src=\"https:\/\/blogdofinfa.com.br\/wp-content\/uploads\/2022\/05\/Dondinho-PCR-300x200.jpeg\" sizes=\"(max-width: 300px) 100vw, 300px\" srcset=\"https:\/\/blogdofinfa.com.br\/wp-content\/uploads\/2022\/05\/Dondinho-PCR-300x200.jpeg 300w, https:\/\/blogdofinfa.com.br\/wp-content\/uploads\/2022\/05\/Dondinho-PCR-800x533.jpeg 800w, https:\/\/blogdofinfa.com.br\/wp-content\/uploads\/2022\/05\/Dondinho-PCR-768x512.jpeg 768w, https:\/\/blogdofinfa.com.br\/wp-content\/uploads\/2022\/05\/Dondinho-PCR-1536x1023.jpeg 1536w, https:\/\/blogdofinfa.com.br\/wp-content\/uploads\/2022\/05\/Dondinho-PCR-75x50.jpeg 75w, https:\/\/blogdofinfa.com.br\/wp-content\/uploads\/2022\/05\/Dondinho-PCR.jpeg 1600w\" alt=\"\" width=\"300\" height=\"200\" \/>Vista passaram a contar com pontos de coleta de material para os desabrigados. Tamb\u00e9m a partir de hoje a rede Big Bompre\u00e7o passa a fazer parte dos locais de arrecada\u00e7\u00e3o de doa\u00e7\u00f5es e mantimentos e os interessados podem recorrer aos pontos de entrega sinalizados nas unidades de Casa Forte, da Avenida Caxang\u00e1, de Boa Viagem, na Avenida Recife e no Shopping Tacaruna<\/span><\/p>\n<p dir=\"ltr\" style=\"text-align: justify;\"><span style=\"font-size: 14pt; font-family: arial, helvetica, sans-serif;\">Em menos de 24 horas, a solidariedade fez com que empres\u00e1rios, entidades e iniciativa privada se unissem aos esfor\u00e7os para amparar as v\u00edtimas das chuvas que assolaram o Recife na \u00faltima semana. At\u00e9 o momento, a corrente solid\u00e1ria registra doa\u00e7\u00f5es de nove mil refei\u00e7\u00f5es atrav\u00e9s de empresas como General Foods, grupo JCPM e Cais Roof Top. Gigante no ramo de bebidas, a AmBev promoveu a doa\u00e7\u00e3o de 13 mil litros de \u00e1gua. Empresas e entidades como o Sesc, a Aeso Barros Melo, a Ferreira Costa e o Deskont\u00e3o Atacado ofereceram ve\u00edculos de grande porte para ajudar na log\u00edstica de entregas de itens como 900 colch\u00f5es, obtidos junto a diversos doadores como o Mar Hotel.<\/span><\/p>\n<p dir=\"ltr\" style=\"text-align: justify;\"><span style=\"font-size: 14pt; font-family: arial, helvetica, sans-serif;\">A ajuda tamb\u00e9m veio de fora do Estado. Os munic\u00edpios de Fortaleza e Salvador prestaram solidariedade com a doa\u00e7\u00e3o de 2 mil mantas, colch\u00f5es e colchonetes cedidos para amparar as v\u00edtimas. O transporte do material para o Recife foi feito de forma gratuita pelas empresas LATAM e Azul Linhas A\u00e9reas. O material ir\u00e1 refor\u00e7ar o acolhimento nos 35 abrigos abertos pela Prefeitura do Recife para garantir a seguran\u00e7a dos mun\u00edcipes de \u00e1reas de risco.<\/span><\/p>\n<p dir=\"ltr\" style=\"text-align: justify;\"><span style=\"font-size: 14pt; font-family: arial, helvetica, sans-serif;\">E a lista de amparo \u00e0 popula\u00e7\u00e3o n\u00e3o para de crescer. O Instituto Gerando Falc\u00f5es anunciou a doa\u00e7\u00e3o de mais de meio milh\u00e3o em cestas b\u00e1sicas digitais os grupos Raymundo da Fonte e rede Atacarejo ir\u00e3o disponibilizar produtos de limpeza. Entidades como a Abrasel e empresas como a Tutto Limp tamb\u00e9m engrossam as fileiras da solidariedade. Pessoas f\u00edsicas ou jur\u00eddicas interessadas em participar do movimento solid\u00e1rio para doa\u00e7\u00e3o de produtos ou servi\u00e7os podem entrar em contato com Central de Arrecada\u00e7\u00e3o, por meio dos n\u00fameros (81) 98791-2705 e 3355-9412 ou enviar e-mail\u00a0<a href=\"mailto:doacaorecifesolidario@gmail.com\" target=\"_blank\" rel=\"noopener noreferrer\">doacaorecifesolidario@gmail.<wbr \/>com<\/a>.<\/span><\/p>\n<p dir=\"ltr\" style=\"text-align: justify;\"><span style=\"font-size: 14pt; font-family: arial, helvetica, sans-serif;\"><strong>OCORR\u00caNCIAS<\/strong>\u00a0\u2013 A Prefeitura do Recife informa que\u00a0 2.464 pessoas encontram-se abrigadas em 39 equipamentos p\u00fablicos, sendo 24 em pr\u00e9dios do munic\u00edpio. S\u00e3o 22 desaparecidos. Foram recebidas 48 ocorr\u00eancias cr\u00edticas, com 23 bairros atingidos, sendo 43 deslizamentos de barreiras e outras demandas cr\u00edticas. A Defesa Civil informa que das 00h \u00e0s 11h deste domingo foram 103 solicita\u00e7\u00f5es, entre vistorias e solicita\u00e7\u00f5es de lonas.<\/span><\/p>\n<p dir=\"ltr\" style=\"text-align: justify;\"><span style=\"font-size: 14pt; font-family: arial, helvetica, sans-serif;\">At\u00e9 o momento, foram resgatados 33 corpos de pessoas que podem morar no Recife e que aguardam confirma\u00e7\u00e3o do Instituto de Medicina Legal (IML). Desse total, a Secretaria de Sa\u00fade do Recife j\u00e1 atestou que 14 moravam na capital pernambucana. Pelo projeto Recife Solid\u00e1rio, j\u00e1 foram entregues para os atingidos 4.004 refei\u00e7\u00f5es, 770 litros de \u00e1gua e 575 colch\u00f5es.<\/span><\/p>\n","protected":false},"excerpt":{"rendered":"<p>Uma corrente solid&aacute;ria que ultrapassa divisas. Esse &eacute; o cen&aacute;rio do domingo (29) no p&oacute;s-chuva que castigou o Recife nos &uacute;ltimos dias e deixou mais de dois mil desabrigados ontem. Al&eacute;m das doa&ccedil;&otilde;es de pessoas f&iacute;sicas, que podem ser feitas no edif&iacute;cio-sede da Prefeitura, no Cais do Apolo; no S&iacute;tio da Trindade, em Casa Amarela; e no Parque Dona Lindu, em Boa Viagem at&eacute; 18h, empresas da iniciativa privada e entidades, como associa&ccedil;&otilde;es, ONGs e igrejas t&ecirc;m marcado importante presen&ccedil;a solid&aacute;ria atrav&eacute;s de doa&ccedil;&otilde;es de produtos e de servi&ccedil;os. Para os que podem promover doa&ccedil;&otilde;es, os Shoppings RioMar, Tacaruna, Recife &#8230; <\/p>\n<p class=\"read-more-container\"><a title=\"No Recife, gestos de solidariedade marcam o domingo no p\u00f3s-chuva\" class=\"read-more button\" href=\"https:\/\/blogdojuniorcavalcanti.com.br\/index.php\/2022\/05\/30\/no-recife-gestos-de-solidariedade-marcam-o-domingo-no-pos-chuva\/#more-17017\" aria-label=\"More on No Recife, gestos de solidariedade marcam o domingo no p\u00f3s-chuva\">Leia mais<\/a><\/p>\n","protected":false},"author":2,"featured_media":17018,"comment_status":"open","ping_status":"open","sticky":false,"template":"","format":"standard","meta":{"footnotes":""},"categories":[25],"tags":[],"class_list":["post-17017","post","type-post","status-publish","format-standard","has-post-thumbnail","hentry","category-destaque","resize-featured-image"],"_links":{"self":[{"href":"https:\/\/blogdojuniorcavalcanti.com.br\/index.php\/wp-json\/wp\/v2\/posts\/17017","targetHints":{"allow":["GET"]}}],"collection":[{"href":"https:\/\/blogdojuniorcavalcanti.com.br\/index.php\/wp-json\/wp\/v2\/posts"}],"about":[{"href":"https:\/\/blogdojuniorcavalcanti.com.br\/index.php\/wp-json\/wp\/v2\/types\/post"}],"author":[{"embeddable":true,"href":"https:\/\/blogdojuniorcavalcanti.com.br\/index.php\/wp-json\/wp\/v2\/users\/2"}],"replies":[{"embeddable":true,"href":"https:\/\/blogdojuniorcavalcanti.com.br\/index.php\/wp-json\/wp\/v2\/comments?post=17017"}],"version-history":[{"count":1,"href":"https:\/\/blogdojuniorcavalcanti.com.br\/index.php\/wp-json\/wp\/v2\/posts\/17017\/revisions"}],"predecessor-version":[{"id":17019,"href":"https:\/\/blogdojuniorcavalcanti.com.br\/index.php\/wp-json\/wp\/v2\/posts\/17017\/revisions\/17019"}],"wp:featuredmedia":[{"embeddable":true,"href":"https:\/\/blogdojuniorcavalcanti.com.br\/index.php\/wp-json\/wp\/v2\/media\/17018"}],"wp:attachment":[{"href":"https:\/\/blogdojuniorcavalcanti.com.br\/index.php\/wp-json\/wp\/v2\/media?parent=17017"}],"wp:term":[{"taxonomy":"category","embeddable":true,"href":"https:\/\/blogdojuniorcavalcanti.com.br\/index.php\/wp-json\/wp\/v2\/categories?post=17017"},{"taxonomy":"post_tag","embeddable":true,"href":"https:\/\/blogdojuniorcavalcanti.com.br\/index.php\/wp-json\/wp\/v2\/tags?post=17017"}],"curies":[{"name":"wp","href":"https:\/\/api.w.org\/{rel}","templated":true}]}}