{"id":17154,"date":"2022-06-02T18:44:35","date_gmt":"2022-06-02T21:44:35","guid":{"rendered":"https:\/\/blogdojuniorcavalcanti.com.br\/?p=17154"},"modified":"2022-06-02T18:44:35","modified_gmt":"2022-06-02T21:44:35","slug":"sandrinho-avalia-pedir-emprestimo-a-cef-que-pode-variar-entre-r-30-e-r-50-milhoes","status":"publish","type":"post","link":"https:\/\/blogdojuniorcavalcanti.com.br\/index.php\/2022\/06\/02\/sandrinho-avalia-pedir-emprestimo-a-cef-que-pode-variar-entre-r-30-e-r-50-milhoes\/","title":{"rendered":"Sandrinho avalia pedir empr\u00e9stimo \u00e0 CEF que pode variar entre R$ 30 e R$ 50 milh\u00f5es"},"content":{"rendered":"<p style=\"text-align: justify;\"><span style=\"font-size: 14pt;\"><em><strong><img fetchpriority=\"high\" decoding=\"async\" class=\"alignleft wp-image-232404 jetpack-lazy-image jetpack-lazy-image--handled\" src=\"https:\/\/nilljunior.com.br\/wp-content\/uploads\/2022\/06\/Debate-04-12-18.jpeg\" sizes=\"(max-width: 400px) 100vw, 400px\" srcset=\"https:\/\/nilljunior.com.br\/wp-content\/uploads\/2022\/06\/Debate-04-12-18.jpeg 502w, https:\/\/nilljunior.com.br\/wp-content\/uploads\/2022\/06\/Debate-04-12-18-300x212.jpeg 300w\" alt=\"\" width=\"400\" height=\"282\" data-attachment-id=\"232404\" data-permalink=\"https:\/\/nilljunior.com.br\/sandrinho-avalia-pedir-emprestimo-a-cef-que-pode-variar-entre-r-30-e-r-50-milhoes\/debate-04-12-18-4\/\" data-orig-file=\"https:\/\/nilljunior.com.br\/wp-content\/uploads\/2022\/06\/Debate-04-12-18.jpeg\" data-orig-size=\"502,354\" data-comments-opened=\"1\" data-image-meta=\"{&quot;aperture&quot;:&quot;0&quot;,&quot;credit&quot;:&quot;&quot;,&quot;camera&quot;:&quot;&quot;,&quot;caption&quot;:&quot;&quot;,&quot;created_timestamp&quot;:&quot;0&quot;,&quot;copyright&quot;:&quot;&quot;,&quot;focal_length&quot;:&quot;0&quot;,&quot;iso&quot;:&quot;0&quot;,&quot;shutter_speed&quot;:&quot;0&quot;,&quot;title&quot;:&quot;&quot;,&quot;orientation&quot;:&quot;1&quot;}\" data-image-title=\"Debate-04-12-18\" data-image-description=\"\" data-medium-file=\"https:\/\/nilljunior.com.br\/wp-content\/uploads\/2022\/06\/Debate-04-12-18-300x212.jpeg\" data-large-file=\"https:\/\/nilljunior.com.br\/wp-content\/uploads\/2022\/06\/Debate-04-12-18.jpeg\" data-lazy-loaded=\"1\" \/><span style=\"font-family: arial, helvetica, sans-serif;\">Prefeito tamb\u00e9m confirmou reativa\u00e7\u00e3o da guarda municipal, que estava extinta, , concurso esse ano e projeto de municipaliza\u00e7\u00e3o do tr\u00e2nsito. Sobre pol\u00edtica, disse que Patriota \u00e9 melhor op\u00e7\u00e3o por \u201cpossibilidade real de elei\u00e7\u00e3o\u201d<\/span><\/strong><\/em><\/span><\/p>\n<p style=\"text-align: justify;\"><span style=\"font-size: 14pt; font-family: arial, helvetica, sans-serif;\">Na participa\u00e7\u00e3o no Debate das Dez, o prefeito Sandrinho Palmeira (PSB) foi direto sobre as cr\u00edticas de que teria perseguido o vereador Agnaldo Rodrigues (Canc\u00e3o) ao declarar voto em Ev\u00e2ngela Vieira.<\/span><\/p>\n<p style=\"text-align: justify;\"><span style=\"font-size: 14pt; font-family: arial, helvetica, sans-serif;\">\u201cEle decidiu n\u00e3o fazer mais parte do nosso grupo e obviamente perdeu os espa\u00e7os que tinha como aliado\u201d. Sandrinho revelou que integrar\u00e1 a coordena\u00e7\u00e3o da campanha de Jos\u00e9 Patriota para Estadual.<\/span><\/p>\n<p style=\"text-align: justify;\"><span style=\"font-size: 14pt; font-family: arial, helvetica, sans-serif;\">Perguntado se as candidaturas de Ev\u00e2ngela Vieira e Aline Mariano n\u00e3o atrapalhavam o projeto socialista, disse que elas tem direito a concorrer, mas afirmou que a popula\u00e7\u00e3o tem que julgar qual projeto realmente tem viabilidade, acusando os demais projetos de terem interesse\u00a0 local, mirando 2024 e n\u00e3o viabilidade eleitoral agora.<\/span><\/p>\n<p style=\"text-align: justify;\"><span style=\"font-size: 14pt; font-family: arial, helvetica, sans-serif;\">Na agenda administrativa, invocou uma reuni\u00e3o com o governador Paulo C\u00e2mara que, segundo ele, permitir\u00e1 entregas importantes no dia da emancipa\u00e7\u00e3o pol\u00edtica e durante o restante de seu mandato. \u201cPelo volume de obras, ter\u00edamos como entregar uma por semana at\u00e9 2023\u201d, afirmou. Uma das a\u00e7\u00f5es com apoio do Estado \u00e9 a ponte sobre o Rio Paje\u00fa, ligando Bairro S\u00e3o Crist\u00f3v\u00e3o e S\u00edtio Pacus ao Bairro S\u00e3o Francisco. O estado bancar\u00e1 100% da obra e as emendas de Gonzaga Patriota e Raul Henry ser\u00e3o direcionadas para pavimenta\u00e7\u00e3o.<\/span><\/p>\n<p style=\"text-align: justify;\"><span style=\"font-size: 14pt; font-family: arial, helvetica, sans-serif;\">Sandrinho tamb\u00e9m garantiu a realiza\u00e7\u00e3o de concurso p\u00fablico ainda este ano. Sobre municipaliza\u00e7\u00e3o do tr\u00e2nsito, disseque o projeto ser\u00e1 avaliado na pr\u00f3xima semana pela C\u00e2mara e que para isso, vai reativar a guarda municipal, extinta na gest\u00e3o Totonho. A fiscaliza\u00e7\u00e3o e orienta\u00e7\u00e3o de tr\u00e2nsito ser\u00e1 feita por guardas municipais e agentes de tr\u00e2nsito que ser\u00e3o integrados atrav\u00e9s de concurso p\u00fablico.<\/span><\/p>\n<p style=\"text-align: justify;\"><span style=\"font-size: 14pt; font-family: arial, helvetica, sans-serif;\">O prefeito tamb\u00e9m foi provocado a falar sobre um empr\u00e9stimo que estaria estudando em solicitar \u00e0 CEF. Para a opera\u00e7\u00e3o \u00e9 necess\u00e1ria a autoriza\u00e7\u00e3o da C\u00e2mara de Vereadores. Sandrinho confirmou que estuda solicitar empr\u00e9stimo junto \u00e0 CEF atrav\u00e9s do Finisa, Financiamento \u00e0 Infraestrutura e ao Saneamento voltado ao Setor P\u00fablico com processos de contrata\u00e7\u00e3o e presta\u00e7\u00e3o de contas \u00e1geis e simplificados. Munic\u00edpios, Estados e Distrito Federal.<\/span><\/p>\n<p style=\"text-align: justify;\"><span style=\"font-size: 14pt; font-family: arial, helvetica, sans-serif;\">O valor solicitado pode variar entre R$ 30 e R$ 50 milh\u00f5es. Sandrinho revelou que est\u00e1 em estudo e que o formato \u00e9 similar a um empr\u00e9stimo consignado. Ele disse que com o recurso pode investir por exemplo em uma usina de energia solar no local do lix\u00e3o, em melhorar\u00a0 a frota e outras iniciativas. \u201cCom a economia no custeio de energia e manuten\u00e7\u00e3o da frota, pagar\u00edamos o empr\u00e9stimo\u201d, revelou.<\/span><\/p>\n","protected":false},"excerpt":{"rendered":"<p>Prefeito tamb&eacute;m confirmou reativa&ccedil;&atilde;o da guarda municipal, que estava extinta, , concurso esse ano e projeto de municipaliza&ccedil;&atilde;o do tr&acirc;nsito. Sobre pol&iacute;tica, disse que Patriota &eacute; melhor op&ccedil;&atilde;o por &ldquo;possibilidade real de elei&ccedil;&atilde;o&rdquo; Na participa&ccedil;&atilde;o no Debate das Dez, o prefeito Sandrinho Palmeira (PSB) foi direto sobre as cr&iacute;ticas de que teria perseguido o vereador Agnaldo Rodrigues (Canc&atilde;o) ao declarar voto em Ev&acirc;ngela Vieira. &ldquo;Ele decidiu n&atilde;o fazer mais parte do nosso grupo e obviamente perdeu os espa&ccedil;os que tinha como aliado&rdquo;. Sandrinho revelou que integrar&aacute; a coordena&ccedil;&atilde;o da campanha de Jos&eacute; Patriota para Estadual. Perguntado se as candidaturas de &#8230; <\/p>\n<p class=\"read-more-container\"><a title=\"Sandrinho avalia pedir empr\u00e9stimo \u00e0 CEF que pode variar entre R$ 30 e R$ 50 milh\u00f5es\" class=\"read-more button\" href=\"https:\/\/blogdojuniorcavalcanti.com.br\/index.php\/2022\/06\/02\/sandrinho-avalia-pedir-emprestimo-a-cef-que-pode-variar-entre-r-30-e-r-50-milhoes\/#more-17154\" aria-label=\"More on Sandrinho avalia pedir empr\u00e9stimo \u00e0 CEF que pode variar entre R$ 30 e R$ 50 milh\u00f5es\">Leia mais<\/a><\/p>\n","protected":false},"author":2,"featured_media":0,"comment_status":"open","ping_status":"open","sticky":false,"template":"","format":"standard","meta":{"footnotes":""},"categories":[28],"tags":[],"class_list":["post-17154","post","type-post","status-publish","format-standard","hentry","category-afogados"],"_links":{"self":[{"href":"https:\/\/blogdojuniorcavalcanti.com.br\/index.php\/wp-json\/wp\/v2\/posts\/17154","targetHints":{"allow":["GET"]}}],"collection":[{"href":"https:\/\/blogdojuniorcavalcanti.com.br\/index.php\/wp-json\/wp\/v2\/posts"}],"about":[{"href":"https:\/\/blogdojuniorcavalcanti.com.br\/index.php\/wp-json\/wp\/v2\/types\/post"}],"author":[{"embeddable":true,"href":"https:\/\/blogdojuniorcavalcanti.com.br\/index.php\/wp-json\/wp\/v2\/users\/2"}],"replies":[{"embeddable":true,"href":"https:\/\/blogdojuniorcavalcanti.com.br\/index.php\/wp-json\/wp\/v2\/comments?post=17154"}],"version-history":[{"count":1,"href":"https:\/\/blogdojuniorcavalcanti.com.br\/index.php\/wp-json\/wp\/v2\/posts\/17154\/revisions"}],"predecessor-version":[{"id":17155,"href":"https:\/\/blogdojuniorcavalcanti.com.br\/index.php\/wp-json\/wp\/v2\/posts\/17154\/revisions\/17155"}],"wp:attachment":[{"href":"https:\/\/blogdojuniorcavalcanti.com.br\/index.php\/wp-json\/wp\/v2\/media?parent=17154"}],"wp:term":[{"taxonomy":"category","embeddable":true,"href":"https:\/\/blogdojuniorcavalcanti.com.br\/index.php\/wp-json\/wp\/v2\/categories?post=17154"},{"taxonomy":"post_tag","embeddable":true,"href":"https:\/\/blogdojuniorcavalcanti.com.br\/index.php\/wp-json\/wp\/v2\/tags?post=17154"}],"curies":[{"name":"wp","href":"https:\/\/api.w.org\/{rel}","templated":true}]}}