{"id":17232,"date":"2022-06-06T04:36:51","date_gmt":"2022-06-06T07:36:51","guid":{"rendered":"https:\/\/blogdojuniorcavalcanti.com.br\/?p=17232"},"modified":"2022-06-06T04:36:51","modified_gmt":"2022-06-06T07:36:51","slug":"parceria-entre-as-prefeituras-de-afogados-e-carnaiba-vai-tirar-do-papel-ponte-sobre-o-riacho-do-curral-velho","status":"publish","type":"post","link":"https:\/\/blogdojuniorcavalcanti.com.br\/index.php\/2022\/06\/06\/parceria-entre-as-prefeituras-de-afogados-e-carnaiba-vai-tirar-do-papel-ponte-sobre-o-riacho-do-curral-velho\/","title":{"rendered":"Parceria entre as Prefeituras de Afogados e Carna\u00edba vai tirar do papel ponte sobre o Riacho do Curral Velho"},"content":{"rendered":"<p style=\"text-align: justify;\"><span style=\"font-size: 14pt; font-family: arial, helvetica, sans-serif;\">A comunidade rural do Curral Velho dos Pedros, situada na divisa entre os munic\u00edpios de Afogados da Ingazeira e Carnaiba, h\u00e1 muito tempo sofre com um trecho da estrada que alaga em tempos de chuva, dificultando muito o deslocamento dos moradores.<\/span><\/p>\n<p style=\"text-align: justify;\"><span style=\"font-size: 14pt; font-family: arial, helvetica, sans-serif;\">Os Prefeitos de Afogados da Ingazeira, Sandrinho Palmeira, e Anchieta Patriota, de Carnaiba, assinaram neste final de semana a ordem de servi\u00e7o conjunta para a constru\u00e7\u00e3o de uma ponte no Curral Velho dos Pedros, comunidade situado na \u00e1rea lim\u00edtrofe dos dois munic\u00edpios. Os engenheiros avaliaram que tecnicamente uma passagem molhada n\u00e3o seria adequada para o local, tendo em vista o grande volume de \u00e1guas que se acumula em per\u00edodos de fortes chuvas. A obra est\u00e1 or\u00e7ada em 239 mil Reais, que ser\u00e3o divididos igualmente entre as Prefeituras de Afogados e Carnaiba.<\/span><\/p>\n<p style=\"text-align: justify;\"><span style=\"font-size: 14pt; font-family: arial, helvetica, sans-serif;\">Quando conclu\u00edda, a obra vai facilitar o deslocamento dos moradores do curral velho dos Pedros, mas tamb\u00e9m o tr\u00e1fego na regi\u00e3o para quem mora nas comunidades do curral Velho dos Ramos e Cai\u00e7ara, em Afogados, e nas comunidades de Riacho de col\u00f4nia, Riacho fundo, saco dos queiroz e Ibitiranga, em Carnaiba.<\/span><\/p>\n<p style=\"text-align: justify;\"><span style=\"font-size: 14pt; font-family: arial, helvetica, sans-serif;\">\u201cEsse \u00e9 um momento hist\u00f3rico em que dois Prefeitos se juntam para resolver um problema de uma comunidade que se divide entre os dois munic\u00edpios. Irmanados na busca de uma solu\u00e7\u00e3o comum, dividindo esfor\u00e7os e recursos, para ajudar os que mais precisam,\u201d avaliou o Prefeito Sandrinho Palmeira. O Prefeito de Carnaiba, Anchieta Patriota, destacou a import\u00e2ncia da uni\u00e3o, do di\u00e1logo, para que a ordem de servi\u00e7o pudesse ser assinada. \u201cVamos juntar esfor\u00e7os para que essa obra possa estar conclu\u00edda at\u00e9 setembro, de modo a melhorar a vida desses moradores, tantos dos Carnaibanos quanto dos Afogadenses,\u201d disse Anchieta Patriota.<\/span><\/p>\n<p style=\"text-align: justify;\"><span style=\"font-size: 14pt; font-family: arial, helvetica, sans-serif;\">Os dois Prefeitos tamb\u00e9m assumiram o compromisso de encaminhar a constru\u00e7\u00e3o conjunta de uma passagem molhada na \u00e1rea de liga\u00e7\u00e3o das comunidades rurais de Alto Vermelho e Ibitiranga.<\/span><\/p>\n<p style=\"text-align: justify;\"><span style=\"font-size: 14pt; font-family: arial, helvetica, sans-serif;\">Participaram da atividade, al\u00e9m dos moradores das comunidades, o Deputado Estadual Lucas Ramos; os vices Daniel Valadares e J\u00fanior de Mocinha; e os vereadores Cicero Miguel, C\u00e9sar Ten\u00f3rio, Raimundo Lima, Douglas eletricista e Erickson Torres, de Afogados; C\u00edcero Batista Isakelly Ribeiro, Alex Mendes, Ant\u00f4nio Ven\u00e2ncio, Calango e Z\u00e9 Ivan, de Carna\u00edba.<\/span><\/p>\n","protected":false},"excerpt":{"rendered":"<p>A comunidade rural do Curral Velho dos Pedros, situada na divisa entre os munic&iacute;pios de Afogados da Ingazeira e Carnaiba, h&aacute; muito tempo sofre com um trecho da estrada que alaga em tempos de chuva, dificultando muito o deslocamento dos moradores. Os Prefeitos de Afogados da Ingazeira, Sandrinho Palmeira, e Anchieta Patriota, de Carnaiba, assinaram neste final de semana a ordem de servi&ccedil;o conjunta para a constru&ccedil;&atilde;o de uma ponte no Curral Velho dos Pedros, comunidade situado na &aacute;rea lim&iacute;trofe dos dois munic&iacute;pios. Os engenheiros avaliaram que tecnicamente uma passagem molhada n&atilde;o seria adequada para o local, tendo em vista &#8230; <\/p>\n<p class=\"read-more-container\"><a title=\"Parceria entre as Prefeituras de Afogados e Carna\u00edba vai tirar do papel ponte sobre o Riacho do Curral Velho\" class=\"read-more button\" href=\"https:\/\/blogdojuniorcavalcanti.com.br\/index.php\/2022\/06\/06\/parceria-entre-as-prefeituras-de-afogados-e-carnaiba-vai-tirar-do-papel-ponte-sobre-o-riacho-do-curral-velho\/#more-17232\" aria-label=\"More on Parceria entre as Prefeituras de Afogados e Carna\u00edba vai tirar do papel ponte sobre o Riacho do Curral Velho\">Leia mais<\/a><\/p>\n","protected":false},"author":2,"featured_media":17233,"comment_status":"open","ping_status":"open","sticky":false,"template":"","format":"standard","meta":{"footnotes":""},"categories":[25],"tags":[],"class_list":["post-17232","post","type-post","status-publish","format-standard","has-post-thumbnail","hentry","category-destaque","resize-featured-image"],"_links":{"self":[{"href":"https:\/\/blogdojuniorcavalcanti.com.br\/index.php\/wp-json\/wp\/v2\/posts\/17232","targetHints":{"allow":["GET"]}}],"collection":[{"href":"https:\/\/blogdojuniorcavalcanti.com.br\/index.php\/wp-json\/wp\/v2\/posts"}],"about":[{"href":"https:\/\/blogdojuniorcavalcanti.com.br\/index.php\/wp-json\/wp\/v2\/types\/post"}],"author":[{"embeddable":true,"href":"https:\/\/blogdojuniorcavalcanti.com.br\/index.php\/wp-json\/wp\/v2\/users\/2"}],"replies":[{"embeddable":true,"href":"https:\/\/blogdojuniorcavalcanti.com.br\/index.php\/wp-json\/wp\/v2\/comments?post=17232"}],"version-history":[{"count":1,"href":"https:\/\/blogdojuniorcavalcanti.com.br\/index.php\/wp-json\/wp\/v2\/posts\/17232\/revisions"}],"predecessor-version":[{"id":17234,"href":"https:\/\/blogdojuniorcavalcanti.com.br\/index.php\/wp-json\/wp\/v2\/posts\/17232\/revisions\/17234"}],"wp:featuredmedia":[{"embeddable":true,"href":"https:\/\/blogdojuniorcavalcanti.com.br\/index.php\/wp-json\/wp\/v2\/media\/17233"}],"wp:attachment":[{"href":"https:\/\/blogdojuniorcavalcanti.com.br\/index.php\/wp-json\/wp\/v2\/media?parent=17232"}],"wp:term":[{"taxonomy":"category","embeddable":true,"href":"https:\/\/blogdojuniorcavalcanti.com.br\/index.php\/wp-json\/wp\/v2\/categories?post=17232"},{"taxonomy":"post_tag","embeddable":true,"href":"https:\/\/blogdojuniorcavalcanti.com.br\/index.php\/wp-json\/wp\/v2\/tags?post=17232"}],"curies":[{"name":"wp","href":"https:\/\/api.w.org\/{rel}","templated":true}]}}