{"id":17739,"date":"2022-06-21T04:52:07","date_gmt":"2022-06-21T07:52:07","guid":{"rendered":"https:\/\/blogdojuniorcavalcanti.com.br\/?p=17739"},"modified":"2022-06-21T04:52:47","modified_gmt":"2022-06-21T07:52:47","slug":"secretaria-confirma-recuperacao-da-pe-320-entre-afogados-e-tabira","status":"publish","type":"post","link":"https:\/\/blogdojuniorcavalcanti.com.br\/index.php\/2022\/06\/21\/secretaria-confirma-recuperacao-da-pe-320-entre-afogados-e-tabira\/","title":{"rendered":"Secret\u00e1ria confirma recupera\u00e7\u00e3o da PE 320 entre Afogados e Tabira"},"content":{"rendered":"<p style=\"text-align: justify;\"><span style=\"font-size: 14pt;\"><img fetchpriority=\"high\" decoding=\"async\" class=\"jetpack-lazy-image jetpack-lazy-image--handled alignleft wp-image-233845\" title=\"Do Blog de Nill J\u00fanior\" src=\"https:\/\/nilljunior.com.br\/wp-content\/uploads\/2022\/06\/IMG-20220620-WA0193.jpg\" sizes=\"(max-width: 400px) 100vw, 400px\" srcset=\"https:\/\/nilljunior.com.br\/wp-content\/uploads\/2022\/06\/IMG-20220620-WA0193.jpg 1280w, https:\/\/nilljunior.com.br\/wp-content\/uploads\/2022\/06\/IMG-20220620-WA0193-300x225.jpg 300w, https:\/\/nilljunior.com.br\/wp-content\/uploads\/2022\/06\/IMG-20220620-WA0193-768x576.jpg 768w, https:\/\/nilljunior.com.br\/wp-content\/uploads\/2022\/06\/IMG-20220620-WA0193-533x400.jpg 533w\" alt=\"Do Blog de Nill J\u00fanior\" width=\"400\" height=\"300\" data-attachment-id=\"233845\" data-permalink=\"https:\/\/nilljunior.com.br\/secretaria-confirma-recuperacao-da-pe-320-entre-afogados-e-tabira\/img-20220620-wa0193\/\" data-orig-file=\"https:\/\/nilljunior.com.br\/wp-content\/uploads\/2022\/06\/IMG-20220620-WA0193.jpg\" data-orig-size=\"1280,960\" data-comments-opened=\"1\" data-image-meta=\"{&quot;aperture&quot;:&quot;0&quot;,&quot;credit&quot;:&quot;&quot;,&quot;camera&quot;:&quot;&quot;,&quot;caption&quot;:&quot;&quot;,&quot;created_timestamp&quot;:&quot;0&quot;,&quot;copyright&quot;:&quot;&quot;,&quot;focal_length&quot;:&quot;0&quot;,&quot;iso&quot;:&quot;0&quot;,&quot;shutter_speed&quot;:&quot;0&quot;,&quot;title&quot;:&quot;&quot;,&quot;orientation&quot;:&quot;0&quot;}\" data-image-title=\"IMG-20220620-WA0193\" data-image-description=\"\" data-medium-file=\"https:\/\/nilljunior.com.br\/wp-content\/uploads\/2022\/06\/IMG-20220620-WA0193-300x225.jpg\" data-large-file=\"https:\/\/nilljunior.com.br\/wp-content\/uploads\/2022\/06\/IMG-20220620-WA0193-533x400.jpg\" data-lazy-loaded=\"1\" \/><span style=\"font-family: arial, helvetica, sans-serif;\">A Secret\u00e1ria de Infraestrutura do Estado,\u00a0 Fernandha Batista,\u00a0 confirmou ao blog a opera\u00e7\u00e3o de melhoria da PE 320, entre Afogados da Ingazeira e Tabira.<\/span><\/span><\/p>\n<p style=\"text-align: justify;\"><span style=\"font-size: 14pt; font-family: arial, helvetica, sans-serif;\">Neste domingo,a Coluna do Doming\u00e3o trouxe a informa\u00e7\u00e3o de que homens da Esse Engenharia foram vistos no trecho iniciando os trabalhos.<\/span><\/p>\n<p style=\"text-align: justify;\"><span style=\"font-size: 14pt; font-family: arial, helvetica, sans-serif;\">\u201cDe fato,\u00a0\u00a0iniciamos o trabalho de melhoria da PE 320.\u00a0Estamos agora entre Afogados da Ingazeira e Tabira\u201d, confirmou.<\/span><\/p>\n<p style=\"text-align: justify;\"><span style=\"font-size: 14pt; font-family: arial, helvetica, sans-serif;\">O trecho \u00e9 o mais complicado,\u00a0 com mais de cem buracos de todos os tamanhos, como denunciou em mais de uma oportunidade o blog.<\/span><\/p>\n<p style=\"text-align: justify;\"><span style=\"font-size: 14pt; font-family: arial, helvetica, sans-serif;\">A PE 320 \u00e9 a espinha dorsal do Paje\u00fa,\u00a0 entre S\u00e3o Jos\u00e9 do Egito e a liga\u00e7\u00e3o com a BR 232, em Serra Talhada. Foi entregue recapeada ainda na gest\u00e3o Eduardo Campos e j\u00e1 sinalizava necessidade de melhorias.<\/span><\/p>\n","protected":false},"excerpt":{"rendered":"<p>A Secret&aacute;ria de Infraestrutura do Estado,&nbsp; Fernandha Batista,&nbsp; confirmou ao blog a opera&ccedil;&atilde;o de melhoria da PE 320, entre Afogados da Ingazeira e Tabira. Neste domingo,a Coluna do Doming&atilde;o trouxe a informa&ccedil;&atilde;o de que homens da Esse Engenharia foram vistos no trecho iniciando os trabalhos. &ldquo;De fato,&nbsp;&nbsp;iniciamos o trabalho de melhoria da PE 320.&nbsp;Estamos agora entre Afogados da Ingazeira e Tabira&rdquo;, confirmou. O trecho &eacute; o mais complicado,&nbsp; com mais de cem buracos de todos os tamanhos, como denunciou em mais de uma oportunidade o blog. A PE 320 &eacute; a espinha dorsal do Paje&uacute;,&nbsp; entre S&atilde;o Jos&eacute; do Egito &#8230; <\/p>\n<p class=\"read-more-container\"><a title=\"Secret\u00e1ria confirma recupera\u00e7\u00e3o da PE 320 entre Afogados e Tabira\" class=\"read-more button\" href=\"https:\/\/blogdojuniorcavalcanti.com.br\/index.php\/2022\/06\/21\/secretaria-confirma-recuperacao-da-pe-320-entre-afogados-e-tabira\/#more-17739\" aria-label=\"More on Secret\u00e1ria confirma recupera\u00e7\u00e3o da PE 320 entre Afogados e Tabira\">Leia mais<\/a><\/p>\n","protected":false},"author":2,"featured_media":0,"comment_status":"open","ping_status":"open","sticky":false,"template":"","format":"standard","meta":{"footnotes":""},"categories":[30],"tags":[],"class_list":["post-17739","post","type-post","status-publish","format-standard","hentry","category-regional"],"_links":{"self":[{"href":"https:\/\/blogdojuniorcavalcanti.com.br\/index.php\/wp-json\/wp\/v2\/posts\/17739","targetHints":{"allow":["GET"]}}],"collection":[{"href":"https:\/\/blogdojuniorcavalcanti.com.br\/index.php\/wp-json\/wp\/v2\/posts"}],"about":[{"href":"https:\/\/blogdojuniorcavalcanti.com.br\/index.php\/wp-json\/wp\/v2\/types\/post"}],"author":[{"embeddable":true,"href":"https:\/\/blogdojuniorcavalcanti.com.br\/index.php\/wp-json\/wp\/v2\/users\/2"}],"replies":[{"embeddable":true,"href":"https:\/\/blogdojuniorcavalcanti.com.br\/index.php\/wp-json\/wp\/v2\/comments?post=17739"}],"version-history":[{"count":2,"href":"https:\/\/blogdojuniorcavalcanti.com.br\/index.php\/wp-json\/wp\/v2\/posts\/17739\/revisions"}],"predecessor-version":[{"id":17741,"href":"https:\/\/blogdojuniorcavalcanti.com.br\/index.php\/wp-json\/wp\/v2\/posts\/17739\/revisions\/17741"}],"wp:attachment":[{"href":"https:\/\/blogdojuniorcavalcanti.com.br\/index.php\/wp-json\/wp\/v2\/media?parent=17739"}],"wp:term":[{"taxonomy":"category","embeddable":true,"href":"https:\/\/blogdojuniorcavalcanti.com.br\/index.php\/wp-json\/wp\/v2\/categories?post=17739"},{"taxonomy":"post_tag","embeddable":true,"href":"https:\/\/blogdojuniorcavalcanti.com.br\/index.php\/wp-json\/wp\/v2\/tags?post=17739"}],"curies":[{"name":"wp","href":"https:\/\/api.w.org\/{rel}","templated":true}]}}