{"id":17897,"date":"2022-06-27T04:47:11","date_gmt":"2022-06-27T07:47:11","guid":{"rendered":"https:\/\/blogdojuniorcavalcanti.com.br\/?p=17897"},"modified":"2022-06-27T04:47:11","modified_gmt":"2022-06-27T07:47:11","slug":"ex-presidente-da-petrobras-diz-que-celular-tinha-mensagens-que-incriminam-bolsonaro","status":"publish","type":"post","link":"https:\/\/blogdojuniorcavalcanti.com.br\/index.php\/2022\/06\/27\/ex-presidente-da-petrobras-diz-que-celular-tinha-mensagens-que-incriminam-bolsonaro\/","title":{"rendered":"Ex-presidente da Petrobras diz que celular tinha mensagens que incriminam Bolsonaro"},"content":{"rendered":"<p style=\"text-align: justify;\"><span style=\"font-size: 14pt; font-family: arial, helvetica, sans-serif;\"><img fetchpriority=\"high\" decoding=\"async\" class=\"shrinkToFit alignleft\" src=\"https:\/\/uploads.metropoles.com\/wp-content\/uploads\/2022\/06\/26174925\/WhatsApp-Image-2022-06-26-at-17.39.36-1-1024x976.jpeg\" alt=\"https:\/\/uploads.metropoles.com\/wp-content\/uploads\/2022\/06\/26174925\/WhatsApp-Image-2022-06-26-at-17.39.36-1-1024x976.jpeg\" width=\"364\" height=\"347\" \/><\/span><\/p>\n<p style=\"text-align: justify;\"><span style=\"font-size: 14pt; font-family: arial, helvetica, sans-serif;\">Portal Metr\u00f3poles<\/span><\/p>\n<p style=\"text-align: justify;\"><span style=\"font-size: 14pt; font-family: arial, helvetica, sans-serif;\">Durante uma discuss\u00e3o em um grupo de economistas, o ex-presidente da Petrobras Roberto Castello Branco afirmou que devolveu seu celular corporativo \u00e0 estatal, ao deixar o comando da empresa, com material que, segundo ele, poderia incriminar o presidente Jair Bolsonaro (PL).<\/span><\/p>\n<p style=\"text-align: justify;\"><span style=\"font-size: 14pt; font-family: arial, helvetica, sans-serif;\">Castello Branco debatia com Rubem Novaes, ex-presidente do Banco do Brasil, sobre a eleva\u00e7\u00e3o do pre\u00e7o dos combust\u00edveis. Novaes ent\u00e3o diz que o colega economista \u2013 primeiro presidente da Petrobras na gest\u00e3o de Bolsonaro, indicado pelo ministro da Economia, Paulo Guedes \u2013 ataca a atual gest\u00e3o do governo federal.<\/span><\/p>\n<p style=\"text-align: justify;\"><span style=\"font-size: 14pt; font-family: arial, helvetica, sans-serif;\">\u201cSe eu quisesse atacar o Bolsonaro n\u00e3o foi e n\u00e3o \u00e9 por falta de oportunidade (sic). Toda vez que ele produz uma crise, com perdas de bilh\u00f5es de d\u00f3lares para seus acionistas, sou insistentemente convidado pela m\u00eddia para dar minha opini\u00e3o. N\u00e3o aceito 90% deles [dos convites] e quando falo procuro evitar ataques\u201d, retruca o ex-presidente da estatal.<\/span><\/p>\n<p style=\"text-align: justify;\"><span style=\"font-size: 14pt; font-family: arial, helvetica, sans-serif;\">A conversa ocorreu em troca de mensagens ao longo do \u00faltimo s\u00e1bado (26).<\/span><\/p>\n<p style=\"text-align: justify;\"><span style=\"font-size: 14pt; font-family: arial, helvetica, sans-serif;\">No meu celular corporativo tinha mensagens e \u00e1udios que poderiam incrimin\u00e1-lo. Fiz quest\u00e3o de devolver intacto para a Petrobras\u201d, concluiu Castello Branco, sem entrar em detalhes sobre quais crimes o presidente teria cometido e estariam registrados no aparelho.<\/span><\/p>\n<p style=\"text-align: justify;\"><span style=\"font-size: 14pt; font-family: arial, helvetica, sans-serif;\">Em outro trecho da discuss\u00e3o, Roberto Castello Branco classifica Bolsonaro como \u201cpsicopata\u201d ao relatar uma teoria conspirat\u00f3ria que teria sido dita a ele pelo chefe do Executivo federal.<\/span><\/p>\n","protected":false},"excerpt":{"rendered":"<p>Portal Metr&oacute;poles Durante uma discuss&atilde;o em um grupo de economistas, o ex-presidente da Petrobras Roberto Castello Branco afirmou que devolveu seu celular corporativo &agrave; estatal, ao deixar o comando da empresa, com material que, segundo ele, poderia incriminar o presidente Jair Bolsonaro (PL). Castello Branco debatia com Rubem Novaes, ex-presidente do Banco do Brasil, sobre a eleva&ccedil;&atilde;o do pre&ccedil;o dos combust&iacute;veis. Novaes ent&atilde;o diz que o colega economista &ndash; primeiro presidente da Petrobras na gest&atilde;o de Bolsonaro, indicado pelo ministro da Economia, Paulo Guedes &ndash; ataca a atual gest&atilde;o do governo federal. &ldquo;Se eu quisesse atacar o Bolsonaro n&atilde;o foi &#8230; <\/p>\n<p class=\"read-more-container\"><a title=\"Ex-presidente da Petrobras diz que celular tinha mensagens que incriminam Bolsonaro\" class=\"read-more button\" href=\"https:\/\/blogdojuniorcavalcanti.com.br\/index.php\/2022\/06\/27\/ex-presidente-da-petrobras-diz-que-celular-tinha-mensagens-que-incriminam-bolsonaro\/#more-17897\" aria-label=\"More on Ex-presidente da Petrobras diz que celular tinha mensagens que incriminam Bolsonaro\">Leia mais<\/a><\/p>\n","protected":false},"author":2,"featured_media":0,"comment_status":"open","ping_status":"open","sticky":false,"template":"","format":"standard","meta":{"footnotes":""},"categories":[26],"tags":[],"class_list":["post-17897","post","type-post","status-publish","format-standard","hentry","category-noticias"],"_links":{"self":[{"href":"https:\/\/blogdojuniorcavalcanti.com.br\/index.php\/wp-json\/wp\/v2\/posts\/17897","targetHints":{"allow":["GET"]}}],"collection":[{"href":"https:\/\/blogdojuniorcavalcanti.com.br\/index.php\/wp-json\/wp\/v2\/posts"}],"about":[{"href":"https:\/\/blogdojuniorcavalcanti.com.br\/index.php\/wp-json\/wp\/v2\/types\/post"}],"author":[{"embeddable":true,"href":"https:\/\/blogdojuniorcavalcanti.com.br\/index.php\/wp-json\/wp\/v2\/users\/2"}],"replies":[{"embeddable":true,"href":"https:\/\/blogdojuniorcavalcanti.com.br\/index.php\/wp-json\/wp\/v2\/comments?post=17897"}],"version-history":[{"count":1,"href":"https:\/\/blogdojuniorcavalcanti.com.br\/index.php\/wp-json\/wp\/v2\/posts\/17897\/revisions"}],"predecessor-version":[{"id":17898,"href":"https:\/\/blogdojuniorcavalcanti.com.br\/index.php\/wp-json\/wp\/v2\/posts\/17897\/revisions\/17898"}],"wp:attachment":[{"href":"https:\/\/blogdojuniorcavalcanti.com.br\/index.php\/wp-json\/wp\/v2\/media?parent=17897"}],"wp:term":[{"taxonomy":"category","embeddable":true,"href":"https:\/\/blogdojuniorcavalcanti.com.br\/index.php\/wp-json\/wp\/v2\/categories?post=17897"},{"taxonomy":"post_tag","embeddable":true,"href":"https:\/\/blogdojuniorcavalcanti.com.br\/index.php\/wp-json\/wp\/v2\/tags?post=17897"}],"curies":[{"name":"wp","href":"https:\/\/api.w.org\/{rel}","templated":true}]}}