{"id":17976,"date":"2022-06-29T10:17:20","date_gmt":"2022-06-29T13:17:20","guid":{"rendered":"https:\/\/blogdojuniorcavalcanti.com.br\/?p=17976"},"modified":"2022-06-29T10:17:20","modified_gmt":"2022-06-29T13:17:20","slug":"marilia-lidera-e-anderson-aparece-em-2o-lugar-diz-pesquisa","status":"publish","type":"post","link":"https:\/\/blogdojuniorcavalcanti.com.br\/index.php\/2022\/06\/29\/marilia-lidera-e-anderson-aparece-em-2o-lugar-diz-pesquisa\/","title":{"rendered":"Mar\u00edlia lidera e Anderson aparece em 2\u00ba lugar, diz pesquisa"},"content":{"rendered":"<p style=\"text-align: justify;\"><span style=\"font-size: 14pt;\"><img fetchpriority=\"high\" decoding=\"async\" class=\"alignleft wp-image-234440 jetpack-lazy-image jetpack-lazy-image--handled\" src=\"https:\/\/nilljunior.com.br\/wp-content\/uploads\/2022\/06\/download-2-494x400-1.jpg\" sizes=\"(max-width: 400px) 100vw, 400px\" srcset=\"https:\/\/nilljunior.com.br\/wp-content\/uploads\/2022\/06\/download-2-494x400-1.jpg 464w, https:\/\/nilljunior.com.br\/wp-content\/uploads\/2022\/06\/download-2-494x400-1-292x250.jpg 292w\" alt=\"\" width=\"400\" height=\"342\" data-attachment-id=\"234440\" data-permalink=\"https:\/\/nilljunior.com.br\/marilia-lidera-e-anderson-aparece-em-2o-lugar-diz-pesquisa\/download-2-494x400\/\" data-orig-file=\"https:\/\/nilljunior.com.br\/wp-content\/uploads\/2022\/06\/download-2-494x400-1.jpg\" data-orig-size=\"464,397\" data-comments-opened=\"1\" data-image-meta=\"{&quot;aperture&quot;:&quot;0&quot;,&quot;credit&quot;:&quot;&quot;,&quot;camera&quot;:&quot;&quot;,&quot;caption&quot;:&quot;&quot;,&quot;created_timestamp&quot;:&quot;0&quot;,&quot;copyright&quot;:&quot;&quot;,&quot;focal_length&quot;:&quot;0&quot;,&quot;iso&quot;:&quot;0&quot;,&quot;shutter_speed&quot;:&quot;0&quot;,&quot;title&quot;:&quot;&quot;,&quot;orientation&quot;:&quot;1&quot;}\" data-image-title=\"download-2-494\u00d7400\" data-image-description=\"\" data-medium-file=\"https:\/\/nilljunior.com.br\/wp-content\/uploads\/2022\/06\/download-2-494x400-1-292x250.jpg\" data-large-file=\"https:\/\/nilljunior.com.br\/wp-content\/uploads\/2022\/06\/download-2-494x400-1.jpg\" data-lazy-loaded=\"1\" \/><span style=\"font-family: arial, helvetica, sans-serif;\">A deputada Mar\u00edlia Arraes (Solidariedade) lidera as inten\u00e7\u00f5es de voto para o governo de Pernambuco, registrando 25,5% do total, de acordo com pesquisa do Instituto Potencial Intelig\u00eancia, realizada entre os dias 24 e 28 deste m\u00eas.<\/span><\/span><\/p>\n<p style=\"text-align: justify;\"><span style=\"font-size: 14pt; font-family: arial, helvetica, sans-serif;\">A surpresa \u00e9 o segundo lugar, o o ex-prefeito de Jaboat\u00e3o dos Guararapes (PE) Anderson Ferreira (PL), apoiado pelo presidente Jair Bolsonaro. Anderson tem 13,1% e Raquel Lyra (PSDB), em terceiro, soma 11,9%.<\/span><\/p>\n<p style=\"text-align: justify;\"><span style=\"font-size: 14pt; font-family: arial, helvetica, sans-serif;\">Est\u00e3o empatados Danilo Cabral (PSB), pr\u00e9-candidato oficial, e Miguel Coelho (Uni\u00e3o), com 8,6%. Os demais pretendentes n\u00e3o chegam a 1%.<\/span><\/p>\n<p style=\"text-align: justify;\"><span style=\"font-size: 14pt; font-family: arial, helvetica, sans-serif;\">Quando citados os apoiadores dos candidatos, h\u00e1 mudan\u00e7as: Mar\u00edlia cai para 20,3% se associada ao presidente do partido, Paulinho da For\u00e7a. Quando o entrevistado \u00e9 informado sobre o apoio de Bolsonaro, Anderson sobe para 16,1% e o apoio de Lula turbina Cabral para 14,8%.<\/span><\/p>\n<p style=\"text-align: justify;\"><span style=\"font-size: 14pt; font-family: arial, helvetica, sans-serif;\">Assinada pelo estat\u00edstico e cientista pol\u00edtico Zeca Martins, a pesquisa entrevistou 1.202 eleitores e foi registrada no TSE sob n\u00ba BR-08372\/22.<\/span><\/p>\n","protected":false},"excerpt":{"rendered":"<p>A deputada Mar&iacute;lia Arraes (Solidariedade) lidera as inten&ccedil;&otilde;es de voto para o governo de Pernambuco, registrando 25,5% do total, de acordo com pesquisa do Instituto Potencial Intelig&ecirc;ncia, realizada entre os dias 24 e 28 deste m&ecirc;s. A surpresa &eacute; o segundo lugar, o o ex-prefeito de Jaboat&atilde;o dos Guararapes (PE) Anderson Ferreira (PL), apoiado pelo presidente Jair Bolsonaro. Anderson tem 13,1% e Raquel Lyra (PSDB), em terceiro, soma 11,9%. Est&atilde;o empatados Danilo Cabral (PSB), pr&eacute;-candidato oficial, e Miguel Coelho (Uni&atilde;o), com 8,6%. Os demais pretendentes n&atilde;o chegam a 1%. Quando citados os apoiadores dos candidatos, h&aacute; mudan&ccedil;as: Mar&iacute;lia cai para &#8230; <\/p>\n<p class=\"read-more-container\"><a title=\"Mar\u00edlia lidera e Anderson aparece em 2\u00ba lugar, diz pesquisa\" class=\"read-more button\" href=\"https:\/\/blogdojuniorcavalcanti.com.br\/index.php\/2022\/06\/29\/marilia-lidera-e-anderson-aparece-em-2o-lugar-diz-pesquisa\/#more-17976\" aria-label=\"More on Mar\u00edlia lidera e Anderson aparece em 2\u00ba lugar, diz pesquisa\">Leia mais<\/a><\/p>\n","protected":false},"author":2,"featured_media":0,"comment_status":"open","ping_status":"open","sticky":false,"template":"","format":"standard","meta":{"footnotes":""},"categories":[27],"tags":[],"class_list":["post-17976","post","type-post","status-publish","format-standard","hentry","category-politica"],"_links":{"self":[{"href":"https:\/\/blogdojuniorcavalcanti.com.br\/index.php\/wp-json\/wp\/v2\/posts\/17976","targetHints":{"allow":["GET"]}}],"collection":[{"href":"https:\/\/blogdojuniorcavalcanti.com.br\/index.php\/wp-json\/wp\/v2\/posts"}],"about":[{"href":"https:\/\/blogdojuniorcavalcanti.com.br\/index.php\/wp-json\/wp\/v2\/types\/post"}],"author":[{"embeddable":true,"href":"https:\/\/blogdojuniorcavalcanti.com.br\/index.php\/wp-json\/wp\/v2\/users\/2"}],"replies":[{"embeddable":true,"href":"https:\/\/blogdojuniorcavalcanti.com.br\/index.php\/wp-json\/wp\/v2\/comments?post=17976"}],"version-history":[{"count":1,"href":"https:\/\/blogdojuniorcavalcanti.com.br\/index.php\/wp-json\/wp\/v2\/posts\/17976\/revisions"}],"predecessor-version":[{"id":17977,"href":"https:\/\/blogdojuniorcavalcanti.com.br\/index.php\/wp-json\/wp\/v2\/posts\/17976\/revisions\/17977"}],"wp:attachment":[{"href":"https:\/\/blogdojuniorcavalcanti.com.br\/index.php\/wp-json\/wp\/v2\/media?parent=17976"}],"wp:term":[{"taxonomy":"category","embeddable":true,"href":"https:\/\/blogdojuniorcavalcanti.com.br\/index.php\/wp-json\/wp\/v2\/categories?post=17976"},{"taxonomy":"post_tag","embeddable":true,"href":"https:\/\/blogdojuniorcavalcanti.com.br\/index.php\/wp-json\/wp\/v2\/tags?post=17976"}],"curies":[{"name":"wp","href":"https:\/\/api.w.org\/{rel}","templated":true}]}}