{"id":18294,"date":"2022-07-13T04:45:32","date_gmt":"2022-07-13T07:45:32","guid":{"rendered":"https:\/\/blogdojuniorcavalcanti.com.br\/?p=18294"},"modified":"2022-07-13T04:45:32","modified_gmt":"2022-07-13T07:45:32","slug":"confirmado-lula-dia-19-em-serra-talhada","status":"publish","type":"post","link":"https:\/\/blogdojuniorcavalcanti.com.br\/index.php\/2022\/07\/13\/confirmado-lula-dia-19-em-serra-talhada\/","title":{"rendered":"Confirmado: Lula dia 19 em Serra Talhada"},"content":{"rendered":"<p style=\"text-align: justify;\"><span style=\"font-size: 14pt; font-family: arial, helvetica, sans-serif;\">O deputado federal Carlos Veras confirmou na noite desta ter\u00e7a-feira (12) a data da agenda do ex-presidente Lula em Serra Talhada.<\/span><\/p>\n<p style=\"text-align: justify;\"><span style=\"font-size: 14pt; font-family: arial, helvetica, sans-serif;\">Lula estar\u00e1 na capital do xaxado na pr\u00f3xima ter\u00e7a-feira, 19 de julho. Ainda n\u00e3o foram divulgados detalhes da visita do petista ao Sert\u00e3o, a exemplo do hor\u00e1rio e local em que ele se encontrar\u00e1 com apoiadores.<\/span><\/p>\n<p style=\"text-align: justify;\"><span style=\"font-size: 14pt; font-family: arial, helvetica, sans-serif;\">A vinda de Lula ser\u00e1 uma oportunidade para refor\u00e7ar a pr\u00e9-candidatura da chapa da Frente Popular, encabe\u00e7ada por Danilo Cabral (PSB), pr\u00e9-candidato a governador, e Teresa Leit\u00e3o (PT), pr\u00e9-candidata ao Senado. A chapa \u00e9 apoiada pela prefeita M\u00e1rcia Conrado.<\/span><\/p>\n<p style=\"text-align: justify;\"><span style=\"font-size: 14pt; font-family: arial, helvetica, sans-serif;\">Al\u00e9m de Serra Talhada, Lula visitar\u00e1 as cidades de Garanhuns, no dia 19, e Recife, no dia 20.<\/span><\/p>\n","protected":false},"excerpt":{"rendered":"<p>O deputado federal Carlos Veras confirmou na noite desta ter&ccedil;a-feira (12) a data da agenda do ex-presidente Lula em Serra Talhada. Lula estar&aacute; na capital do xaxado na pr&oacute;xima ter&ccedil;a-feira, 19 de julho. Ainda n&atilde;o foram divulgados detalhes da visita do petista ao Sert&atilde;o, a exemplo do hor&aacute;rio e local em que ele se encontrar&aacute; com apoiadores. A vinda de Lula ser&aacute; uma oportunidade para refor&ccedil;ar a pr&eacute;-candidatura da chapa da Frente Popular, encabe&ccedil;ada por Danilo Cabral (PSB), pr&eacute;-candidato a governador, e Teresa Leit&atilde;o (PT), pr&eacute;-candidata ao Senado. A chapa &eacute; apoiada pela prefeita M&aacute;rcia Conrado. Al&eacute;m de Serra Talhada, &#8230; <\/p>\n<p class=\"read-more-container\"><a title=\"Confirmado: Lula dia 19 em Serra Talhada\" class=\"read-more button\" href=\"https:\/\/blogdojuniorcavalcanti.com.br\/index.php\/2022\/07\/13\/confirmado-lula-dia-19-em-serra-talhada\/#more-18294\" aria-label=\"More on Confirmado: Lula dia 19 em Serra Talhada\">Leia mais<\/a><\/p>\n","protected":false},"author":2,"featured_media":18295,"comment_status":"open","ping_status":"open","sticky":false,"template":"","format":"standard","meta":{"footnotes":""},"categories":[25],"tags":[],"class_list":["post-18294","post","type-post","status-publish","format-standard","has-post-thumbnail","hentry","category-destaque","resize-featured-image"],"_links":{"self":[{"href":"https:\/\/blogdojuniorcavalcanti.com.br\/index.php\/wp-json\/wp\/v2\/posts\/18294","targetHints":{"allow":["GET"]}}],"collection":[{"href":"https:\/\/blogdojuniorcavalcanti.com.br\/index.php\/wp-json\/wp\/v2\/posts"}],"about":[{"href":"https:\/\/blogdojuniorcavalcanti.com.br\/index.php\/wp-json\/wp\/v2\/types\/post"}],"author":[{"embeddable":true,"href":"https:\/\/blogdojuniorcavalcanti.com.br\/index.php\/wp-json\/wp\/v2\/users\/2"}],"replies":[{"embeddable":true,"href":"https:\/\/blogdojuniorcavalcanti.com.br\/index.php\/wp-json\/wp\/v2\/comments?post=18294"}],"version-history":[{"count":1,"href":"https:\/\/blogdojuniorcavalcanti.com.br\/index.php\/wp-json\/wp\/v2\/posts\/18294\/revisions"}],"predecessor-version":[{"id":18296,"href":"https:\/\/blogdojuniorcavalcanti.com.br\/index.php\/wp-json\/wp\/v2\/posts\/18294\/revisions\/18296"}],"wp:featuredmedia":[{"embeddable":true,"href":"https:\/\/blogdojuniorcavalcanti.com.br\/index.php\/wp-json\/wp\/v2\/media\/18295"}],"wp:attachment":[{"href":"https:\/\/blogdojuniorcavalcanti.com.br\/index.php\/wp-json\/wp\/v2\/media?parent=18294"}],"wp:term":[{"taxonomy":"category","embeddable":true,"href":"https:\/\/blogdojuniorcavalcanti.com.br\/index.php\/wp-json\/wp\/v2\/categories?post=18294"},{"taxonomy":"post_tag","embeddable":true,"href":"https:\/\/blogdojuniorcavalcanti.com.br\/index.php\/wp-json\/wp\/v2\/tags?post=18294"}],"curies":[{"name":"wp","href":"https:\/\/api.w.org\/{rel}","templated":true}]}}