{"id":18363,"date":"2022-07-15T04:54:06","date_gmt":"2022-07-15T07:54:06","guid":{"rendered":"https:\/\/blogdojuniorcavalcanti.com.br\/?p=18363"},"modified":"2022-07-15T04:54:06","modified_gmt":"2022-07-15T07:54:06","slug":"disputa-por-lula-faz-marilia-arraes-criar-o-lulometro","status":"publish","type":"post","link":"https:\/\/blogdojuniorcavalcanti.com.br\/index.php\/2022\/07\/15\/disputa-por-lula-faz-marilia-arraes-criar-o-lulometro\/","title":{"rendered":"Disputa por Lula, faz Mar\u00edlia Arraes criar o \u201clul\u00f4metro\u201d"},"content":{"rendered":"<p style=\"text-align: justify;\"><span style=\"font-size: 14pt; font-family: arial, helvetica, sans-serif;\"><img fetchpriority=\"high\" decoding=\"async\" class=\"attachment-jnews-featured-750 wp-post-image lazyautosizes lazyloaded alignleft\" src=\"https:\/\/ricardoantunes.com.br\/wp-content\/uploads\/2022\/07\/4-4-750x450.jpg\" sizes=\"770px\" srcset=\"https:\/\/ricardoantunes.com.br\/wp-content\/uploads\/2022\/07\/4-4-750x450.jpg 750w, https:\/\/ricardoantunes.com.br\/wp-content\/uploads\/2022\/07\/4-4-300x180.jpg 300w, https:\/\/ricardoantunes.com.br\/wp-content\/uploads\/2022\/07\/4-4-768x461.jpg 768w, https:\/\/ricardoantunes.com.br\/wp-content\/uploads\/2022\/07\/4-4.jpg 1000w\" alt=\"Disputa por Lula, faz Mar\u00edlia Arraes criar o \u201clul\u00f4metro\u201d\" width=\"330\" height=\"198\" data-src=\"https:\/\/ricardoantunes.com.br\/wp-content\/uploads\/2022\/07\/4-4-750x450.jpg\" data-srcset=\"https:\/\/ricardoantunes.com.br\/wp-content\/uploads\/2022\/07\/4-4-750x450.jpg 750w, https:\/\/ricardoantunes.com.br\/wp-content\/uploads\/2022\/07\/4-4-300x180.jpg 300w, https:\/\/ricardoantunes.com.br\/wp-content\/uploads\/2022\/07\/4-4-768x461.jpg 768w, https:\/\/ricardoantunes.com.br\/wp-content\/uploads\/2022\/07\/4-4.jpg 1000w\" data-sizes=\"auto\" data-expand=\"700\" \/><\/span><\/p>\n<p style=\"text-align: justify;\"><span style=\"font-size: 14pt; font-family: arial, helvetica, sans-serif;\">Apesar de ter deixado o PT em mar\u00e7o, a deputada federal Mar\u00edlia Arraes (Solidariedade) faz quest\u00e3o de empunhar a bandeira do lulismo na campanha pelo Governo de Pernambuco, mesmo que o apoio de Lula seja \u2014 ao menos, oficialmente \u2014 ao seu advers\u00e1rio, o tamb\u00e9m deputado Danilo Cabral (PSB).<\/span><\/p>\n<p style=\"text-align: justify;\"><span style=\"font-size: 14pt; font-family: arial, helvetica, sans-serif;\">Sempre que pode, a ex-petista, que lidera as pesquisas com alguma folga, tira uma lasquinha do ex-presidente, como fez nesta quarta-feira ao posar para uma foto entre Lula e o seu candidato a vice, Geraldo Alckmin, do PSB, durante um evento em Bras\u00edlia.\u00a0A disputa pelos dividendos eleitorais do presidenci\u00e1vel petista \u00e9 t\u00e3o acirrada que a pr\u00e9-candidata a governadora resolveu lan\u00e7ar um medidor do apoio a Lula: o\u00a0\u201cLul\u00f4metro\u201d.<\/span><\/p>\n<p style=\"text-align: justify;\"><span style=\"font-size: 14pt; font-family: arial, helvetica, sans-serif;\">Em um v\u00eddeo publicado nesta quarta nas redes sociais de Mar\u00edlia,\u00a0uma narradora diz que \u201cagora todo mundo diz que \u00e9 Lula\u201d. \u201cMas bora ver quem \u00e9 Lula mesmo?\u201d, questiona. Os rostos de Mar\u00edlia e de outros candidatos ao governo, Danilo Cabral, Miguel Coelho (Uni\u00e3o Brasil), Raquel Lyra (PSDB) e Anderson Ferreira (PL), aparecem lado a lado.<\/span><\/p>\n<p style=\"text-align: justify;\"><span style=\"font-size: 14pt; font-family: arial, helvetica, sans-serif;\">Mar\u00edlia ganha pontos em todos os quesitos: quem nunca votou em A\u00e9cio Neves, quem \u201cficou contra o golpe\u201d \u2014 refer\u00eancia ao impeachment de Dilma Rousseff em 2016 \u2014, quem estava com Lula mesmo quando ele foi preso, quem diz que vai votar, quem vai votar mesmo e quem sempre votou em Lula, e \u201cpra quem Lula torce de verdade\u201d.<\/span><\/p>\n<p style=\"text-align: justify;\"><span style=\"font-size: 14pt; font-family: arial, helvetica, sans-serif;\">S\u00e3o v\u00e1rias as alfinetadas ao passado recente do PSB de Cabral, que apoiou A\u00e9cio em 2016 e a queda de Dilma dois anos depois.<\/span><\/p>\n<p style=\"text-align: justify;\"><span style=\"font-size: 14pt; font-family: arial, helvetica, sans-serif;\">\u201cD\u00e1-lhe, Mar\u00edlia, campe\u00e3 de Lula em Pernambuco\u201d, conclui a narradora, enquanto uma foto da deputada sendo beijada no rosto pelo ex-presidente surge na tela.<\/span><\/p>\n","protected":false},"excerpt":{"rendered":"<p>Apesar de ter deixado o PT em mar&ccedil;o, a deputada federal Mar&iacute;lia Arraes (Solidariedade) faz quest&atilde;o de empunhar a bandeira do lulismo na campanha pelo Governo de Pernambuco, mesmo que o apoio de Lula seja &mdash; ao menos, oficialmente &mdash; ao seu advers&aacute;rio, o tamb&eacute;m deputado Danilo Cabral (PSB). Sempre que pode, a ex-petista, que lidera as pesquisas com alguma folga, tira uma lasquinha do ex-presidente, como fez nesta quarta-feira ao posar para uma foto entre Lula e o seu candidato a vice, Geraldo Alckmin, do PSB, durante um evento em Bras&iacute;lia.&nbsp;A disputa pelos dividendos eleitorais do presidenci&aacute;vel petista &eacute; &#8230; <\/p>\n<p class=\"read-more-container\"><a title=\"Disputa por Lula, faz Mar\u00edlia Arraes criar o \u201clul\u00f4metro\u201d\" class=\"read-more button\" href=\"https:\/\/blogdojuniorcavalcanti.com.br\/index.php\/2022\/07\/15\/disputa-por-lula-faz-marilia-arraes-criar-o-lulometro\/#more-18363\" aria-label=\"More on Disputa por Lula, faz Mar\u00edlia Arraes criar o \u201clul\u00f4metro\u201d\">Leia mais<\/a><\/p>\n","protected":false},"author":2,"featured_media":0,"comment_status":"open","ping_status":"open","sticky":false,"template":"","format":"standard","meta":{"footnotes":""},"categories":[27],"tags":[],"class_list":["post-18363","post","type-post","status-publish","format-standard","hentry","category-politica"],"_links":{"self":[{"href":"https:\/\/blogdojuniorcavalcanti.com.br\/index.php\/wp-json\/wp\/v2\/posts\/18363","targetHints":{"allow":["GET"]}}],"collection":[{"href":"https:\/\/blogdojuniorcavalcanti.com.br\/index.php\/wp-json\/wp\/v2\/posts"}],"about":[{"href":"https:\/\/blogdojuniorcavalcanti.com.br\/index.php\/wp-json\/wp\/v2\/types\/post"}],"author":[{"embeddable":true,"href":"https:\/\/blogdojuniorcavalcanti.com.br\/index.php\/wp-json\/wp\/v2\/users\/2"}],"replies":[{"embeddable":true,"href":"https:\/\/blogdojuniorcavalcanti.com.br\/index.php\/wp-json\/wp\/v2\/comments?post=18363"}],"version-history":[{"count":1,"href":"https:\/\/blogdojuniorcavalcanti.com.br\/index.php\/wp-json\/wp\/v2\/posts\/18363\/revisions"}],"predecessor-version":[{"id":18364,"href":"https:\/\/blogdojuniorcavalcanti.com.br\/index.php\/wp-json\/wp\/v2\/posts\/18363\/revisions\/18364"}],"wp:attachment":[{"href":"https:\/\/blogdojuniorcavalcanti.com.br\/index.php\/wp-json\/wp\/v2\/media?parent=18363"}],"wp:term":[{"taxonomy":"category","embeddable":true,"href":"https:\/\/blogdojuniorcavalcanti.com.br\/index.php\/wp-json\/wp\/v2\/categories?post=18363"},{"taxonomy":"post_tag","embeddable":true,"href":"https:\/\/blogdojuniorcavalcanti.com.br\/index.php\/wp-json\/wp\/v2\/tags?post=18363"}],"curies":[{"name":"wp","href":"https:\/\/api.w.org\/{rel}","templated":true}]}}