{"id":18383,"date":"2022-07-16T04:34:55","date_gmt":"2022-07-16T07:34:55","guid":{"rendered":"https:\/\/blogdojuniorcavalcanti.com.br\/?p=18383"},"modified":"2022-07-16T04:34:55","modified_gmt":"2022-07-16T07:34:55","slug":"agenda-de-lula-em-pernambuco-sofre-nova-mudanca","status":"publish","type":"post","link":"https:\/\/blogdojuniorcavalcanti.com.br\/index.php\/2022\/07\/16\/agenda-de-lula-em-pernambuco-sofre-nova-mudanca\/","title":{"rendered":"Agenda de Lula em Pernambuco sofre nova mudan\u00e7a"},"content":{"rendered":"<p style=\"text-align: justify;\"><span style=\"font-size: 14pt;\"><b><i><span style=\"font-family: arial, helvetica, sans-serif;\">Ex-presidente cumpre agenda no estado nos dias 20 e 21 de julho\u00a0<\/span><\/i><\/b><\/span><\/p>\n<p style=\"text-align: justify;\"><span style=\"font-size: 14pt; font-family: arial, helvetica, sans-serif;\">Acompanhado do ex-governador Geraldo Alckmin, o ex-presidente Luiz In\u00e1cio Lula da Silva estar\u00e1 em Pernambuco na pr\u00f3xima semana (quarta e quinta, 20 e 21 de julho), para encontros com movimentos populares e atos p\u00fablicos \u201cJuntos por Pernambuco e pelo Brasil\u201d. Antes a agenda estava marcada para os dias 19 e 20.<\/span><\/p>\n<p style=\"text-align: justify;\"><span style=\"font-size: 14pt; font-family: arial, helvetica, sans-serif;\">Lula passar\u00e1 por Serra Talhada, Garanhuns e Recife, ao lado dos pr\u00e9-candidatos ao governo Danilo Cabral (PSB) e ao Senado Teresa Leit\u00e3o (PT).<\/span><\/p>\n<p style=\"text-align: justify;\"><span style=\"font-size: 14pt; font-family: arial, helvetica, sans-serif;\">Na quarta-feira, o ex-presidente participa de ato p\u00fablico em Garanhuns, no fim da manh\u00e3, e em Serra Talhada, no fim da tarde.<\/span><\/p>\n<p style=\"text-align: justify;\"><span style=\"font-size: 14pt; font-family: arial, helvetica, sans-serif;\">No dia seguinte, em ato em Recife, Lula fecha a agenda no estado onde nasceu e de onde saiu aos sete anos, com a m\u00e3e dona Lindu e os irm\u00e3os, fugindo da fome.<\/span><\/p>\n<p style=\"text-align: justify;\"><span style=\"font-size: 14pt; font-family: arial, helvetica, sans-serif;\">As agendas ser\u00e3o transmitidas pelas redes sociais do ex-presidente.<\/span><\/p>\n<p style=\"text-align: justify;\"><span style=\"font-size: 14pt; font-family: arial, helvetica, sans-serif;\">Servi\u00e7o<\/span><\/p>\n<p style=\"text-align: justify;\"><span style=\"font-size: 14pt; font-family: arial, helvetica, sans-serif;\"><b>Ato p\u00fablico em Garanhuns<\/b><\/span><\/p>\n<p style=\"text-align: justify;\"><span style=\"font-size: 14pt; font-family: arial, helvetica, sans-serif;\">Dia: 20\/07<\/span><\/p>\n<p style=\"text-align: justify;\"><span style=\"font-size: 14pt; font-family: arial, helvetica, sans-serif;\">Hor\u00e1rio: A partir das 11h\u00a0<\/span><\/p>\n<p style=\"text-align: justify;\"><span style=\"font-size: 14pt; font-family: arial, helvetica, sans-serif;\">Local:\u00a0 Arena 177<\/span><\/p>\n<p style=\"text-align: justify;\"><span style=\"font-size: 14pt; font-family: arial, helvetica, sans-serif;\"><b>Ato p\u00fablico em Serra Talhada<\/b><\/span><\/p>\n<p style=\"text-align: justify;\"><span style=\"font-size: 14pt; font-family: arial, helvetica, sans-serif;\">Dia: 20\/07<\/span><\/p>\n<p style=\"text-align: justify;\"><span style=\"font-size: 14pt; font-family: arial, helvetica, sans-serif;\">Hor\u00e1rio: A partir das 17h\u00a0<\/span><\/p>\n<p style=\"text-align: justify;\"><span style=\"font-size: 14pt; font-family: arial, helvetica, sans-serif;\">Local: Antiga Esta\u00e7\u00e3o Ferrovi\u00e1ria<\/span><\/p>\n","protected":false},"excerpt":{"rendered":"<p>Ex-presidente cumpre agenda no estado nos dias 20 e 21 de julho&nbsp; Acompanhado do ex-governador Geraldo Alckmin, o ex-presidente Luiz In&aacute;cio Lula da Silva estar&aacute; em Pernambuco na pr&oacute;xima semana (quarta e quinta, 20 e 21 de julho), para encontros com movimentos populares e atos p&uacute;blicos &ldquo;Juntos por Pernambuco e pelo Brasil&rdquo;. Antes a agenda estava marcada para os dias 19 e 20. Lula passar&aacute; por Serra Talhada, Garanhuns e Recife, ao lado dos pr&eacute;-candidatos ao governo Danilo Cabral (PSB) e ao Senado Teresa Leit&atilde;o (PT). Na quarta-feira, o ex-presidente participa de ato p&uacute;blico em Garanhuns, no fim da manh&atilde;, &#8230; <\/p>\n<p class=\"read-more-container\"><a title=\"Agenda de Lula em Pernambuco sofre nova mudan\u00e7a\" class=\"read-more button\" href=\"https:\/\/blogdojuniorcavalcanti.com.br\/index.php\/2022\/07\/16\/agenda-de-lula-em-pernambuco-sofre-nova-mudanca\/#more-18383\" aria-label=\"More on Agenda de Lula em Pernambuco sofre nova mudan\u00e7a\">Leia mais<\/a><\/p>\n","protected":false},"author":2,"featured_media":18384,"comment_status":"open","ping_status":"open","sticky":false,"template":"","format":"standard","meta":{"footnotes":""},"categories":[25],"tags":[],"class_list":["post-18383","post","type-post","status-publish","format-standard","has-post-thumbnail","hentry","category-destaque","resize-featured-image"],"_links":{"self":[{"href":"https:\/\/blogdojuniorcavalcanti.com.br\/index.php\/wp-json\/wp\/v2\/posts\/18383","targetHints":{"allow":["GET"]}}],"collection":[{"href":"https:\/\/blogdojuniorcavalcanti.com.br\/index.php\/wp-json\/wp\/v2\/posts"}],"about":[{"href":"https:\/\/blogdojuniorcavalcanti.com.br\/index.php\/wp-json\/wp\/v2\/types\/post"}],"author":[{"embeddable":true,"href":"https:\/\/blogdojuniorcavalcanti.com.br\/index.php\/wp-json\/wp\/v2\/users\/2"}],"replies":[{"embeddable":true,"href":"https:\/\/blogdojuniorcavalcanti.com.br\/index.php\/wp-json\/wp\/v2\/comments?post=18383"}],"version-history":[{"count":1,"href":"https:\/\/blogdojuniorcavalcanti.com.br\/index.php\/wp-json\/wp\/v2\/posts\/18383\/revisions"}],"predecessor-version":[{"id":18385,"href":"https:\/\/blogdojuniorcavalcanti.com.br\/index.php\/wp-json\/wp\/v2\/posts\/18383\/revisions\/18385"}],"wp:featuredmedia":[{"embeddable":true,"href":"https:\/\/blogdojuniorcavalcanti.com.br\/index.php\/wp-json\/wp\/v2\/media\/18384"}],"wp:attachment":[{"href":"https:\/\/blogdojuniorcavalcanti.com.br\/index.php\/wp-json\/wp\/v2\/media?parent=18383"}],"wp:term":[{"taxonomy":"category","embeddable":true,"href":"https:\/\/blogdojuniorcavalcanti.com.br\/index.php\/wp-json\/wp\/v2\/categories?post=18383"},{"taxonomy":"post_tag","embeddable":true,"href":"https:\/\/blogdojuniorcavalcanti.com.br\/index.php\/wp-json\/wp\/v2\/tags?post=18383"}],"curies":[{"name":"wp","href":"https:\/\/api.w.org\/{rel}","templated":true}]}}