{"id":18583,"date":"2022-07-20T10:35:01","date_gmt":"2022-07-20T13:35:01","guid":{"rendered":"https:\/\/blogdojuniorcavalcanti.com.br\/?p=18583"},"modified":"2022-07-20T10:48:00","modified_gmt":"2022-07-20T13:48:00","slug":"afogados-prefeitura-esclarece-polemica-dos-onibus","status":"publish","type":"post","link":"https:\/\/blogdojuniorcavalcanti.com.br\/index.php\/2022\/07\/20\/afogados-prefeitura-esclarece-polemica-dos-onibus\/","title":{"rendered":"Afogados: Prefeitura esclarece pol\u00eamica  dos \u00f4nibus"},"content":{"rendered":"<p style=\"text-align: justify;\"><span style=\"font-size: 14pt;\"><img fetchpriority=\"high\" decoding=\"async\" class=\"alignleft wp-image-236217 jetpack-lazy-image jetpack-lazy-image--handled\" src=\"https:\/\/nilljunior.com.br\/wp-content\/uploads\/2022\/07\/comp-565x400.jpg\" sizes=\"(max-width: 400px) 100vw, 400px\" srcset=\"https:\/\/nilljunior.com.br\/wp-content\/uploads\/2022\/07\/comp-565x400.jpg 565w, https:\/\/nilljunior.com.br\/wp-content\/uploads\/2022\/07\/comp-300x213.jpg 300w, https:\/\/nilljunior.com.br\/wp-content\/uploads\/2022\/07\/comp.jpg 768w\" alt=\"\" width=\"400\" height=\"283\" data-attachment-id=\"236217\" data-permalink=\"https:\/\/nilljunior.com.br\/polemica-do-lulabus-em-afogados-prefeitura-nega-custeio-psb-diz-que-filiado-pagou-locacao\/comp\/\" data-orig-file=\"https:\/\/nilljunior.com.br\/wp-content\/uploads\/2022\/07\/comp.jpg\" data-orig-size=\"768,544\" data-comments-opened=\"1\" data-image-meta=\"{&quot;aperture&quot;:&quot;0&quot;,&quot;credit&quot;:&quot;&quot;,&quot;camera&quot;:&quot;&quot;,&quot;caption&quot;:&quot;&quot;,&quot;created_timestamp&quot;:&quot;0&quot;,&quot;copyright&quot;:&quot;&quot;,&quot;focal_length&quot;:&quot;0&quot;,&quot;iso&quot;:&quot;0&quot;,&quot;shutter_speed&quot;:&quot;0&quot;,&quot;title&quot;:&quot;&quot;,&quot;orientation&quot;:&quot;0&quot;}\" data-image-title=\"comp\" data-image-description=\"\" data-medium-file=\"https:\/\/nilljunior.com.br\/wp-content\/uploads\/2022\/07\/comp-300x213.jpg\" data-large-file=\"https:\/\/nilljunior.com.br\/wp-content\/uploads\/2022\/07\/comp-565x400.jpg\" data-lazy-loaded=\"1\" \/><span style=\"font-family: arial, helvetica, sans-serif;\">A Prefeitura de Afogados da Ingazeira emitiu nota sobre a pol\u00eamica gerada por uma fala do assessor da Defesa Civil da prefeitura de Afogados da Ingazeira,\u00a0 Alisson Lira,\u00a0 sugerindo que a prefeitura teria contratado um \u00f4nibus para levar militantes do PT a Serra Talhada para o ato com Lula.<\/span><\/span><\/p>\n<p style=\"text-align: justify;\"><span style=\"font-size: 14pt; font-family: arial, helvetica, sans-serif;\">A fala foi rebatida na oportunidade pelo pr\u00f3prio Rodrigo Lima. O blog cobrou mais informa\u00e7\u00f5es ap\u00f3s a pol\u00eamica no programa Manh\u00e3 Total. Leia nota da prefeitura:<\/span><\/p>\n<p style=\"text-align: justify;\"><span style=\"font-size: 14pt; font-family: arial, helvetica, sans-serif;\">\u201cSobre a pol\u00eamica dos \u00f4nibus, que tem tomado conta das redes sociais, a Prefeitura de Afogados da Ingazeira reitera o que foi dito pelo nosso assessor de imprensa, Rodrigo Lima, durante o debate das dez. N\u00e3o h\u00e1 de parte da Prefeitura nenhum envolvimento quanto a contrata\u00e7\u00e3o de tais \u00f4nibus. Nossa miss\u00e3o institucional \u00e9 administrar a cidade, levando obras e a\u00e7\u00f5es que\u00a0melhorem a vida dos Afogadenses, seja na cidade, seja no campo\u201d.<\/span><\/p>\n<p style=\"text-align: justify;\"><span style=\"font-size: 14pt; font-family: arial, helvetica, sans-serif;\"><strong>PSB apresenta comprovante e diz que filiado pagou loca\u00e7\u00e3o:<\/strong>\u00a0o Presidente do PSB, Raimundo Lima, emitiu nota ao blog com apresenta\u00e7\u00e3o de comprovantes dizendo que a legenda pagou a loca\u00e7\u00e3o.<\/span><\/p>\n<p style=\"text-align: justify;\"><span style=\"font-size: 14pt; font-family: arial, helvetica, sans-serif;\">\u201cEm nome do PSB, informo que os \u00f4nibus que ir\u00e3o para Serra Talhada est\u00e3o sendo custeados pelo nosso filiado Carlos Marques. Informamos tamb\u00e9m que o pagamento de atividades pol\u00edticas por pessoa f\u00edsica \u00e9 legalmente previsto pela legisla\u00e7\u00e3o eleitoral, n\u00e3o tendo nada de irregular na pr\u00e1tica. Segue em anexo as comprova\u00e7\u00f5es\u201d.<\/span><\/p>\n","protected":false},"excerpt":{"rendered":"<p>A Prefeitura de Afogados da Ingazeira emitiu nota sobre a pol&ecirc;mica gerada por uma fala do assessor da Defesa Civil da prefeitura de Afogados da Ingazeira,&nbsp; Alisson Lira,&nbsp; sugerindo que a prefeitura teria contratado um &ocirc;nibus para levar militantes do PT a Serra Talhada para o ato com Lula. A fala foi rebatida na oportunidade pelo pr&oacute;prio Rodrigo Lima. O blog cobrou mais informa&ccedil;&otilde;es ap&oacute;s a pol&ecirc;mica no programa Manh&atilde; Total. Leia nota da prefeitura: &ldquo;Sobre a pol&ecirc;mica dos &ocirc;nibus, que tem tomado conta das redes sociais, a Prefeitura de Afogados da Ingazeira reitera o que foi dito pelo nosso &#8230; <\/p>\n<p class=\"read-more-container\"><a title=\"Afogados: Prefeitura esclarece pol\u00eamica  dos \u00f4nibus\" class=\"read-more button\" href=\"https:\/\/blogdojuniorcavalcanti.com.br\/index.php\/2022\/07\/20\/afogados-prefeitura-esclarece-polemica-dos-onibus\/#more-18583\" aria-label=\"More on Afogados: Prefeitura esclarece pol\u00eamica  dos \u00f4nibus\">Leia mais<\/a><\/p>\n","protected":false},"author":2,"featured_media":0,"comment_status":"open","ping_status":"open","sticky":false,"template":"","format":"standard","meta":{"footnotes":""},"categories":[28],"tags":[],"class_list":["post-18583","post","type-post","status-publish","format-standard","hentry","category-afogados"],"_links":{"self":[{"href":"https:\/\/blogdojuniorcavalcanti.com.br\/index.php\/wp-json\/wp\/v2\/posts\/18583","targetHints":{"allow":["GET"]}}],"collection":[{"href":"https:\/\/blogdojuniorcavalcanti.com.br\/index.php\/wp-json\/wp\/v2\/posts"}],"about":[{"href":"https:\/\/blogdojuniorcavalcanti.com.br\/index.php\/wp-json\/wp\/v2\/types\/post"}],"author":[{"embeddable":true,"href":"https:\/\/blogdojuniorcavalcanti.com.br\/index.php\/wp-json\/wp\/v2\/users\/2"}],"replies":[{"embeddable":true,"href":"https:\/\/blogdojuniorcavalcanti.com.br\/index.php\/wp-json\/wp\/v2\/comments?post=18583"}],"version-history":[{"count":3,"href":"https:\/\/blogdojuniorcavalcanti.com.br\/index.php\/wp-json\/wp\/v2\/posts\/18583\/revisions"}],"predecessor-version":[{"id":18586,"href":"https:\/\/blogdojuniorcavalcanti.com.br\/index.php\/wp-json\/wp\/v2\/posts\/18583\/revisions\/18586"}],"wp:attachment":[{"href":"https:\/\/blogdojuniorcavalcanti.com.br\/index.php\/wp-json\/wp\/v2\/media?parent=18583"}],"wp:term":[{"taxonomy":"category","embeddable":true,"href":"https:\/\/blogdojuniorcavalcanti.com.br\/index.php\/wp-json\/wp\/v2\/categories?post=18583"},{"taxonomy":"post_tag","embeddable":true,"href":"https:\/\/blogdojuniorcavalcanti.com.br\/index.php\/wp-json\/wp\/v2\/tags?post=18583"}],"curies":[{"name":"wp","href":"https:\/\/api.w.org\/{rel}","templated":true}]}}