{"id":18943,"date":"2022-08-04T04:45:34","date_gmt":"2022-08-04T07:45:34","guid":{"rendered":"https:\/\/blogdojuniorcavalcanti.com.br\/?p=18943"},"modified":"2022-08-04T04:45:34","modified_gmt":"2022-08-04T07:45:34","slug":"recife-apresenta-os-projetos-vencedores-do-1o-ciclo-de-inovacao-aberta","status":"publish","type":"post","link":"https:\/\/blogdojuniorcavalcanti.com.br\/index.php\/2022\/08\/04\/recife-apresenta-os-projetos-vencedores-do-1o-ciclo-de-inovacao-aberta\/","title":{"rendered":"Recife apresenta os projetos vencedores do 1\u00ba Ciclo de Inova\u00e7\u00e3o Aberta"},"content":{"rendered":"<p dir=\"ltr\" style=\"text-align: justify;\"><span style=\"font-size: 14pt;\"><img fetchpriority=\"high\" decoding=\"async\" class=\"alignleft  wp-image-214325\" src=\"https:\/\/blogdofinfa.com.br\/wp-content\/uploads\/2022\/08\/eita04-450x600.jpeg\" sizes=\"(max-width: 350px) 100vw, 350px\" srcset=\"https:\/\/blogdofinfa.com.br\/wp-content\/uploads\/2022\/08\/eita04-450x600.jpeg 450w, https:\/\/blogdofinfa.com.br\/wp-content\/uploads\/2022\/08\/eita04-225x300.jpeg 225w, https:\/\/blogdofinfa.com.br\/wp-content\/uploads\/2022\/08\/eita04-768x1024.jpeg 768w, https:\/\/blogdofinfa.com.br\/wp-content\/uploads\/2022\/08\/eita04-1152x1536.jpeg 1152w, https:\/\/blogdofinfa.com.br\/wp-content\/uploads\/2022\/08\/eita04.jpeg 1200w\" alt=\"\" width=\"350\" height=\"467\" \/><span style=\"font-family: arial, helvetica, sans-serif;\">S\u00e3o solu\u00e7\u00f5es inovadoras voltadas para sa\u00fade, infraestrutura, esporte e\u00a0 bem-estar. A Prefeitura poder\u00e1 investir at\u00e9 R$ 4,2 milh\u00f5es para produ\u00e7\u00e3o em escala e com a possibilidade de implementa\u00e7\u00e3o em toda a cidade. Na ocasi\u00e3o, o decreto que institui a Pol\u00edtica Municipal de Inova\u00e7\u00e3o Aberta foi assinado pelo prefeito Jo\u00e3o Campos<\/span><\/span><\/p>\n<p dir=\"ltr\" style=\"text-align: justify;\"><span style=\"font-size: 14pt; font-family: arial, helvetica, sans-serif;\">Uso da tecnologia para solu\u00e7\u00f5es de desafios que os recifenses enfrentam, melhorando o servi\u00e7o p\u00fablico ofertado, como, por exemplo, pela diminui\u00e7\u00e3o do tempo de espera para realiza\u00e7\u00e3o de consultas e exames m\u00e9dicos. Com ferramentas digitais voltadas para esporte, bem-estar, sa\u00fade,\u00a0 infraestrutura e desenvolvimento social,a Prefeitura do Recife come\u00e7ou a apresentar nesta quarta-feira (03) os seis projetos vencedores do 1\u00ba Ciclo de Inova\u00e7\u00e3o Aberta. As apresenta\u00e7\u00f5es seguem com mais tr\u00eas escolhidas nesta quinta-feira (04), no mesmo local, audit\u00f3rio da Livraria Jaqueira (Bairro do Recife), a partir das 14h, Ap\u00f3s valida\u00e7\u00e3o, o investimento total ser\u00e1 de at\u00e9 R$ 4,2 milh\u00f5es para produ\u00e7\u00e3o em escala. O prefeito do Recife, Jo\u00e3o Campos, esteve presente e assinou o decreto que institui a Pol\u00edtica Municipal de Inova\u00e7\u00e3o Aberta.<\/span><\/p>\n<p dir=\"ltr\" style=\"text-align: justify;\"><span style=\"font-size: 14pt; font-family: arial, helvetica, sans-serif;\">A partir desta sexta-feira (5), as solu\u00e7\u00f5es propostas pelas startups come\u00e7am a ser colocadas em pr\u00e1tica em um ambiente reduzido durante dois meses. Com a evolu\u00e7\u00e3o das a\u00e7\u00f5es, ap\u00f3s valida\u00e7\u00e3o, os produtos ser\u00e3o acelerados e ampliados para demais regi\u00f5es da cidade.\u00a0 \u201cO Brasil inteiro t\u00e1 vindo olhar esse Ciclo de Inova\u00e7\u00e3o que o Recife est\u00e1 fazendo, porque aqui a gente j\u00e1 enxerga os resultados que vai entregar, sobretudo em uma cidade do tamanho do Recife,\u00a0 e poder traduzir isso na agenda pr\u00e1tica da cidade. Seis projetos iniciais e com a cren\u00e7a muito grande de que esse vai ser um caminho que vai crescer a cada dia. Primeiro a responsabilidade de fazer isso, segundo o reconhecimento de que os problemas da cidade n\u00e3o podem ser objetos de trabalho apenas da Prefeitura. A Prefeitura n\u00e3o deve ter nenhum constrangimento de compartilhar o problema da cidade e de chamar quem topa dar uma solu\u00e7\u00e3o para ele. O futuro da gest\u00e3o p\u00fablica, o futuro de qualquer ecossistema de gest\u00e3o, passa por isso, n\u00e3o \u00e9 s\u00f3 p\u00fablico, mas privado tamb\u00e9m\u201d, declarou o prefeito Jo\u00e3o Campos.<\/span><\/p>\n<p dir=\"ltr\" style=\"text-align: justify;\"><span style=\"font-size: 14pt; font-family: arial, helvetica, sans-serif;\"><img decoding=\"async\" class=\"alignleft  wp-image-214326\" src=\"https:\/\/blogdofinfa.com.br\/wp-content\/uploads\/2022\/08\/eita03-450x600.jpeg\" sizes=\"(max-width: 350px) 100vw, 350px\" srcset=\"https:\/\/blogdofinfa.com.br\/wp-content\/uploads\/2022\/08\/eita03-450x600.jpeg 450w, https:\/\/blogdofinfa.com.br\/wp-content\/uploads\/2022\/08\/eita03-225x300.jpeg 225w, https:\/\/blogdofinfa.com.br\/wp-content\/uploads\/2022\/08\/eita03-768x1024.jpeg 768w, https:\/\/blogdofinfa.com.br\/wp-content\/uploads\/2022\/08\/eita03-1152x1536.jpeg 1152w, https:\/\/blogdofinfa.com.br\/wp-content\/uploads\/2022\/08\/eita03.jpeg 1200w\" alt=\"\" width=\"350\" height=\"467\" \/><img decoding=\"async\" class=\"alignleft  wp-image-214327\" src=\"https:\/\/blogdofinfa.com.br\/wp-content\/uploads\/2022\/08\/eita01-450x600.jpeg\" sizes=\"(max-width: 350px) 100vw, 350px\" srcset=\"https:\/\/blogdofinfa.com.br\/wp-content\/uploads\/2022\/08\/eita01-450x600.jpeg 450w, https:\/\/blogdofinfa.com.br\/wp-content\/uploads\/2022\/08\/eita01-225x300.jpeg 225w, https:\/\/blogdofinfa.com.br\/wp-content\/uploads\/2022\/08\/eita01-768x1024.jpeg 768w, https:\/\/blogdofinfa.com.br\/wp-content\/uploads\/2022\/08\/eita01-1152x1536.jpeg 1152w, https:\/\/blogdofinfa.com.br\/wp-content\/uploads\/2022\/08\/eita01.jpeg 1200w\" alt=\"\" width=\"350\" height=\"467\" \/><img loading=\"lazy\" decoding=\"async\" class=\"alignleft  wp-image-214328\" src=\"https:\/\/blogdofinfa.com.br\/wp-content\/uploads\/2022\/08\/eita06-450x600.jpeg\" sizes=\"(max-width: 350px) 100vw, 350px\" srcset=\"https:\/\/blogdofinfa.com.br\/wp-content\/uploads\/2022\/08\/eita06-450x600.jpeg 450w, https:\/\/blogdofinfa.com.br\/wp-content\/uploads\/2022\/08\/eita06-225x300.jpeg 225w, https:\/\/blogdofinfa.com.br\/wp-content\/uploads\/2022\/08\/eita06-768x1024.jpeg 768w, https:\/\/blogdofinfa.com.br\/wp-content\/uploads\/2022\/08\/eita06-1152x1536.jpeg 1152w, https:\/\/blogdofinfa.com.br\/wp-content\/uploads\/2022\/08\/eita06.jpeg 1200w\" alt=\"\" width=\"350\" height=\"467\" \/>Recife \u00e9 a primeira cidade do Brasil a assinar seis contratos de inova\u00e7\u00e3o aberta e solu\u00e7\u00f5es tecnol\u00f3gicas com startups, tudo isso com copropriedade intelectual e apoio \u00e0s solu\u00e7\u00f5es estrat\u00e9gicas. Os tr\u00eas projetos vencedores apresentados nesta quarta-feira (3) contemplam solu\u00e7\u00f5es tecnol\u00f3gicas na \u00e1rea da sa\u00fade. No desafio de \u201cComo podemos aperfei\u00e7oar a qualidade dos encaminhamentos realizados pelos profissionais de sa\u00fade? venceram as startups Integra.ai e L.I.A.H. Elas propuseram solu\u00e7\u00f5es para o desafio de diminuir o tempo de espera em filas para consultas, exames e procedimentos regulados no SUS. Com as solu\u00e7\u00f5es propostas colocadas em pr\u00e1tica, as duas startups, que est\u00e3o na fase final, ainda v\u00e3o competir entre si, para descobrir qual das solu\u00e7\u00f5es funciona no dia a dia das unidades de sa\u00fade e de quem precisa marcar consulta e exame.<\/span><\/p>\n<p dir=\"ltr\" style=\"text-align: justify;\"><span style=\"font-size: 14pt; font-family: arial, helvetica, sans-serif;\">Paula Torres, que faz parte da startup Integra.ai, destaca a participa\u00e7\u00e3o no 1\u00ba Ciclo de Inova\u00e7\u00e3o Aberta do Recife.\u00a0 \u201cA experi\u00eancia est\u00e1 sendo incr\u00edvel. Desde o in\u00edcio do processo l\u00e1 em novembro do ano passado at\u00e9 o dia de hoje.\u00a0 A gente tem acompanhamento semanal com o pessoal da Secretaria de Transforma\u00e7\u00e3o Digital e da Emprel, com esse apoio, essa comunica\u00e7\u00e3o gratuita com os profissionais, a gente consegue entender de perto quais s\u00e3o as dores de fato de quem t\u00e1 l\u00e1 na ponta do atendimento ao cidad\u00e3o. Quando a gente organiza processos na Aten\u00e7\u00e3o B\u00e1sica a gente t\u00e1 entregando uma melhoria em cadeia para as pessoas de uma forma geral\u201d. Ainda nesta quarta-feira (3), a startup Absens apresentou a solu\u00e7\u00e3o para o\u00a0 desafio de \u201cComo podemos reduzir o \u00edndice de absten\u00e7\u00e3o dos pacientes no comparecimento aos exames e consultas reguladas?\u201d.<\/span><\/p>\n<p dir=\"ltr\" style=\"text-align: justify;\"><span style=\"font-size: 14pt; font-family: arial, helvetica, sans-serif;\">Ap\u00f3s a conclus\u00e3o das apresenta\u00e7\u00f5es nesta quinta-feira, cada vencedor testar\u00e1 seus prot\u00f3tipos, em escala reduzida, tendo como cen\u00e1rio a cidade do Recife, como algumas unidades de sa\u00fade e o parque da Macaxeira, por exemplo. Posteriormente, cada um deles ser\u00e1\u00a0 reavaliado, com a possibilidade de ter sua ideia contratada pela Prefeitura para a produ\u00e7\u00e3o em escala maior. As poss\u00edveis contrata\u00e7\u00f5es ser\u00e3o realizadas por meio dos Contratos P\u00fablicos de Solu\u00e7\u00e3o de Inova\u00e7\u00e3o, que s\u00e3o viabilizados gra\u00e7as ao Marco Legal das Startups (Lei Complementar n\u00ba 182, de 1\u00ba de junho de 2021), que permite contrata\u00e7\u00f5es p\u00fablicas voltadas para solu\u00e7\u00f5es tecnol\u00f3gicas com menos burocracia, com mais agilidade e com seguran\u00e7a jur\u00eddica para contratada e contratante.<\/span><\/p>\n<p dir=\"ltr\" style=\"text-align: justify;\"><span style=\"font-size: 14pt; font-family: arial, helvetica, sans-serif;\">\u201cTivemos a oportunidade de ver hoje solu\u00e7\u00f5es incr\u00edveis, solu\u00e7\u00f5es para desburocratizar o acesso \u00e0 sa\u00fade p\u00fablica, de como ver o Recife enfrentar a fome, e de como os recifenses podem cuidar do bem-estar. O Recife \u00e9 a\u00a0 primeira capital a implementar o Marco Legal das Startups na pr\u00e1tica. Uma grande mudan\u00e7a no jeito de se fazer contrata\u00e7\u00e3o p\u00fablica\u201d, pontuou o diretor de tecnologia do Recife e vice-presidente da Emprel, Rafael Figueiredo.<\/span><\/p>\n<p dir=\"ltr\" style=\"text-align: justify;\"><span style=\"font-size: 14pt; font-family: arial, helvetica, sans-serif;\"><strong>Pol\u00edtica Municipal de Inova\u00e7\u00e3o Aberta<\/strong>\u00a0\u2013 Com o decreto que institui a Pol\u00edtica Municipal de Inova\u00e7\u00e3o Aberta, assinado hoje, a capital pernambucana passa a contar com um instrumento legal que nortear\u00e1 o fomento de novos processos colaborativos de inova\u00e7\u00e3o, como \u00e9 o caso dos projetos que participaram dos desafios dos 1\u00ba Ciclo de Inova\u00e7\u00e3o Aberta.<\/span><\/p>\n<p dir=\"ltr\" style=\"text-align: justify;\"><span style=\"font-size: 14pt; font-family: arial, helvetica, sans-serif;\">Assim, a Pol\u00edtica de Inova\u00e7\u00e3o Aberta do Recife busca estabelecer uma interlocu\u00e7\u00e3o direta entre o Executivo Municipal com os cidad\u00e3os, com as institui\u00e7\u00f5es de ensino e pesquisa, com o setor produtivo, institutos de ci\u00eancia e tecnologia, organiza\u00e7\u00f5es da sociedade civil e outras organiza\u00e7\u00f5es governamentais. Tudo isso com foco em solu\u00e7\u00f5es que tenham relev\u00e2ncia p\u00fablica e que venham a somar com uma cidade inteligente e sustent\u00e1vel, facilitando a interlocu\u00e7\u00e3o entre a cidade e as pessoas.<\/span><\/p>\n","protected":false},"excerpt":{"rendered":"<p>S&atilde;o solu&ccedil;&otilde;es inovadoras voltadas para sa&uacute;de, infraestrutura, esporte e&nbsp; bem-estar. A Prefeitura poder&aacute; investir at&eacute; R$ 4,2 milh&otilde;es para produ&ccedil;&atilde;o em escala e com a possibilidade de implementa&ccedil;&atilde;o em toda a cidade. Na ocasi&atilde;o, o decreto que institui a Pol&iacute;tica Municipal de Inova&ccedil;&atilde;o Aberta foi assinado pelo prefeito Jo&atilde;o Campos Uso da tecnologia para solu&ccedil;&otilde;es de desafios que os recifenses enfrentam, melhorando o servi&ccedil;o p&uacute;blico ofertado, como, por exemplo, pela diminui&ccedil;&atilde;o do tempo de espera para realiza&ccedil;&atilde;o de consultas e exames m&eacute;dicos. Com ferramentas digitais voltadas para esporte, bem-estar, sa&uacute;de,&nbsp; infraestrutura e desenvolvimento social,a Prefeitura do Recife come&ccedil;ou a apresentar &#8230; <\/p>\n<p class=\"read-more-container\"><a title=\"Recife apresenta os projetos vencedores do 1\u00ba Ciclo de Inova\u00e7\u00e3o Aberta\" class=\"read-more button\" href=\"https:\/\/blogdojuniorcavalcanti.com.br\/index.php\/2022\/08\/04\/recife-apresenta-os-projetos-vencedores-do-1o-ciclo-de-inovacao-aberta\/#more-18943\" aria-label=\"More on Recife apresenta os projetos vencedores do 1\u00ba Ciclo de Inova\u00e7\u00e3o Aberta\">Leia mais<\/a><\/p>\n","protected":false},"author":2,"featured_media":0,"comment_status":"open","ping_status":"open","sticky":false,"template":"","format":"standard","meta":{"footnotes":""},"categories":[26],"tags":[],"class_list":["post-18943","post","type-post","status-publish","format-standard","hentry","category-noticias"],"_links":{"self":[{"href":"https:\/\/blogdojuniorcavalcanti.com.br\/index.php\/wp-json\/wp\/v2\/posts\/18943","targetHints":{"allow":["GET"]}}],"collection":[{"href":"https:\/\/blogdojuniorcavalcanti.com.br\/index.php\/wp-json\/wp\/v2\/posts"}],"about":[{"href":"https:\/\/blogdojuniorcavalcanti.com.br\/index.php\/wp-json\/wp\/v2\/types\/post"}],"author":[{"embeddable":true,"href":"https:\/\/blogdojuniorcavalcanti.com.br\/index.php\/wp-json\/wp\/v2\/users\/2"}],"replies":[{"embeddable":true,"href":"https:\/\/blogdojuniorcavalcanti.com.br\/index.php\/wp-json\/wp\/v2\/comments?post=18943"}],"version-history":[{"count":1,"href":"https:\/\/blogdojuniorcavalcanti.com.br\/index.php\/wp-json\/wp\/v2\/posts\/18943\/revisions"}],"predecessor-version":[{"id":18944,"href":"https:\/\/blogdojuniorcavalcanti.com.br\/index.php\/wp-json\/wp\/v2\/posts\/18943\/revisions\/18944"}],"wp:attachment":[{"href":"https:\/\/blogdojuniorcavalcanti.com.br\/index.php\/wp-json\/wp\/v2\/media?parent=18943"}],"wp:term":[{"taxonomy":"category","embeddable":true,"href":"https:\/\/blogdojuniorcavalcanti.com.br\/index.php\/wp-json\/wp\/v2\/categories?post=18943"},{"taxonomy":"post_tag","embeddable":true,"href":"https:\/\/blogdojuniorcavalcanti.com.br\/index.php\/wp-json\/wp\/v2\/tags?post=18943"}],"curies":[{"name":"wp","href":"https:\/\/api.w.org\/{rel}","templated":true}]}}