{"id":19049,"date":"2022-08-09T05:02:13","date_gmt":"2022-08-09T08:02:13","guid":{"rendered":"https:\/\/blogdojuniorcavalcanti.com.br\/?p=19049"},"modified":"2022-08-09T05:02:13","modified_gmt":"2022-08-09T08:02:13","slug":"governo-de-pernambuco-investe-mais-de-r-100-milhoes-em-acoes-para-seis-municipios","status":"publish","type":"post","link":"https:\/\/blogdojuniorcavalcanti.com.br\/index.php\/2022\/08\/09\/governo-de-pernambuco-investe-mais-de-r-100-milhoes-em-acoes-para-seis-municipios\/","title":{"rendered":"Governo de Pernambuco investe mais de R$ 100 milh\u00f5es em a\u00e7\u00f5es para seis munic\u00edpios"},"content":{"rendered":"<div style=\"text-align: justify;\"><span style=\"font-size: 14pt;\"><img fetchpriority=\"high\" decoding=\"async\" class=\"aligncenter size-large wp-image-214781\" src=\"https:\/\/blogdofinfa.com.br\/wp-content\/uploads\/2022\/08\/INVESTIMENTOS-MUNIC%C3%8DPIOS-4-800x533.jpg\" sizes=\"(max-width: 600px) 100vw, 600px\" srcset=\"https:\/\/blogdofinfa.com.br\/wp-content\/uploads\/2022\/08\/INVESTIMENTOS-MUNIC\u00cdPIOS-4-800x533.jpg 800w, https:\/\/blogdofinfa.com.br\/wp-content\/uploads\/2022\/08\/INVESTIMENTOS-MUNIC\u00cdPIOS-4-300x200.jpg 300w, https:\/\/blogdofinfa.com.br\/wp-content\/uploads\/2022\/08\/INVESTIMENTOS-MUNIC\u00cdPIOS-4-768x512.jpg 768w, https:\/\/blogdofinfa.com.br\/wp-content\/uploads\/2022\/08\/INVESTIMENTOS-MUNIC\u00cdPIOS-4-1536x1024.jpg 1536w, https:\/\/blogdofinfa.com.br\/wp-content\/uploads\/2022\/08\/INVESTIMENTOS-MUNIC\u00cdPIOS-4-2048x1365.jpg 2048w, https:\/\/blogdofinfa.com.br\/wp-content\/uploads\/2022\/08\/INVESTIMENTOS-MUNIC\u00cdPIOS-4-75x50.jpg 75w\" alt=\"\" width=\"600\" height=\"400\" \/><span style=\"font-family: arial, helvetica, sans-serif;\">O Governo de Pernambuco anunciou, nesta segunda-feira (08.08), investimento de R$ 107 milh\u00f5es para realizar a\u00e7\u00f5es nas \u00e1reas de infraestrutura vi\u00e1ria, sa\u00fade, desenvolvimento social, abastecimento de \u00e1gua e educa\u00e7\u00e3o em seis munic\u00edpios do Estado. Foram contempladas as cidades de Santa Cruz do Capibaribe, no Agreste Setentrional; Jata\u00faba, no Agreste Central; Camutanga, Ferreiros e Itaquitinga, na Mata Norte; e Itamarac\u00e1, na Regi\u00e3o Metropolitana.\u00a0<\/span><\/span><\/div>\n<div style=\"text-align: justify;\"><\/div>\n<div style=\"text-align: justify;\"><span style=\"font-size: 14pt; font-family: arial, helvetica, sans-serif;\"><img decoding=\"async\" class=\"aligncenter size-large wp-image-214778\" src=\"https:\/\/blogdofinfa.com.br\/wp-content\/uploads\/2022\/08\/INVESTIMENTOS-MUNIC%C3%8DPIOS-1-800x533.jpg\" sizes=\"(max-width: 600px) 100vw, 600px\" srcset=\"https:\/\/blogdofinfa.com.br\/wp-content\/uploads\/2022\/08\/INVESTIMENTOS-MUNIC\u00cdPIOS-1-800x533.jpg 800w, https:\/\/blogdofinfa.com.br\/wp-content\/uploads\/2022\/08\/INVESTIMENTOS-MUNIC\u00cdPIOS-1-300x200.jpg 300w, https:\/\/blogdofinfa.com.br\/wp-content\/uploads\/2022\/08\/INVESTIMENTOS-MUNIC\u00cdPIOS-1-768x512.jpg 768w, https:\/\/blogdofinfa.com.br\/wp-content\/uploads\/2022\/08\/INVESTIMENTOS-MUNIC\u00cdPIOS-1-1536x1024.jpg 1536w, https:\/\/blogdofinfa.com.br\/wp-content\/uploads\/2022\/08\/INVESTIMENTOS-MUNIC\u00cdPIOS-1-2048x1365.jpg 2048w, https:\/\/blogdofinfa.com.br\/wp-content\/uploads\/2022\/08\/INVESTIMENTOS-MUNIC\u00cdPIOS-1-75x50.jpg 75w\" alt=\"\" width=\"600\" height=\"400\" \/>\u201cS\u00e3o a\u00e7\u00f5es que nos d\u00e3o a certeza de que o Plano Retomada vem atendendo a v\u00e1rias prioridades dos munic\u00edpios pernambucanos. Seguiremos com esse olhar atento ao que precisa ser feito nas cidades, garantindo investimentos que melhoram a qualidade de vida da popula\u00e7\u00e3o\u201d, afirmou o governador Paulo C\u00e2mara, durante cerim\u00f4nia no Pal\u00e1cio do Campo das Princesas.<\/span><\/div>\n<div style=\"text-align: justify;\"><\/div>\n<div style=\"text-align: justify;\"><span style=\"font-size: 14pt; font-family: arial, helvetica, sans-serif;\">Santa Cruz do Capibaribe ganhar\u00e1 uma nova escola estadual e ser\u00e1 contemplada com reforma e constru\u00e7\u00e3o da quadra coberta na Escola Jos\u00e9 Francelino Arag\u00e3o. J\u00e1 o abatedouro regional passar\u00e1 por reforma e amplia\u00e7\u00e3o. O pacote inclui ainda a implanta\u00e7\u00e3o da cobertura do mercado p\u00fablico, servi\u00e7os de infraestrutura no bin\u00e1rio de acesso ao polo atacadista de confec\u00e7\u00f5es e obras de pavimenta\u00e7\u00e3o em 29 ruas. Ainda para o munic\u00edpio, foi autorizada a constru\u00e7\u00e3o de um parque ambiental. Est\u00e1 prevista tamb\u00e9m a implanta\u00e7\u00e3o da rede adutora para o reservat\u00f3rio de Pedra Branca e da esta\u00e7\u00e3o elevat\u00f3ria de \u00e1gua tratada da localidade.<img decoding=\"async\" class=\"aligncenter size-large wp-image-214779\" src=\"https:\/\/blogdofinfa.com.br\/wp-content\/uploads\/2022\/08\/INVESTIMENTOS-MUNIC%C3%8DPIOS-2-800x533.jpg\" sizes=\"(max-width: 600px) 100vw, 600px\" srcset=\"https:\/\/blogdofinfa.com.br\/wp-content\/uploads\/2022\/08\/INVESTIMENTOS-MUNIC\u00cdPIOS-2-800x533.jpg 800w, https:\/\/blogdofinfa.com.br\/wp-content\/uploads\/2022\/08\/INVESTIMENTOS-MUNIC\u00cdPIOS-2-300x200.jpg 300w, https:\/\/blogdofinfa.com.br\/wp-content\/uploads\/2022\/08\/INVESTIMENTOS-MUNIC\u00cdPIOS-2-768x512.jpg 768w, https:\/\/blogdofinfa.com.br\/wp-content\/uploads\/2022\/08\/INVESTIMENTOS-MUNIC\u00cdPIOS-2-1536x1024.jpg 1536w, https:\/\/blogdofinfa.com.br\/wp-content\/uploads\/2022\/08\/INVESTIMENTOS-MUNIC\u00cdPIOS-2-2048x1365.jpg 2048w, https:\/\/blogdofinfa.com.br\/wp-content\/uploads\/2022\/08\/INVESTIMENTOS-MUNIC\u00cdPIOS-2-75x50.jpg 75w\" alt=\"\" width=\"600\" height=\"400\" \/><\/span><\/div>\n<div style=\"text-align: justify;\"><\/div>\n<div style=\"text-align: justify;\"><span style=\"font-size: 14pt; font-family: arial, helvetica, sans-serif;\">Para Camutanga, no \u00e2mbito da infraestrutura, foi assinada ordem de servi\u00e7o a fim de ampliar o sistema de abastecimento de \u00e1gua. Tamb\u00e9m foi autorizada a pavimenta\u00e7\u00e3o gran\u00edtica, drenagem e sinaliza\u00e7\u00e3o de ruas. Em Ferreiros, al\u00e9m da pavimenta\u00e7\u00e3o asf\u00e1ltica, ser\u00e1 feita a obra da segunda etapa da entrada da cidade, que prev\u00ea a requalifica\u00e7\u00e3o do portal e implanta\u00e7\u00e3o de acessibilidade. Para Itaquitinga, na mesma regi\u00e3o, est\u00e3o autorizadas a pavimenta\u00e7\u00e3o, a drenagem e a sinaliza\u00e7\u00e3o no acesso ao distrito de Sap\u00e9.<\/span><\/div>\n<div style=\"text-align: justify;\"><\/div>\n<div style=\"text-align: justify;\"><span style=\"font-size: 14pt; font-family: arial, helvetica, sans-serif;\">J\u00e1 o munic\u00edpio de Itamarac\u00e1 recebeu ordens de servi\u00e7o para a reconstru\u00e7\u00e3o da ponte Porto Brasilis sobre o Rio Paripe (Trilha dos Holandeses) e melhoria do acesso \u00e0 Vila Velha. Tamb\u00e9m haver\u00e1 obras de pavimenta\u00e7\u00e3o e drenagem de ruas, bem como a requalifica\u00e7\u00e3o da ilumina\u00e7\u00e3o p\u00fablica da Ponte Get\u00falio Vargas, que liga a ilha ao continente. Ser\u00e3o restauradas ainda as rodovias PE-035, trecho Itapissuma\/Itamarac\u00e1, e PE-001, no trecho do Forte Orange at\u00e9 a entrada da PE-035.<img loading=\"lazy\" decoding=\"async\" class=\"aligncenter size-large wp-image-214780\" src=\"https:\/\/blogdofinfa.com.br\/wp-content\/uploads\/2022\/08\/INVESTIMENTOS-MUNIC%C3%8DPIOS-3-800x533.jpg\" sizes=\"(max-width: 600px) 100vw, 600px\" srcset=\"https:\/\/blogdofinfa.com.br\/wp-content\/uploads\/2022\/08\/INVESTIMENTOS-MUNIC\u00cdPIOS-3-800x533.jpg 800w, https:\/\/blogdofinfa.com.br\/wp-content\/uploads\/2022\/08\/INVESTIMENTOS-MUNIC\u00cdPIOS-3-300x200.jpg 300w, https:\/\/blogdofinfa.com.br\/wp-content\/uploads\/2022\/08\/INVESTIMENTOS-MUNIC\u00cdPIOS-3-768x512.jpg 768w, https:\/\/blogdofinfa.com.br\/wp-content\/uploads\/2022\/08\/INVESTIMENTOS-MUNIC\u00cdPIOS-3-1536x1024.jpg 1536w, https:\/\/blogdofinfa.com.br\/wp-content\/uploads\/2022\/08\/INVESTIMENTOS-MUNIC\u00cdPIOS-3-2048x1365.jpg 2048w, https:\/\/blogdofinfa.com.br\/wp-content\/uploads\/2022\/08\/INVESTIMENTOS-MUNIC\u00cdPIOS-3-75x50.jpg 75w\" alt=\"\" width=\"600\" height=\"400\" \/><\/span><\/div>\n<div style=\"text-align: justify;\"><\/div>\n<div style=\"text-align: justify;\"><span style=\"font-size: 14pt; font-family: arial, helvetica, sans-serif;\">Por sua vez, a cidade de Jata\u00faba foi contemplada com ordens de servi\u00e7o que preveem amplia\u00e7\u00e3o e adequa\u00e7\u00e3o do sistema de abastecimento de \u00e1gua, constru\u00e7\u00e3o da Pra\u00e7a Rendeiras, no Bairro Bom Jesus, e obras de pavimenta\u00e7\u00e3o no bairro Petronilo Malaco de Souza.\u00a0<\/span><\/div>\n<div style=\"text-align: justify;\"><\/div>\n<div style=\"text-align: justify;\"><span style=\"font-size: 14pt; font-family: arial, helvetica, sans-serif;\">Quanto \u00e0s melhorias para a sa\u00fade p\u00fablica, o Governo do Estado garantiu recursos para Ferreiros, Camutanga, Itamarac\u00e1, Jata\u00faba e Santa Cruz do Capibaribe. No \u00e2mbito da assist\u00eancia social, esses mesmos munic\u00edpios receber\u00e3o uma Cozinha Comunit\u00e1ria, a qual pode ofertar at\u00e9 200 refei\u00e7\u00f5es por dia. Foi autorizada ainda a instala\u00e7\u00e3o de uma Central de Oportunidades de Pernambuco (COPE) em Ferreiros, Camutanga e Itamarac\u00e1.\u00a0<\/span><\/div>\n<div style=\"text-align: justify;\"><\/div>\n<div style=\"text-align: justify;\"><span style=\"font-size: 14pt; font-family: arial, helvetica, sans-serif;\">Acompanharam as assinaturas os secret\u00e1rios estaduais Cl\u00e1udio Asfora (Desenvolvimento Agr\u00e1rio), Andr\u00e9 Longo (Sa\u00fade), Marcelo Barros (Educa\u00e7\u00e3o e Esportes), Fernandha Batista (Infraestrutura e Recursos H\u00eddricos), Edilazio Wanderley (Desenvolvimento Social, Crian\u00e7a e Juventude), Tom\u00e9 Franca (Desenvolvimento Urbano e Habita\u00e7\u00e3o), Alberes Lopes (Trabalho, Emprego e Qualifica\u00e7\u00e3o) e Marcelo Canuto (Chefe de Gabinete); a presidente da Compesa, Manoela Marinho; o presidente da Cehab, Bruno Lisboa; al\u00e9m dos prefeitos dos munic\u00edpios contemplados.<strong>Fotos:\u00a0Heudes Regis\/SEI<\/strong><\/span><\/div>\n","protected":false},"excerpt":{"rendered":"<p>O Governo de Pernambuco anunciou, nesta segunda-feira (08.08), investimento de R$ 107 milh&otilde;es para realizar a&ccedil;&otilde;es nas &aacute;reas de infraestrutura vi&aacute;ria, sa&uacute;de, desenvolvimento social, abastecimento de &aacute;gua e educa&ccedil;&atilde;o em seis munic&iacute;pios do Estado. Foram contempladas as cidades de Santa Cruz do Capibaribe, no Agreste Setentrional; Jata&uacute;ba, no Agreste Central; Camutanga, Ferreiros e Itaquitinga, na Mata Norte; e Itamarac&aacute;, na Regi&atilde;o Metropolitana.&nbsp; &ldquo;S&atilde;o a&ccedil;&otilde;es que nos d&atilde;o a certeza de que o Plano Retomada vem atendendo a v&aacute;rias prioridades dos munic&iacute;pios pernambucanos. Seguiremos com esse olhar atento ao que precisa ser feito nas cidades, garantindo investimentos que melhoram a qualidade &#8230; <\/p>\n<p class=\"read-more-container\"><a title=\"Governo de Pernambuco investe mais de R$ 100 milh\u00f5es em a\u00e7\u00f5es para seis munic\u00edpios\" class=\"read-more button\" href=\"https:\/\/blogdojuniorcavalcanti.com.br\/index.php\/2022\/08\/09\/governo-de-pernambuco-investe-mais-de-r-100-milhoes-em-acoes-para-seis-municipios\/#more-19049\" aria-label=\"More on Governo de Pernambuco investe mais de R$ 100 milh\u00f5es em a\u00e7\u00f5es para seis munic\u00edpios\">Leia mais<\/a><\/p>\n","protected":false},"author":2,"featured_media":0,"comment_status":"open","ping_status":"open","sticky":false,"template":"","format":"standard","meta":{"footnotes":""},"categories":[26],"tags":[],"class_list":["post-19049","post","type-post","status-publish","format-standard","hentry","category-noticias"],"_links":{"self":[{"href":"https:\/\/blogdojuniorcavalcanti.com.br\/index.php\/wp-json\/wp\/v2\/posts\/19049","targetHints":{"allow":["GET"]}}],"collection":[{"href":"https:\/\/blogdojuniorcavalcanti.com.br\/index.php\/wp-json\/wp\/v2\/posts"}],"about":[{"href":"https:\/\/blogdojuniorcavalcanti.com.br\/index.php\/wp-json\/wp\/v2\/types\/post"}],"author":[{"embeddable":true,"href":"https:\/\/blogdojuniorcavalcanti.com.br\/index.php\/wp-json\/wp\/v2\/users\/2"}],"replies":[{"embeddable":true,"href":"https:\/\/blogdojuniorcavalcanti.com.br\/index.php\/wp-json\/wp\/v2\/comments?post=19049"}],"version-history":[{"count":1,"href":"https:\/\/blogdojuniorcavalcanti.com.br\/index.php\/wp-json\/wp\/v2\/posts\/19049\/revisions"}],"predecessor-version":[{"id":19050,"href":"https:\/\/blogdojuniorcavalcanti.com.br\/index.php\/wp-json\/wp\/v2\/posts\/19049\/revisions\/19050"}],"wp:attachment":[{"href":"https:\/\/blogdojuniorcavalcanti.com.br\/index.php\/wp-json\/wp\/v2\/media?parent=19049"}],"wp:term":[{"taxonomy":"category","embeddable":true,"href":"https:\/\/blogdojuniorcavalcanti.com.br\/index.php\/wp-json\/wp\/v2\/categories?post=19049"},{"taxonomy":"post_tag","embeddable":true,"href":"https:\/\/blogdojuniorcavalcanti.com.br\/index.php\/wp-json\/wp\/v2\/tags?post=19049"}],"curies":[{"name":"wp","href":"https:\/\/api.w.org\/{rel}","templated":true}]}}