{"id":19197,"date":"2022-08-16T04:53:24","date_gmt":"2022-08-16T07:53:24","guid":{"rendered":"https:\/\/blogdojuniorcavalcanti.com.br\/?p=19197"},"modified":"2022-08-16T04:53:24","modified_gmt":"2022-08-16T07:53:24","slug":"ipec-tv-globo-marilia-33-raquel-11-anderson-10-miguel-9-e-danilo-6","status":"publish","type":"post","link":"https:\/\/blogdojuniorcavalcanti.com.br\/index.php\/2022\/08\/16\/ipec-tv-globo-marilia-33-raquel-11-anderson-10-miguel-9-e-danilo-6\/","title":{"rendered":"IPEC TV Globo: Mar\u00edlia 33%, Raquel 11%, Anderson 10%, Miguel 9% e Danilo, 6%"},"content":{"rendered":"<div class=\"ub-expand-portion ub-expand-partial\">\n<p style=\"text-align: justify;\"><span style=\"font-size: 14pt; font-family: arial, helvetica, sans-serif;\"><em><strong>Para o Senado:\u00a0Andr\u00e9 de Paula (PSD): 14%; Teresa Leit\u00e3o (PT): 12%; Guilherme Coelho (PSDB): 9%; Gilson Machado (PL): 7%<\/strong><\/em><\/span><\/p>\n<p style=\"text-align: justify;\"><span style=\"font-size: 14pt; font-family: arial, helvetica, sans-serif;\">Pesquisa do Ipec (ex-Ibope) divulgada hoje pela\u00a0<strong><em>TV Globo<\/em><\/strong>\u00a0revela os \u00edndices de inten\u00e7\u00e3o de voto para o cargo de governador de Pernambuco. A candidata do Solidariedade, Mar\u00edlia Arraes, lidera a disputa com 33% das inten\u00e7\u00f5es de voto.<\/span><\/p>\n<p style=\"text-align: justify;\"><span style=\"font-size: 14pt; font-family: arial, helvetica, sans-serif;\">A pesquisa ouviu 1.200 pessoas entre os dias 12 e 14 de agosto em 50 cidades pernambucanas. A margem de erro \u00e9 de tr\u00eas pontos percentuais para mais ou para menos, considerando um n\u00edvel de confian\u00e7a de 95%. A pesquisa foi registrada no Tribunal Superior Eleitoral (TSE) sob o n\u00famero\u00a0<strong>BR-09411_2022.<\/strong><\/span><\/p>\n<p style=\"text-align: justify;\"><span style=\"font-size: 14pt; font-family: arial, helvetica, sans-serif;\">Na pesquisa estimulada, Mar\u00edlia Arraes (Solidariedade): 33%; Raquel Lyra (PSDB): 11%; Anderson Ferreira (PL): 10%; Miguel Coelho (Uni\u00e3o Brasil): 9% e Danilo Cabral (PSB): 6%.<\/span><\/p>\n<p style=\"text-align: justify;\"><span style=\"font-size: 14pt; font-family: arial, helvetica, sans-serif;\">Na sequ\u00eancia, com 1%, Claudia Ribeiro (PSTU), Jadilson Bombeiro (PMB), Jo\u00e3o Arnaldo (PSOL) e Jones Manoel (PCB). Ubiracy Ol\u00edmpio (PCO) e Pastor Wellington (PTB) n\u00e3o pontuaram. Brancos e nulos s\u00e3o 17%. N\u00e3o souberam 9%.<\/span><\/p>\n<\/div>\n<div class=\"ub-expand-portion ub-expand-full\">\n<p style=\"text-align: justify;\"><span style=\"font-size: 14pt; font-family: arial, helvetica, sans-serif;\"><strong>Rejei\u00e7\u00e3o: quando perguntados em quem n\u00e3o votam de jeito nenhum os eleitores citaram por ordem D<\/strong>anilo Cabral (PSB): 22%; Mar\u00edlia Arraes (Solidariedade): 19%; Anderson Ferreira (PL): 18%; Miguel Coelho (Uni\u00e3o Brasil): 18%; Jo\u00e3o Arnaldo (PSOL): 16%; Raquel Lyra (PSDB): 14%; Ubiracy Ol\u00edmpio (PCO): 13%; Jadilson Bombeiro (PMB): 12%; Jones Manoel (PCB): 12%; Claudia Ribeiro (PSTU): 11%; Pastor Wellington (PTB): 11%; Poderia votar em todos (resposta espont\u00e2nea): 2% e n\u00e3o sabe: 27%.<\/span><\/p>\n<p style=\"text-align: justify;\"><span style=\"font-size: 14pt; font-family: arial, helvetica, sans-serif;\"><strong>Senado:\u00a0<\/strong>Confira quais as inten\u00e7\u00f5es de voto para o Senado, de acordo com a pesquisa Ipec. Na\u00a0resposta estimulada e \u00fanica, Andr\u00e9 de Paula (PSD): 14%; Teresa Leit\u00e3o (PT): 12%; Guilherme Coelho (PSDB): 9%; Gilson Machado (PL): 7%; Carlos Andrade Lima (Uni\u00e3o Brasil): 3%; Esteves Jacinto (PRTB): 3%;\u00a0Roberta Rita (PCO): 3%; Dayse Medeiros (PSTU): 2%; Eug\u00eania Lima (PSOL): 1%; Teio Ramos (PMB): 1%.\u00a0Brancos e nulos: 27%. N\u00e3o souberam: 19%.<\/span><\/p>\n<\/div>\n","protected":false},"excerpt":{"rendered":"<p>Para o Senado:&nbsp;Andr&eacute; de Paula (PSD): 14%; Teresa Leit&atilde;o (PT): 12%; Guilherme Coelho (PSDB): 9%; Gilson Machado (PL): 7% Pesquisa do Ipec (ex-Ibope) divulgada hoje pela&nbsp;TV Globo&nbsp;revela os &iacute;ndices de inten&ccedil;&atilde;o de voto para o cargo de governador de Pernambuco. A candidata do Solidariedade, Mar&iacute;lia Arraes, lidera a disputa com 33% das inten&ccedil;&otilde;es de voto. A pesquisa ouviu 1.200 pessoas entre os dias 12 e 14 de agosto em 50 cidades pernambucanas. A margem de erro &eacute; de tr&ecirc;s pontos percentuais para mais ou para menos, considerando um n&iacute;vel de confian&ccedil;a de 95%. A pesquisa foi registrada no Tribunal Superior &#8230; <\/p>\n<p class=\"read-more-container\"><a title=\"IPEC TV Globo: Mar\u00edlia 33%, Raquel 11%, Anderson 10%, Miguel 9% e Danilo, 6%\" class=\"read-more button\" href=\"https:\/\/blogdojuniorcavalcanti.com.br\/index.php\/2022\/08\/16\/ipec-tv-globo-marilia-33-raquel-11-anderson-10-miguel-9-e-danilo-6\/#more-19197\" aria-label=\"More on IPEC TV Globo: Mar\u00edlia 33%, Raquel 11%, Anderson 10%, Miguel 9% e Danilo, 6%\">Leia mais<\/a><\/p>\n","protected":false},"author":2,"featured_media":19198,"comment_status":"open","ping_status":"open","sticky":false,"template":"","format":"standard","meta":{"footnotes":""},"categories":[25],"tags":[],"class_list":["post-19197","post","type-post","status-publish","format-standard","has-post-thumbnail","hentry","category-destaque","resize-featured-image"],"_links":{"self":[{"href":"https:\/\/blogdojuniorcavalcanti.com.br\/index.php\/wp-json\/wp\/v2\/posts\/19197","targetHints":{"allow":["GET"]}}],"collection":[{"href":"https:\/\/blogdojuniorcavalcanti.com.br\/index.php\/wp-json\/wp\/v2\/posts"}],"about":[{"href":"https:\/\/blogdojuniorcavalcanti.com.br\/index.php\/wp-json\/wp\/v2\/types\/post"}],"author":[{"embeddable":true,"href":"https:\/\/blogdojuniorcavalcanti.com.br\/index.php\/wp-json\/wp\/v2\/users\/2"}],"replies":[{"embeddable":true,"href":"https:\/\/blogdojuniorcavalcanti.com.br\/index.php\/wp-json\/wp\/v2\/comments?post=19197"}],"version-history":[{"count":1,"href":"https:\/\/blogdojuniorcavalcanti.com.br\/index.php\/wp-json\/wp\/v2\/posts\/19197\/revisions"}],"predecessor-version":[{"id":19199,"href":"https:\/\/blogdojuniorcavalcanti.com.br\/index.php\/wp-json\/wp\/v2\/posts\/19197\/revisions\/19199"}],"wp:featuredmedia":[{"embeddable":true,"href":"https:\/\/blogdojuniorcavalcanti.com.br\/index.php\/wp-json\/wp\/v2\/media\/19198"}],"wp:attachment":[{"href":"https:\/\/blogdojuniorcavalcanti.com.br\/index.php\/wp-json\/wp\/v2\/media?parent=19197"}],"wp:term":[{"taxonomy":"category","embeddable":true,"href":"https:\/\/blogdojuniorcavalcanti.com.br\/index.php\/wp-json\/wp\/v2\/categories?post=19197"},{"taxonomy":"post_tag","embeddable":true,"href":"https:\/\/blogdojuniorcavalcanti.com.br\/index.php\/wp-json\/wp\/v2\/tags?post=19197"}],"curies":[{"name":"wp","href":"https:\/\/api.w.org\/{rel}","templated":true}]}}