{"id":19300,"date":"2022-08-20T04:52:18","date_gmt":"2022-08-20T07:52:18","guid":{"rendered":"https:\/\/blogdojuniorcavalcanti.com.br\/?p=19300"},"modified":"2022-08-20T04:52:18","modified_gmt":"2022-08-20T07:52:18","slug":"zeinha-anuncia-inicio-das-pes-282-283-e-asfaltamento-do-centro","status":"publish","type":"post","link":"https:\/\/blogdojuniorcavalcanti.com.br\/index.php\/2022\/08\/20\/zeinha-anuncia-inicio-das-pes-282-283-e-asfaltamento-do-centro\/","title":{"rendered":"Zeinha anuncia in\u00edcio das PEs 282, 283 e asfaltamento do centro"},"content":{"rendered":"<p style=\"text-align: justify;\"><span style=\"font-size: 14pt;\"><img fetchpriority=\"high\" decoding=\"async\" class=\"alignleft wp-image-238591 jetpack-lazy-image jetpack-lazy-image--handled\" src=\"https:\/\/nilljunior.com.br\/wp-content\/uploads\/2022\/08\/Screenshot_20220819-181827_Instagram-457x400.jpg\" sizes=\"(max-width: 400px) 100vw, 400px\" srcset=\"https:\/\/nilljunior.com.br\/wp-content\/uploads\/2022\/08\/Screenshot_20220819-181827_Instagram-457x400.jpg 457w, https:\/\/nilljunior.com.br\/wp-content\/uploads\/2022\/08\/Screenshot_20220819-181827_Instagram-286x250.jpg 286w, https:\/\/nilljunior.com.br\/wp-content\/uploads\/2022\/08\/Screenshot_20220819-181827_Instagram-768x672.jpg 768w, https:\/\/nilljunior.com.br\/wp-content\/uploads\/2022\/08\/Screenshot_20220819-181827_Instagram.jpg 1080w\" alt=\"\" width=\"400\" height=\"350\" data-attachment-id=\"238591\" data-permalink=\"https:\/\/nilljunior.com.br\/zeinha-anuncia-inicio-das-pes-282-283-e-asfaltamento-do-centro\/screenshot_20220819-181827_instagram\/\" data-orig-file=\"https:\/\/nilljunior.com.br\/wp-content\/uploads\/2022\/08\/Screenshot_20220819-181827_Instagram.jpg\" data-orig-size=\"1080,945\" data-comments-opened=\"1\" data-image-meta=\"{&quot;aperture&quot;:&quot;0&quot;,&quot;credit&quot;:&quot;&quot;,&quot;camera&quot;:&quot;&quot;,&quot;caption&quot;:&quot;&quot;,&quot;created_timestamp&quot;:&quot;0&quot;,&quot;copyright&quot;:&quot;&quot;,&quot;focal_length&quot;:&quot;0&quot;,&quot;iso&quot;:&quot;0&quot;,&quot;shutter_speed&quot;:&quot;0&quot;,&quot;title&quot;:&quot;&quot;,&quot;orientation&quot;:&quot;1&quot;}\" data-image-title=\"Screenshot_20220819-181827_Instagram\" data-image-description=\"\" data-medium-file=\"https:\/\/nilljunior.com.br\/wp-content\/uploads\/2022\/08\/Screenshot_20220819-181827_Instagram-286x250.jpg\" data-large-file=\"https:\/\/nilljunior.com.br\/wp-content\/uploads\/2022\/08\/Screenshot_20220819-181827_Instagram-457x400.jpg\" data-lazy-loaded=\"1\" \/><span style=\"font-family: arial, helvetica, sans-serif;\">O prefeito de Iguaracy,\u00a0 Zeinha Torres, anunciou em suas redes sociais que teve encontro com o governador Paulo C\u00e2mara ecom o Deputado Renildo Calheiros.<\/span><\/span><\/p>\n<p style=\"text-align: justify;\"><span style=\"font-size: 14pt; font-family: arial, helvetica, sans-serif;\">\u201cEstou muito feliz em poder anunciar que nos pr\u00f3ximos dias a licita\u00e7\u00e3o da PE-282, que liga Iguaracy a Jabitac\u00e1 ser\u00e1 feita\u201d.<\/span><\/p>\n<p style=\"text-align: justify;\"><span style=\"font-size: 14pt; font-family: arial, helvetica, sans-serif;\">Zeinha tamb\u00e9m falou da rodovia que interessa \u00e0 regi\u00e3o e \u00e0 gest\u00e3o do irm\u00e3o,\u00a0 Luciano Torres.\u00a0 \u201cTamb\u00e9m a PE-283 que liga Ingazeira ao 49, via PE 275\u201d.<\/span><\/p>\n<p style=\"text-align: justify;\"><span style=\"font-size: 14pt; font-family: arial, helvetica, sans-serif;\">Tamb\u00e9m anunciou o in\u00edcio do projeto de asfaltamento do centro do munic\u00edpio. \u201cVamos continuar trabalhando para deixar nossa cidade cada vez mais linda\u201d, comemorou.<\/span><\/p>\n<p style=\"text-align: justify;\"><span style=\"font-size: 14pt; font-family: arial, helvetica, sans-serif;\">Ele agradeceu ao Governador Paulo C\u00e2mara. \u201cN\u00e3o mede esfor\u00e7os para nos ajudar, melhorarando a vida dos nossos mun\u00edcipes\u201d, concluiu.<\/span><\/p>\n","protected":false},"excerpt":{"rendered":"<p>O prefeito de Iguaracy,&nbsp; Zeinha Torres, anunciou em suas redes sociais que teve encontro com o governador Paulo C&acirc;mara ecom o Deputado Renildo Calheiros. &ldquo;Estou muito feliz em poder anunciar que nos pr&oacute;ximos dias a licita&ccedil;&atilde;o da PE-282, que liga Iguaracy a Jabitac&aacute; ser&aacute; feita&rdquo;. Zeinha tamb&eacute;m falou da rodovia que interessa &agrave; regi&atilde;o e &agrave; gest&atilde;o do irm&atilde;o,&nbsp; Luciano Torres.&nbsp; &ldquo;Tamb&eacute;m a PE-283 que liga Ingazeira ao 49, via PE 275&rdquo;. Tamb&eacute;m anunciou o in&iacute;cio do projeto de asfaltamento do centro do munic&iacute;pio. &ldquo;Vamos continuar trabalhando para deixar nossa cidade cada vez mais linda&rdquo;, comemorou. Ele agradeceu ao Governador &#8230; <\/p>\n<p class=\"read-more-container\"><a title=\"Zeinha anuncia in\u00edcio das PEs 282, 283 e asfaltamento do centro\" class=\"read-more button\" href=\"https:\/\/blogdojuniorcavalcanti.com.br\/index.php\/2022\/08\/20\/zeinha-anuncia-inicio-das-pes-282-283-e-asfaltamento-do-centro\/#more-19300\" aria-label=\"More on Zeinha anuncia in\u00edcio das PEs 282, 283 e asfaltamento do centro\">Leia mais<\/a><\/p>\n","protected":false},"author":2,"featured_media":0,"comment_status":"open","ping_status":"open","sticky":false,"template":"","format":"standard","meta":{"footnotes":""},"categories":[30],"tags":[],"class_list":["post-19300","post","type-post","status-publish","format-standard","hentry","category-regional"],"_links":{"self":[{"href":"https:\/\/blogdojuniorcavalcanti.com.br\/index.php\/wp-json\/wp\/v2\/posts\/19300","targetHints":{"allow":["GET"]}}],"collection":[{"href":"https:\/\/blogdojuniorcavalcanti.com.br\/index.php\/wp-json\/wp\/v2\/posts"}],"about":[{"href":"https:\/\/blogdojuniorcavalcanti.com.br\/index.php\/wp-json\/wp\/v2\/types\/post"}],"author":[{"embeddable":true,"href":"https:\/\/blogdojuniorcavalcanti.com.br\/index.php\/wp-json\/wp\/v2\/users\/2"}],"replies":[{"embeddable":true,"href":"https:\/\/blogdojuniorcavalcanti.com.br\/index.php\/wp-json\/wp\/v2\/comments?post=19300"}],"version-history":[{"count":1,"href":"https:\/\/blogdojuniorcavalcanti.com.br\/index.php\/wp-json\/wp\/v2\/posts\/19300\/revisions"}],"predecessor-version":[{"id":19301,"href":"https:\/\/blogdojuniorcavalcanti.com.br\/index.php\/wp-json\/wp\/v2\/posts\/19300\/revisions\/19301"}],"wp:attachment":[{"href":"https:\/\/blogdojuniorcavalcanti.com.br\/index.php\/wp-json\/wp\/v2\/media?parent=19300"}],"wp:term":[{"taxonomy":"category","embeddable":true,"href":"https:\/\/blogdojuniorcavalcanti.com.br\/index.php\/wp-json\/wp\/v2\/categories?post=19300"},{"taxonomy":"post_tag","embeddable":true,"href":"https:\/\/blogdojuniorcavalcanti.com.br\/index.php\/wp-json\/wp\/v2\/tags?post=19300"}],"curies":[{"name":"wp","href":"https:\/\/api.w.org\/{rel}","templated":true}]}}