{"id":19408,"date":"2022-08-25T04:51:34","date_gmt":"2022-08-25T07:51:34","guid":{"rendered":"https:\/\/blogdojuniorcavalcanti.com.br\/?p=19408"},"modified":"2022-08-25T04:51:34","modified_gmt":"2022-08-25T07:51:34","slug":"rorro-manicoba-entra-com-representacao-contra-a-camara-municipal","status":"publish","type":"post","link":"https:\/\/blogdojuniorcavalcanti.com.br\/index.php\/2022\/08\/25\/rorro-manicoba-entra-com-representacao-contra-a-camara-municipal\/","title":{"rendered":"Rorr\u00f3 Mani\u00e7oba entra com representa\u00e7\u00e3o contra a C\u00e2mara Municipal"},"content":{"rendered":"<p style=\"text-align: justify;\"><span style=\"font-size: 14pt;\"><img fetchpriority=\"high\" decoding=\"async\" class=\"alignleft wp-image-238942 jetpack-lazy-image jetpack-lazy-image--handled\" src=\"https:\/\/nilljunior.com.br\/wp-content\/uploads\/2022\/08\/Rorro-24-08-22.png\" sizes=\"(max-width: 400px) 100vw, 400px\" srcset=\"https:\/\/nilljunior.com.br\/wp-content\/uploads\/2022\/08\/Rorro-24-08-22.png 398w, https:\/\/nilljunior.com.br\/wp-content\/uploads\/2022\/08\/Rorro-24-08-22-273x250.png 273w\" alt=\"\" width=\"400\" height=\"366\" data-attachment-id=\"238942\" data-permalink=\"https:\/\/nilljunior.com.br\/rorro-manicoba-entra-com-representacao-contra-a-camara-municipal\/rorro-24-08-22\/\" data-orig-file=\"https:\/\/nilljunior.com.br\/wp-content\/uploads\/2022\/08\/Rorro-24-08-22.png\" data-orig-size=\"398,364\" data-comments-opened=\"1\" data-image-meta=\"{&quot;aperture&quot;:&quot;0&quot;,&quot;credit&quot;:&quot;&quot;,&quot;camera&quot;:&quot;&quot;,&quot;caption&quot;:&quot;&quot;,&quot;created_timestamp&quot;:&quot;0&quot;,&quot;copyright&quot;:&quot;&quot;,&quot;focal_length&quot;:&quot;0&quot;,&quot;iso&quot;:&quot;0&quot;,&quot;shutter_speed&quot;:&quot;0&quot;,&quot;title&quot;:&quot;&quot;,&quot;orientation&quot;:&quot;0&quot;}\" data-image-title=\"Rorro-24-08-22\" data-image-description=\"\" data-medium-file=\"https:\/\/nilljunior.com.br\/wp-content\/uploads\/2022\/08\/Rorro-24-08-22-273x250.png\" data-large-file=\"https:\/\/nilljunior.com.br\/wp-content\/uploads\/2022\/08\/Rorro-24-08-22.png\" data-lazy-loaded=\"1\" \/><span style=\"font-family: arial, helvetica, sans-serif;\"><strong>Por Andr\u00e9 Luis<\/strong><\/span><\/span><\/p>\n<p style=\"text-align: justify;\"><span style=\"font-size: 14pt; font-family: arial, helvetica, sans-serif;\">A prefeita de Floresta, Rorr\u00f3 Mani\u00e7oba, informou, por meio de suas redes sociais, que nesta quarta-feira (24), apresentou, junto a Promotoria de Justi\u00e7a, uma representa\u00e7\u00e3o contra C\u00e2mara Municipal.<\/span><\/p>\n<p style=\"text-align: justify;\"><span style=\"font-size: 14pt; font-family: arial, helvetica, sans-serif;\">Segundo a prefeita, a motiva\u00e7\u00e3o teria sido a n\u00e3o vota\u00e7\u00e3o por parte do legislativo municipal dos projetos que garantem os recursos para os servi\u00e7os b\u00e1sicos de Floresta.<\/span><\/p>\n<p style=\"text-align: justify;\"><span style=\"font-size: 14pt; font-family: arial, helvetica, sans-serif;\">\u201cFloresta assumiu um ritmo de trabalho que n\u00e3o deve ser interrompido. A continuidade do projeto do cuidado com a cidade e com as pessoas depende do bom senso e compromisso de todos os vereadores. Cidad\u00e3os e cidad\u00e3s, pe\u00e7o que fiscalizem e cobrem do Legislativo uma posi\u00e7\u00e3o frente a essa situa\u00e7\u00e3o emergencial que nosso munic\u00edpio se encontra\u201d, justificou Rorr\u00f3.<\/span><\/p>\n<p style=\"text-align: justify;\"><span style=\"font-size: 14pt; font-family: arial, helvetica, sans-serif;\">A prefeita tamb\u00e9m informou que o munic\u00edpio vai ficar sem o TFD, sem transporte escolar, sem medicamentos, sem combust\u00edvel, sem \u00e1gua para o povo da zona rural, entre outros servi\u00e7os.\u00a0<\/span><\/p>\n<p style=\"text-align: justify;\"><span style=\"font-size: 14pt; font-family: arial, helvetica, sans-serif;\">\u201cTudo isso pode ser resolvido. Basta apenas o voto respons\u00e1vel da suplementa\u00e7\u00e3o or\u00e7ament\u00e1ria pela C\u00e2mara de Vereadores\u201d, informou a prefeita.<\/span><\/p>\n<p style=\"text-align: justify;\"><span style=\"font-size: 14pt; font-family: arial, helvetica, sans-serif;\">Ainda segundo Rorr\u00f3, quando os vereadores \u201cdeixam de votar projetos fundamentais como estes, n\u00e3o \u00e9 a mim que est\u00e3o perseguindo, mas ao povo florestano. Esse ato do Legislativo \u00e9 uma injusti\u00e7a contra os florestanos\u201d, destacou Rorr\u00f3 Mani\u00e7oba.<\/span><\/p>\n","protected":false},"excerpt":{"rendered":"<p>Por Andr&eacute; Luis A prefeita de Floresta, Rorr&oacute; Mani&ccedil;oba, informou, por meio de suas redes sociais, que nesta quarta-feira (24), apresentou, junto a Promotoria de Justi&ccedil;a, uma representa&ccedil;&atilde;o contra C&acirc;mara Municipal. Segundo a prefeita, a motiva&ccedil;&atilde;o teria sido a n&atilde;o vota&ccedil;&atilde;o por parte do legislativo municipal dos projetos que garantem os recursos para os servi&ccedil;os b&aacute;sicos de Floresta. &ldquo;Floresta assumiu um ritmo de trabalho que n&atilde;o deve ser interrompido. A continuidade do projeto do cuidado com a cidade e com as pessoas depende do bom senso e compromisso de todos os vereadores. Cidad&atilde;os e cidad&atilde;s, pe&ccedil;o que fiscalizem e cobrem &#8230; <\/p>\n<p class=\"read-more-container\"><a title=\"Rorr\u00f3 Mani\u00e7oba entra com representa\u00e7\u00e3o contra a C\u00e2mara Municipal\" class=\"read-more button\" href=\"https:\/\/blogdojuniorcavalcanti.com.br\/index.php\/2022\/08\/25\/rorro-manicoba-entra-com-representacao-contra-a-camara-municipal\/#more-19408\" aria-label=\"More on Rorr\u00f3 Mani\u00e7oba entra com representa\u00e7\u00e3o contra a C\u00e2mara Municipal\">Leia mais<\/a><\/p>\n","protected":false},"author":2,"featured_media":0,"comment_status":"open","ping_status":"open","sticky":false,"template":"","format":"standard","meta":{"footnotes":""},"categories":[30],"tags":[],"class_list":["post-19408","post","type-post","status-publish","format-standard","hentry","category-regional"],"_links":{"self":[{"href":"https:\/\/blogdojuniorcavalcanti.com.br\/index.php\/wp-json\/wp\/v2\/posts\/19408","targetHints":{"allow":["GET"]}}],"collection":[{"href":"https:\/\/blogdojuniorcavalcanti.com.br\/index.php\/wp-json\/wp\/v2\/posts"}],"about":[{"href":"https:\/\/blogdojuniorcavalcanti.com.br\/index.php\/wp-json\/wp\/v2\/types\/post"}],"author":[{"embeddable":true,"href":"https:\/\/blogdojuniorcavalcanti.com.br\/index.php\/wp-json\/wp\/v2\/users\/2"}],"replies":[{"embeddable":true,"href":"https:\/\/blogdojuniorcavalcanti.com.br\/index.php\/wp-json\/wp\/v2\/comments?post=19408"}],"version-history":[{"count":1,"href":"https:\/\/blogdojuniorcavalcanti.com.br\/index.php\/wp-json\/wp\/v2\/posts\/19408\/revisions"}],"predecessor-version":[{"id":19409,"href":"https:\/\/blogdojuniorcavalcanti.com.br\/index.php\/wp-json\/wp\/v2\/posts\/19408\/revisions\/19409"}],"wp:attachment":[{"href":"https:\/\/blogdojuniorcavalcanti.com.br\/index.php\/wp-json\/wp\/v2\/media?parent=19408"}],"wp:term":[{"taxonomy":"category","embeddable":true,"href":"https:\/\/blogdojuniorcavalcanti.com.br\/index.php\/wp-json\/wp\/v2\/categories?post=19408"},{"taxonomy":"post_tag","embeddable":true,"href":"https:\/\/blogdojuniorcavalcanti.com.br\/index.php\/wp-json\/wp\/v2\/tags?post=19408"}],"curies":[{"name":"wp","href":"https:\/\/api.w.org\/{rel}","templated":true}]}}