{"id":19641,"date":"2022-09-05T04:53:19","date_gmt":"2022-09-05T07:53:19","guid":{"rendered":"https:\/\/blogdojuniorcavalcanti.com.br\/?p=19641"},"modified":"2022-09-05T04:53:19","modified_gmt":"2022-09-05T07:53:19","slug":"5g-estreia-hoje-em-fortaleza-natal-e-recife","status":"publish","type":"post","link":"https:\/\/blogdojuniorcavalcanti.com.br\/index.php\/2022\/09\/05\/5g-estreia-hoje-em-fortaleza-natal-e-recife\/","title":{"rendered":"5G estreia hoje em Fortaleza, Natal e Recife"},"content":{"rendered":"<p style=\"text-align: justify;\"><span style=\"font-size: 14pt; font-family: arial, helvetica, sans-serif;\"><img fetchpriority=\"high\" decoding=\"async\" class=\"i-amphtml-fill-content i-amphtml-replaced-content aligncenter\" src=\"https:\/\/s2.glbimg.com\/CsxugxMXA5QZUtAA-IeKdbh6Hoo=\/0x0:5568x3712\/924x0\/smart\/filters:strip_icc()\/i.s3.glbimg.com\/v1\/AUTH_da025474c0c44edd99332dddb09cabe8\/internal_photos\/bs\/2022\/H\/d\/ke3JA4R9yAk3VB5QvMhg\/3.glbimg.com-v1-auth-0ae9f161c1ff459593599b7ffa1a1292-images-escenic-2021-9-16-15-1652314772636.jpg\" srcset=\"\" alt=\"5G estreia hoje em Fortaleza, Natal e Recife. O que muda com a nova tecnologia? Tire suas d\u00favidas\" width=\"671\" height=\"447\" \/><\/span><\/p>\n<p style=\"text-align: justify;\"><span style=\"font-size: 14pt; font-family: arial, helvetica, sans-serif;\">Estreia nesta segunda-feira em Fortaleza (CE), Natal (RN) e Recife (PE) o 5G puro (standalone), que oferece mais velocidade de internet e baixo tempo de resposta. Com a autoriza\u00e7\u00e3o da Anatel para que as operadoras de telefonia ativem a quinta gera\u00e7\u00e3o de internet m\u00f3vel nessas tr\u00eas capitais, o pa\u00eds alcan\u00e7a um total de 15 cidades com o novo sistema.<\/span><\/p>\n<p style=\"text-align: justify;\"><span style=\"font-size: 14pt; font-family: arial, helvetica, sans-serif;\">As prestadoras Claro, Tim e Vivo \u2013 empresas que arremataram as novas frequ\u00eancias \u2013 dever\u00e3o ter no m\u00ednimo 63 esta\u00e7\u00f5es de 5G ativadas no Recife, 33 em Natal e 102 em Fortaleza at\u00e9 o dia 28 de novembro, quando vence a obriga\u00e7\u00e3o do edital do leil\u00e3o realizado no fim do ano passado, segundo a Ag\u00eancia Nacional de Telecomunica\u00e7\u00f5es (Anatel).<\/span><\/p>\n<p style=\"text-align: justify;\"><span style=\"font-size: 14pt; font-family: arial, helvetica, sans-serif;\">Modelos da Samsung, Apple, Motorola, Xiaomi e Realme j\u00e1 tem a frequ\u00eancia de 3,5 GHz que suporta a 5G<\/span><\/p>\n<p style=\"text-align: justify;\"><span style=\"font-size: 14pt; font-family: arial, helvetica, sans-serif;\">J\u00e1 h\u00e1 esta\u00e7\u00f5es de 5G operando em Bras\u00edlia (DF), Belo Horizonte (MG), Curitiba (PR), Florian\u00f3polis (SC), Goi\u00e2nia (GO), Jo\u00e3o Pessoa (PB), Palmas (TO), Porto Alegre (RS), Rio de Janeiro (RJ), Salvador (BA), S\u00e3o Paulo (SP) e Vit\u00f3ria (ES). Tire a seguir as principais d\u00favidas sobre o 5G:<\/span><\/p>\n<p style=\"text-align: justify;\"><span style=\"font-size: 14pt; font-family: arial, helvetica, sans-serif;\"><strong>O que \u00e9 o 5G?<\/strong><\/span><\/p>\n<p style=\"text-align: justify;\"><span style=\"font-size: 14pt; font-family: arial, helvetica, sans-serif;\">O 5G \u00e9 a quinta gera\u00e7\u00e3o de internet m\u00f3vel, uma evolu\u00e7\u00e3o da rede 4G atual. A expectativa \u00e9 que ela traga mais velocidade para o tr\u00e1fego de dados m\u00f3veis no dia a dia, reduzindo o tempo de resposta entre diferentes dispositivos e trazendo maior estabilidade para as conex\u00f5es.<\/span><\/p>\n<p style=\"text-align: justify;\"><span style=\"font-size: 14pt; font-family: arial, helvetica, sans-serif;\"><strong>O que muda com a chegada do 5G?<\/strong><\/span><\/p>\n<p style=\"text-align: justify;\"><span style=\"font-size: 14pt; font-family: arial, helvetica, sans-serif;\">A nova gera\u00e7\u00e3o permite velocidade at\u00e9 cem vezes maior que a da atual rede 4G. Para acess\u00e1-la \u00e9 preciso contar com um aparelho celular habilitado ao 5G.<\/span><\/p>\n<p style=\"text-align: justify;\"><span style=\"font-size: 14pt; font-family: arial, helvetica, sans-serif;\">O 5G vai favorecer possibilidades de novas experi\u00eancias digitais, como games em tempo real com v\u00e1rios usu\u00e1rios jogando simultaneamente, internet das coisas e realidades virtual e aumentada.<\/span><\/p>\n<p style=\"text-align: justify;\"><span style=\"font-size: 14pt; font-family: arial, helvetica, sans-serif;\">Desde 2020 as operadoras j\u00e1 ofereciam no pa\u00eds o 5G DSS, rede com velocidade maior que a do 4G, mas ainda longe do 5G real. O DSS \u00e9 uma combina\u00e7\u00e3o de frequ\u00eancias usadas para prover maior velocidade com antenas 4G.<\/span><\/p>\n","protected":false},"excerpt":{"rendered":"<p>Estreia nesta segunda-feira em Fortaleza (CE), Natal (RN) e Recife (PE) o 5G puro (standalone), que oferece mais velocidade de internet e baixo tempo de resposta. Com a autoriza&ccedil;&atilde;o da Anatel para que as operadoras de telefonia ativem a quinta gera&ccedil;&atilde;o de internet m&oacute;vel nessas tr&ecirc;s capitais, o pa&iacute;s alcan&ccedil;a um total de 15 cidades com o novo sistema. As prestadoras Claro, Tim e Vivo &ndash; empresas que arremataram as novas frequ&ecirc;ncias &ndash; dever&atilde;o ter no m&iacute;nimo 63 esta&ccedil;&otilde;es de 5G ativadas no Recife, 33 em Natal e 102 em Fortaleza at&eacute; o dia 28 de novembro, quando vence a &#8230; <\/p>\n<p class=\"read-more-container\"><a title=\"5G estreia hoje em Fortaleza, Natal e Recife\" class=\"read-more button\" href=\"https:\/\/blogdojuniorcavalcanti.com.br\/index.php\/2022\/09\/05\/5g-estreia-hoje-em-fortaleza-natal-e-recife\/#more-19641\" aria-label=\"More on 5G estreia hoje em Fortaleza, Natal e Recife\">Leia mais<\/a><\/p>\n","protected":false},"author":2,"featured_media":0,"comment_status":"open","ping_status":"open","sticky":false,"template":"","format":"standard","meta":{"footnotes":""},"categories":[33],"tags":[],"class_list":["post-19641","post","type-post","status-publish","format-standard","hentry","category-brasil"],"_links":{"self":[{"href":"https:\/\/blogdojuniorcavalcanti.com.br\/index.php\/wp-json\/wp\/v2\/posts\/19641","targetHints":{"allow":["GET"]}}],"collection":[{"href":"https:\/\/blogdojuniorcavalcanti.com.br\/index.php\/wp-json\/wp\/v2\/posts"}],"about":[{"href":"https:\/\/blogdojuniorcavalcanti.com.br\/index.php\/wp-json\/wp\/v2\/types\/post"}],"author":[{"embeddable":true,"href":"https:\/\/blogdojuniorcavalcanti.com.br\/index.php\/wp-json\/wp\/v2\/users\/2"}],"replies":[{"embeddable":true,"href":"https:\/\/blogdojuniorcavalcanti.com.br\/index.php\/wp-json\/wp\/v2\/comments?post=19641"}],"version-history":[{"count":1,"href":"https:\/\/blogdojuniorcavalcanti.com.br\/index.php\/wp-json\/wp\/v2\/posts\/19641\/revisions"}],"predecessor-version":[{"id":19642,"href":"https:\/\/blogdojuniorcavalcanti.com.br\/index.php\/wp-json\/wp\/v2\/posts\/19641\/revisions\/19642"}],"wp:attachment":[{"href":"https:\/\/blogdojuniorcavalcanti.com.br\/index.php\/wp-json\/wp\/v2\/media?parent=19641"}],"wp:term":[{"taxonomy":"category","embeddable":true,"href":"https:\/\/blogdojuniorcavalcanti.com.br\/index.php\/wp-json\/wp\/v2\/categories?post=19641"},{"taxonomy":"post_tag","embeddable":true,"href":"https:\/\/blogdojuniorcavalcanti.com.br\/index.php\/wp-json\/wp\/v2\/tags?post=19641"}],"curies":[{"name":"wp","href":"https:\/\/api.w.org\/{rel}","templated":true}]}}