{"id":19952,"date":"2022-09-19T04:43:19","date_gmt":"2022-09-19T07:43:19","guid":{"rendered":"https:\/\/blogdojuniorcavalcanti.com.br\/?p=19952"},"modified":"2022-09-19T04:43:19","modified_gmt":"2022-09-19T07:43:19","slug":"sao-jose-do-egito-atinge-8169-de-criancas-vacinadas-contra-polio","status":"publish","type":"post","link":"https:\/\/blogdojuniorcavalcanti.com.br\/index.php\/2022\/09\/19\/sao-jose-do-egito-atinge-8169-de-criancas-vacinadas-contra-polio\/","title":{"rendered":"S\u00e3o Jos\u00e9 do Egito atinge 81,69% de crian\u00e7as vacinadas contra p\u00f3lio"},"content":{"rendered":"<p style=\"text-align: justify;\"><span style=\"font-size: 14pt;\"><img fetchpriority=\"high\" decoding=\"async\" class=\"alignleft wp-image-240827 jetpack-lazy-image jetpack-lazy-image--handled\" src=\"https:\/\/nilljunior.com.br\/wp-content\/uploads\/2022\/09\/Vacina-Polio.png\" sizes=\"(max-width: 400px) 100vw, 400px\" srcset=\"https:\/\/nilljunior.com.br\/wp-content\/uploads\/2022\/09\/Vacina-Polio.png 575w, https:\/\/nilljunior.com.br\/wp-content\/uploads\/2022\/09\/Vacina-Polio-300x169.png 300w\" alt=\"\" width=\"400\" height=\"225\" data-attachment-id=\"240827\" data-permalink=\"https:\/\/nilljunior.com.br\/sao-jose-do-egito-atinge-8169-de-criancas-vacinadas-contra-polio\/vacina-polio\/\" data-orig-file=\"https:\/\/nilljunior.com.br\/wp-content\/uploads\/2022\/09\/Vacina-Polio.png\" data-orig-size=\"575,324\" data-comments-opened=\"1\" data-image-meta=\"{&quot;aperture&quot;:&quot;0&quot;,&quot;credit&quot;:&quot;&quot;,&quot;camera&quot;:&quot;&quot;,&quot;caption&quot;:&quot;&quot;,&quot;created_timestamp&quot;:&quot;0&quot;,&quot;copyright&quot;:&quot;&quot;,&quot;focal_length&quot;:&quot;0&quot;,&quot;iso&quot;:&quot;0&quot;,&quot;shutter_speed&quot;:&quot;0&quot;,&quot;title&quot;:&quot;&quot;,&quot;orientation&quot;:&quot;0&quot;}\" data-image-title=\"Vacina-Polio\" data-image-description=\"\" data-medium-file=\"https:\/\/nilljunior.com.br\/wp-content\/uploads\/2022\/09\/Vacina-Polio-300x169.png\" data-large-file=\"https:\/\/nilljunior.com.br\/wp-content\/uploads\/2022\/09\/Vacina-Polio.png\" data-lazy-loaded=\"1\" \/><span style=\"font-family: arial, helvetica, sans-serif;\">Bem acima da m\u00e9dia nacional e estadual, S\u00e3o Jos\u00e9 do Egito ainda n\u00e3o atingiu a meta estabelecida pelo Minist\u00e9rio da Sa\u00fade de vacinar 95% das suas crian\u00e7as, com faixa et\u00e1ria de 1 a 5 anos com a vacina contra a poliomielite.<\/span><\/span><\/p>\n<p style=\"text-align: justify;\"><span style=\"font-size: 14pt; font-family: arial, helvetica, sans-serif;\">Apesar de ainda n\u00e3o ter chegada na meta, a terceira maior cidade do Paje\u00fa j\u00e1 vacinou 1.482 crian\u00e7as, isso representa 81,69% das 1.814 que precisam tomar a dose da vacina contra a p\u00f3lio e ficarem protegidas da doen\u00e7a que j\u00e1 vitimou tantas crian\u00e7as no mundo ao longo da hist\u00f3ria.<\/span><\/p>\n<p style=\"text-align: justify;\"><span style=\"font-size: 14pt; font-family: arial, helvetica, sans-serif;\">Em S\u00e3o Jos\u00e9 do Egito s\u00e3o 16 Postos de Sa\u00fade da Fam\u00edlia abertos de segunda a sexta com doses dessa e de outras vacinas para serem aplicadas nas nossas crian\u00e7as. At\u00e9 o fim do m\u00eas, segue acontecendo a campanha de multivacina\u00e7\u00e3o que visa atualizar a caderneta de vacina\u00e7\u00e3o dos jovens menores de 15 anos.<\/span><\/p>\n<p style=\"text-align: justify;\"><span style=\"font-size: 14pt; font-family: arial, helvetica, sans-serif;\">Basta levar seu filho at\u00e9 o PSF mais perto de sua casa para a imuniza\u00e7\u00e3o.<\/span><\/p>\n","protected":false},"excerpt":{"rendered":"<p>Bem acima da m&eacute;dia nacional e estadual, S&atilde;o Jos&eacute; do Egito ainda n&atilde;o atingiu a meta estabelecida pelo Minist&eacute;rio da Sa&uacute;de de vacinar 95% das suas crian&ccedil;as, com faixa et&aacute;ria de 1 a 5 anos com a vacina contra a poliomielite. Apesar de ainda n&atilde;o ter chegada na meta, a terceira maior cidade do Paje&uacute; j&aacute; vacinou 1.482 crian&ccedil;as, isso representa 81,69% das 1.814 que precisam tomar a dose da vacina contra a p&oacute;lio e ficarem protegidas da doen&ccedil;a que j&aacute; vitimou tantas crian&ccedil;as no mundo ao longo da hist&oacute;ria. Em S&atilde;o Jos&eacute; do Egito s&atilde;o 16 Postos de Sa&uacute;de &#8230; <\/p>\n<p class=\"read-more-container\"><a title=\"S\u00e3o Jos\u00e9 do Egito atinge 81,69% de crian\u00e7as vacinadas contra p\u00f3lio\" class=\"read-more button\" href=\"https:\/\/blogdojuniorcavalcanti.com.br\/index.php\/2022\/09\/19\/sao-jose-do-egito-atinge-8169-de-criancas-vacinadas-contra-polio\/#more-19952\" aria-label=\"More on S\u00e3o Jos\u00e9 do Egito atinge 81,69% de crian\u00e7as vacinadas contra p\u00f3lio\">Leia mais<\/a><\/p>\n","protected":false},"author":2,"featured_media":0,"comment_status":"open","ping_status":"open","sticky":false,"template":"","format":"standard","meta":{"footnotes":""},"categories":[30],"tags":[],"class_list":["post-19952","post","type-post","status-publish","format-standard","hentry","category-regional"],"_links":{"self":[{"href":"https:\/\/blogdojuniorcavalcanti.com.br\/index.php\/wp-json\/wp\/v2\/posts\/19952","targetHints":{"allow":["GET"]}}],"collection":[{"href":"https:\/\/blogdojuniorcavalcanti.com.br\/index.php\/wp-json\/wp\/v2\/posts"}],"about":[{"href":"https:\/\/blogdojuniorcavalcanti.com.br\/index.php\/wp-json\/wp\/v2\/types\/post"}],"author":[{"embeddable":true,"href":"https:\/\/blogdojuniorcavalcanti.com.br\/index.php\/wp-json\/wp\/v2\/users\/2"}],"replies":[{"embeddable":true,"href":"https:\/\/blogdojuniorcavalcanti.com.br\/index.php\/wp-json\/wp\/v2\/comments?post=19952"}],"version-history":[{"count":1,"href":"https:\/\/blogdojuniorcavalcanti.com.br\/index.php\/wp-json\/wp\/v2\/posts\/19952\/revisions"}],"predecessor-version":[{"id":19953,"href":"https:\/\/blogdojuniorcavalcanti.com.br\/index.php\/wp-json\/wp\/v2\/posts\/19952\/revisions\/19953"}],"wp:attachment":[{"href":"https:\/\/blogdojuniorcavalcanti.com.br\/index.php\/wp-json\/wp\/v2\/media?parent=19952"}],"wp:term":[{"taxonomy":"category","embeddable":true,"href":"https:\/\/blogdojuniorcavalcanti.com.br\/index.php\/wp-json\/wp\/v2\/categories?post=19952"},{"taxonomy":"post_tag","embeddable":true,"href":"https:\/\/blogdojuniorcavalcanti.com.br\/index.php\/wp-json\/wp\/v2\/tags?post=19952"}],"curies":[{"name":"wp","href":"https:\/\/api.w.org\/{rel}","templated":true}]}}