{"id":20031,"date":"2022-09-22T04:57:47","date_gmt":"2022-09-22T07:57:47","guid":{"rendered":"https:\/\/blogdojuniorcavalcanti.com.br\/?p=20031"},"modified":"2022-09-22T04:57:47","modified_gmt":"2022-09-22T07:57:47","slug":"zeinha-torres-se-reune-com-gerente-geral-do-banco-do-brasil","status":"publish","type":"post","link":"https:\/\/blogdojuniorcavalcanti.com.br\/index.php\/2022\/09\/22\/zeinha-torres-se-reune-com-gerente-geral-do-banco-do-brasil\/","title":{"rendered":"Zeinha Torres se re\u00fane com Gerente geral do Banco do Brasil"},"content":{"rendered":"<p style=\"text-align: justify;\"><span style=\"font-size: 14pt;\"><strong><em><img fetchpriority=\"high\" decoding=\"async\" class=\"alignleft wp-image-241105 jetpack-lazy-image jetpack-lazy-image--handled\" src=\"https:\/\/nilljunior.com.br\/wp-content\/uploads\/2022\/09\/Zeinha-gerente-banco-do-brasil-21-09-22-600x374.jpeg\" sizes=\"(max-width: 400px) 100vw, 400px\" srcset=\"https:\/\/nilljunior.com.br\/wp-content\/uploads\/2022\/09\/Zeinha-gerente-banco-do-brasil-21-09-22-600x374.jpeg 600w, https:\/\/nilljunior.com.br\/wp-content\/uploads\/2022\/09\/Zeinha-gerente-banco-do-brasil-21-09-22-300x187.jpeg 300w, https:\/\/nilljunior.com.br\/wp-content\/uploads\/2022\/09\/Zeinha-gerente-banco-do-brasil-21-09-22-768x479.jpeg 768w, https:\/\/nilljunior.com.br\/wp-content\/uploads\/2022\/09\/Zeinha-gerente-banco-do-brasil-21-09-22.jpeg 1024w\" alt=\"\" width=\"400\" height=\"250\" data-attachment-id=\"241105\" data-permalink=\"https:\/\/nilljunior.com.br\/zeinha-torres-se-reune-com-gerente-geral-do-banco-do-brasil\/zeinha-gerente-banco-do-brasil-21-09-22\/\" data-orig-file=\"https:\/\/nilljunior.com.br\/wp-content\/uploads\/2022\/09\/Zeinha-gerente-banco-do-brasil-21-09-22.jpeg\" data-orig-size=\"1024,639\" data-comments-opened=\"1\" data-image-meta=\"{&quot;aperture&quot;:&quot;0&quot;,&quot;credit&quot;:&quot;&quot;,&quot;camera&quot;:&quot;&quot;,&quot;caption&quot;:&quot;&quot;,&quot;created_timestamp&quot;:&quot;0&quot;,&quot;copyright&quot;:&quot;&quot;,&quot;focal_length&quot;:&quot;0&quot;,&quot;iso&quot;:&quot;0&quot;,&quot;shutter_speed&quot;:&quot;0&quot;,&quot;title&quot;:&quot;&quot;,&quot;orientation&quot;:&quot;0&quot;}\" data-image-title=\"Zeinha-gerente-banco-do-brasil-21-09-22\" data-image-description=\"\" data-medium-file=\"https:\/\/nilljunior.com.br\/wp-content\/uploads\/2022\/09\/Zeinha-gerente-banco-do-brasil-21-09-22-300x187.jpeg\" data-large-file=\"https:\/\/nilljunior.com.br\/wp-content\/uploads\/2022\/09\/Zeinha-gerente-banco-do-brasil-21-09-22-600x374.jpeg\" data-lazy-loaded=\"1\" \/><span style=\"font-family: arial, helvetica, sans-serif;\">Prefeito discutiu conv\u00eanios e investimentos para o munic\u00edpio<\/span><\/em><\/strong><\/span><\/p>\n<p style=\"text-align: justify;\"><span style=\"font-size: 14pt; font-family: arial, helvetica, sans-serif;\">Na manh\u00e3 desta quarta-feira (21), o prefeito do munic\u00edpio de Iguaracy, Zeinha Torres, recebeu em seu gabinete a visita do Gerente geral do Banco do Brasil, Gesiel Bel\u00e9m<\/span><\/p>\n<p style=\"text-align: justify;\"><span style=\"font-size: 14pt; font-family: arial, helvetica, sans-serif;\">Durante a reuni\u00e3o foram tratados assuntos referentes aos conv\u00eanios do munic\u00edpio com o Banco do Brasil. Tamb\u00e9m foi trataram de linhas de cr\u00e9ditos para novos investimentos no munic\u00edpio.<\/span><\/p>\n<p style=\"text-align: justify;\"><span style=\"font-size: 14pt; font-family: arial, helvetica, sans-serif;\">Participaram ainda: o gerente de Relacionamento, Sergio Vasconcelos e o secret\u00e1rio de administra\u00e7\u00e3o, Marcos Melo.<\/span><\/p>\n","protected":false},"excerpt":{"rendered":"<p>Prefeito discutiu conv&ecirc;nios e investimentos para o munic&iacute;pio Na manh&atilde; desta quarta-feira (21), o prefeito do munic&iacute;pio de Iguaracy, Zeinha Torres, recebeu em seu gabinete a visita do Gerente geral do Banco do Brasil, Gesiel Bel&eacute;m Durante a reuni&atilde;o foram tratados assuntos referentes aos conv&ecirc;nios do munic&iacute;pio com o Banco do Brasil. Tamb&eacute;m foi trataram de linhas de cr&eacute;ditos para novos investimentos no munic&iacute;pio. Participaram ainda: o gerente de Relacionamento, Sergio Vasconcelos e o secret&aacute;rio de administra&ccedil;&atilde;o, Marcos Melo.<\/p>\n","protected":false},"author":2,"featured_media":0,"comment_status":"open","ping_status":"open","sticky":false,"template":"","format":"standard","meta":{"footnotes":""},"categories":[30],"tags":[],"class_list":["post-20031","post","type-post","status-publish","format-standard","hentry","category-regional"],"_links":{"self":[{"href":"https:\/\/blogdojuniorcavalcanti.com.br\/index.php\/wp-json\/wp\/v2\/posts\/20031","targetHints":{"allow":["GET"]}}],"collection":[{"href":"https:\/\/blogdojuniorcavalcanti.com.br\/index.php\/wp-json\/wp\/v2\/posts"}],"about":[{"href":"https:\/\/blogdojuniorcavalcanti.com.br\/index.php\/wp-json\/wp\/v2\/types\/post"}],"author":[{"embeddable":true,"href":"https:\/\/blogdojuniorcavalcanti.com.br\/index.php\/wp-json\/wp\/v2\/users\/2"}],"replies":[{"embeddable":true,"href":"https:\/\/blogdojuniorcavalcanti.com.br\/index.php\/wp-json\/wp\/v2\/comments?post=20031"}],"version-history":[{"count":1,"href":"https:\/\/blogdojuniorcavalcanti.com.br\/index.php\/wp-json\/wp\/v2\/posts\/20031\/revisions"}],"predecessor-version":[{"id":20032,"href":"https:\/\/blogdojuniorcavalcanti.com.br\/index.php\/wp-json\/wp\/v2\/posts\/20031\/revisions\/20032"}],"wp:attachment":[{"href":"https:\/\/blogdojuniorcavalcanti.com.br\/index.php\/wp-json\/wp\/v2\/media?parent=20031"}],"wp:term":[{"taxonomy":"category","embeddable":true,"href":"https:\/\/blogdojuniorcavalcanti.com.br\/index.php\/wp-json\/wp\/v2\/categories?post=20031"},{"taxonomy":"post_tag","embeddable":true,"href":"https:\/\/blogdojuniorcavalcanti.com.br\/index.php\/wp-json\/wp\/v2\/tags?post=20031"}],"curies":[{"name":"wp","href":"https:\/\/api.w.org\/{rel}","templated":true}]}}