{"id":20158,"date":"2022-09-29T04:49:53","date_gmt":"2022-09-29T07:49:53","guid":{"rendered":"https:\/\/blogdojuniorcavalcanti.com.br\/?p=20158"},"modified":"2022-09-29T04:49:53","modified_gmt":"2022-09-29T07:49:53","slug":"pela-poderdata-lula-nao-leva-no-primeito-turno","status":"publish","type":"post","link":"https:\/\/blogdojuniorcavalcanti.com.br\/index.php\/2022\/09\/29\/pela-poderdata-lula-nao-leva-no-primeito-turno\/","title":{"rendered":"Pela PoderData, Lula n\u00e3o leva no primeito turno"},"content":{"rendered":"<p style=\"text-align: justify;\"><span style=\"font-size: 14pt; font-family: arial, helvetica, sans-serif;\">Pesquisa\u00a0PoderData para as elei\u00e7\u00f5es presidenciais de 2022, divulgada nesta quarta-feira (28), traz o ex-presidente\u00a0Luiz In\u00e1cio Lula da Silva (PT)\u00a0com 48% das inten\u00e7\u00f5es de\u00a0votos v\u00e1lidos, seguido pelo presidente\u00a0Jair Bolsonaro (PL), com 38%.<\/span><\/p>\n<p style=\"text-align: justify;\"><span style=\"font-size: 14pt; font-family: arial, helvetica, sans-serif;\">A proje\u00e7\u00e3o de votos v\u00e1lidos n\u00e3o considera os votos brancos e nulos. Se um candidato receber 50% + 1 dos votos v\u00e1lidos, ele vence no primeiro turno, que est\u00e1 marcado para 2 de outubro.<\/span><\/p>\n<p style=\"text-align: justify;\"><span style=\"font-size: 14pt; font-family: arial, helvetica, sans-serif;\">Na sequ\u00eancia da corrida eleitoral, aparecem\u00a0Ciro Gomes (PDT), com 6% dos votos v\u00e1lidos, e\u00a0Simone Tebet (MDB),\u00a0com 5%.<\/span><\/p>\n<p style=\"text-align: justify;\"><span style=\"font-size: 14pt; font-family: arial, helvetica, sans-serif;\">Em rela\u00e7\u00e3o \u00e0 pesquisa anterior, publicada h\u00e1 uma semana, Lula oscilou dois pontos para cima, Bolsonaro, um ponto para baixo. Ciro oscilou dois pontos para baixo, e Tebet, um ponto para cima.<\/span><\/p>\n<p style=\"text-align: justify;\"><span style=\"font-size: 14pt; font-family: arial, helvetica, sans-serif;\">O instituto ouviu 4.500 pessoas por telefone entre 25 e 27 de setembro. A margem de erro \u00e9 de 1,5 ponto percentual para mais ou para menos. O levantamento tem 95% de confian\u00e7a.<\/span><\/p>\n<p style=\"text-align: justify;\"><span style=\"font-size: 14pt; font-family: arial, helvetica, sans-serif;\">A pesquisa foi realizada com recursos pr\u00f3prios pela empresa PoderData, do grupo Poder360 Jornalismo, e registrada no Tribunal Superior Eleitoral (TSE) sob o protocolo BR-01426\/2022.<\/span><\/p>\n","protected":false},"excerpt":{"rendered":"<p>Pesquisa&nbsp;PoderData para as elei&ccedil;&otilde;es presidenciais de 2022, divulgada nesta quarta-feira (28), traz o ex-presidente&nbsp;Luiz In&aacute;cio Lula da Silva (PT)&nbsp;com 48% das inten&ccedil;&otilde;es de&nbsp;votos v&aacute;lidos, seguido pelo presidente&nbsp;Jair Bolsonaro (PL), com 38%. A proje&ccedil;&atilde;o de votos v&aacute;lidos n&atilde;o considera os votos brancos e nulos. Se um candidato receber 50% + 1 dos votos v&aacute;lidos, ele vence no primeiro turno, que est&aacute; marcado para 2 de outubro. Na sequ&ecirc;ncia da corrida eleitoral, aparecem&nbsp;Ciro Gomes (PDT), com 6% dos votos v&aacute;lidos, e&nbsp;Simone Tebet (MDB),&nbsp;com 5%. Em rela&ccedil;&atilde;o &agrave; pesquisa anterior, publicada h&aacute; uma semana, Lula oscilou dois pontos para cima, Bolsonaro, um ponto &#8230; <\/p>\n<p class=\"read-more-container\"><a title=\"Pela PoderData, Lula n\u00e3o leva no primeito turno\" class=\"read-more button\" href=\"https:\/\/blogdojuniorcavalcanti.com.br\/index.php\/2022\/09\/29\/pela-poderdata-lula-nao-leva-no-primeito-turno\/#more-20158\" aria-label=\"More on Pela PoderData, Lula n\u00e3o leva no primeito turno\">Leia mais<\/a><\/p>\n","protected":false},"author":2,"featured_media":20159,"comment_status":"open","ping_status":"open","sticky":false,"template":"","format":"standard","meta":{"footnotes":""},"categories":[25],"tags":[],"class_list":["post-20158","post","type-post","status-publish","format-standard","has-post-thumbnail","hentry","category-destaque","resize-featured-image"],"_links":{"self":[{"href":"https:\/\/blogdojuniorcavalcanti.com.br\/index.php\/wp-json\/wp\/v2\/posts\/20158","targetHints":{"allow":["GET"]}}],"collection":[{"href":"https:\/\/blogdojuniorcavalcanti.com.br\/index.php\/wp-json\/wp\/v2\/posts"}],"about":[{"href":"https:\/\/blogdojuniorcavalcanti.com.br\/index.php\/wp-json\/wp\/v2\/types\/post"}],"author":[{"embeddable":true,"href":"https:\/\/blogdojuniorcavalcanti.com.br\/index.php\/wp-json\/wp\/v2\/users\/2"}],"replies":[{"embeddable":true,"href":"https:\/\/blogdojuniorcavalcanti.com.br\/index.php\/wp-json\/wp\/v2\/comments?post=20158"}],"version-history":[{"count":1,"href":"https:\/\/blogdojuniorcavalcanti.com.br\/index.php\/wp-json\/wp\/v2\/posts\/20158\/revisions"}],"predecessor-version":[{"id":20160,"href":"https:\/\/blogdojuniorcavalcanti.com.br\/index.php\/wp-json\/wp\/v2\/posts\/20158\/revisions\/20160"}],"wp:featuredmedia":[{"embeddable":true,"href":"https:\/\/blogdojuniorcavalcanti.com.br\/index.php\/wp-json\/wp\/v2\/media\/20159"}],"wp:attachment":[{"href":"https:\/\/blogdojuniorcavalcanti.com.br\/index.php\/wp-json\/wp\/v2\/media?parent=20158"}],"wp:term":[{"taxonomy":"category","embeddable":true,"href":"https:\/\/blogdojuniorcavalcanti.com.br\/index.php\/wp-json\/wp\/v2\/categories?post=20158"},{"taxonomy":"post_tag","embeddable":true,"href":"https:\/\/blogdojuniorcavalcanti.com.br\/index.php\/wp-json\/wp\/v2\/tags?post=20158"}],"curies":[{"name":"wp","href":"https:\/\/api.w.org\/{rel}","templated":true}]}}