{"id":20161,"date":"2022-09-29T04:51:03","date_gmt":"2022-09-29T07:51:03","guid":{"rendered":"https:\/\/blogdojuniorcavalcanti.com.br\/?p=20161"},"modified":"2022-09-29T04:51:03","modified_gmt":"2022-09-29T07:51:03","slug":"incendio-registrado-em-area-residencial-de-afogados","status":"publish","type":"post","link":"https:\/\/blogdojuniorcavalcanti.com.br\/index.php\/2022\/09\/29\/incendio-registrado-em-area-residencial-de-afogados\/","title":{"rendered":"Inc\u00eandio registrado em \u00e1rea residencial de Afogados"},"content":{"rendered":"<p style=\"text-align: justify;\"><span style=\"font-size: 14pt; font-family: arial, helvetica, sans-serif;\">Leitores do blog informaram acerca de um inc\u00eandio no quintal de uma resid\u00eancia, na rua Diomedes Gomes, no centro de Afogados da Ingazeira.<\/span><\/p>\n<p style=\"text-align: justify;\"><span style=\"font-size: 14pt; font-family: arial, helvetica, sans-serif;\">O local fica nas imedia\u00e7\u00f5es da pizzaria Esta\u00e7\u00e3o.\u00a0 O Corpo de Bombeiros foi acionado e de pronto compareceu ao local. Chamou aten\u00e7\u00e3o o descaso do transporte inadequado para combate ao inc\u00eandio, atrav\u00e9s de um reservat\u00f3rio de apenas 500 litros.<\/span><\/p>\n<p style=\"text-align: justify;\"><span style=\"font-size: 14pt; font-family: arial, helvetica, sans-serif;\">O foco est\u00e1 sendo contido com suporte de equipamento manual.<\/span><\/p>\n<p style=\"text-align: justify;\"><span style=\"font-size: 14pt; font-family: arial, helvetica, sans-serif;\">Uma academia pr\u00f3xima teve que ter as atividades paralisadas em virtude da forte fuma\u00e7a que adentrou no local, tornando impratic\u00e1vel a realiza\u00e7\u00e3o de exerc\u00edcios.<\/span><\/p>\n<p style=\"text-align: justify;\"><span style=\"font-size: 14pt; font-family: arial, helvetica, sans-serif;\">Segundo os donos do im\u00f3vel,\u00a0 ainda n\u00e3o \u00e9 poss\u00edvel afirmar o que pode ter causado as chamas. O calor intenso e outros fatores podem contribuir para epis\u00f3dios dessa natureza.<\/span><\/p>\n","protected":false},"excerpt":{"rendered":"<p>Leitores do blog informaram acerca de um inc&ecirc;ndio no quintal de uma resid&ecirc;ncia, na rua Diomedes Gomes, no centro de Afogados da Ingazeira. O local fica nas imedia&ccedil;&otilde;es da pizzaria Esta&ccedil;&atilde;o.&nbsp; O Corpo de Bombeiros foi acionado e de pronto compareceu ao local. Chamou aten&ccedil;&atilde;o o descaso do transporte inadequado para combate ao inc&ecirc;ndio, atrav&eacute;s de um reservat&oacute;rio de apenas 500 litros. O foco est&aacute; sendo contido com suporte de equipamento manual. Uma academia pr&oacute;xima teve que ter as atividades paralisadas em virtude da forte fuma&ccedil;a que adentrou no local, tornando impratic&aacute;vel a realiza&ccedil;&atilde;o de exerc&iacute;cios. Segundo os donos do &#8230; <\/p>\n<p class=\"read-more-container\"><a title=\"Inc\u00eandio registrado em \u00e1rea residencial de Afogados\" class=\"read-more button\" href=\"https:\/\/blogdojuniorcavalcanti.com.br\/index.php\/2022\/09\/29\/incendio-registrado-em-area-residencial-de-afogados\/#more-20161\" aria-label=\"More on Inc\u00eandio registrado em \u00e1rea residencial de Afogados\">Leia mais<\/a><\/p>\n","protected":false},"author":2,"featured_media":20162,"comment_status":"open","ping_status":"open","sticky":false,"template":"","format":"standard","meta":{"footnotes":""},"categories":[25],"tags":[],"class_list":["post-20161","post","type-post","status-publish","format-standard","has-post-thumbnail","hentry","category-destaque","resize-featured-image"],"_links":{"self":[{"href":"https:\/\/blogdojuniorcavalcanti.com.br\/index.php\/wp-json\/wp\/v2\/posts\/20161","targetHints":{"allow":["GET"]}}],"collection":[{"href":"https:\/\/blogdojuniorcavalcanti.com.br\/index.php\/wp-json\/wp\/v2\/posts"}],"about":[{"href":"https:\/\/blogdojuniorcavalcanti.com.br\/index.php\/wp-json\/wp\/v2\/types\/post"}],"author":[{"embeddable":true,"href":"https:\/\/blogdojuniorcavalcanti.com.br\/index.php\/wp-json\/wp\/v2\/users\/2"}],"replies":[{"embeddable":true,"href":"https:\/\/blogdojuniorcavalcanti.com.br\/index.php\/wp-json\/wp\/v2\/comments?post=20161"}],"version-history":[{"count":1,"href":"https:\/\/blogdojuniorcavalcanti.com.br\/index.php\/wp-json\/wp\/v2\/posts\/20161\/revisions"}],"predecessor-version":[{"id":20163,"href":"https:\/\/blogdojuniorcavalcanti.com.br\/index.php\/wp-json\/wp\/v2\/posts\/20161\/revisions\/20163"}],"wp:featuredmedia":[{"embeddable":true,"href":"https:\/\/blogdojuniorcavalcanti.com.br\/index.php\/wp-json\/wp\/v2\/media\/20162"}],"wp:attachment":[{"href":"https:\/\/blogdojuniorcavalcanti.com.br\/index.php\/wp-json\/wp\/v2\/media?parent=20161"}],"wp:term":[{"taxonomy":"category","embeddable":true,"href":"https:\/\/blogdojuniorcavalcanti.com.br\/index.php\/wp-json\/wp\/v2\/categories?post=20161"},{"taxonomy":"post_tag","embeddable":true,"href":"https:\/\/blogdojuniorcavalcanti.com.br\/index.php\/wp-json\/wp\/v2\/tags?post=20161"}],"curies":[{"name":"wp","href":"https:\/\/api.w.org\/{rel}","templated":true}]}}