{"id":20278,"date":"2022-10-04T04:52:36","date_gmt":"2022-10-04T07:52:36","guid":{"rendered":"https:\/\/blogdojuniorcavalcanti.com.br\/?p=20278"},"modified":"2022-10-04T04:52:36","modified_gmt":"2022-10-04T07:52:36","slug":"afogados-volta-a-registrar-casos-da-covid-19","status":"publish","type":"post","link":"https:\/\/blogdojuniorcavalcanti.com.br\/index.php\/2022\/10\/04\/afogados-volta-a-registrar-casos-da-covid-19\/","title":{"rendered":"Afogados volta a registrar casos da covid-19"},"content":{"rendered":"<p style=\"text-align: justify;\"><span style=\"font-size: 14pt; font-family: arial, helvetica, sans-serif;\">A Prefeitura de Afogados da Ingazeira informa que entre os dias 27\/09 e 03\/10 foram notificados 05 casos novos para a COVID-19 em nosso munic\u00edpio.<\/span><\/p>\n<p style=\"text-align: justify;\"><span style=\"font-size: 14pt; font-family: arial, helvetica, sans-serif;\">S\u00e3o 03 pacientes do sexo feminino, com idades entre 18 e 27 anos. Entre elas, 02 tomaram 03 doses e 01 tomou 01 dose; e s\u00e3o 02 pacientes do sexo masculino, com idades de 21 e 36 anos. Entre eles, 01 tomou 03 doses e o outro 04 doses.<\/span><\/p>\n<p style=\"text-align: justify;\"><span style=\"font-size: 14pt; font-family: arial, helvetica, sans-serif;\">Durante o per\u00edodo citado n\u00e3o tivemos novos casos em investiga\u00e7\u00e3o e 35 pacientes apresentaram resultados negativos para COVID-19.<\/span><\/p>\n<p style=\"text-align: justify;\"><span style=\"font-size: 14pt; font-family: arial, helvetica, sans-serif;\">Nesta segunda, 05 pacientes apresentaram alta ap\u00f3s avalia\u00e7\u00e3o cl\u00ednica e\/ou epidemiol\u00f3gica.O munic\u00edpio atingiu a marca de 9.207 (99,13%) recuperadas para a covid-19. Atualmente, o munic\u00edpio n\u00e3o tem casos ativos para a COVID \u2013 19.<\/span><\/p>\n<p style=\"text-align: justify;\"><span style=\"font-size: 14pt; font-family: arial, helvetica, sans-serif;\">Afogados atingiu a marca de 41.372 pessoas testadas para a covid-19, o que representa 111,03% da nossa popula\u00e7\u00e3o.<\/span><\/p>\n<p style=\"text-align: justify;\"><span style=\"font-size: 14pt; font-family: arial, helvetica, sans-serif;\">Casos leves x SRAG\/COVID \u2013 19:<\/span><br \/>\n<span style=\"font-size: 14pt; font-family: arial, helvetica, sans-serif;\">Leves: (9.101 casos), 98,00%;<\/span><br \/>\n<span style=\"font-size: 14pt; font-family: arial, helvetica, sans-serif;\">Graves: (186 casos), 2,00%.<\/span><\/p>\n<p style=\"text-align: justify;\"><span style=\"font-size: 14pt; font-family: arial, helvetica, sans-serif;\">Semana Epidemiol\u00f3gica: Encerrou no \u00faltimo s\u00e1bado (01\/10) a Semana 39, com 05 casos para a COVID-19 e media vari\u00e1vel de 0,71 casos\/dia.<\/span><\/p>\n<p style=\"text-align: justify;\"><span style=\"font-size: 14pt; font-family: arial, helvetica, sans-serif;\">An\u00e1lise das 03 \u00faltimas semanas:<\/span><\/p>\n<p style=\"text-align: justify;\"><span style=\"font-size: 14pt; font-family: arial, helvetica, sans-serif;\">SE 38 \u2013 00 casos e MV 0,00;<\/span><br \/>\n<span style=\"font-size: 14pt; font-family: arial, helvetica, sans-serif;\">SE 37 \u2013 02 casos e MV 0,28;<\/span><br \/>\n<span style=\"font-size: 14pt; font-family: arial, helvetica, sans-serif;\">SE 36- 00 casos e MV 0,00;<\/span><\/p>\n<p style=\"text-align: justify;\"><span style=\"font-size: 14pt; font-family: arial, helvetica, sans-serif;\">Dados atualizados em 03\/10\/2022.<\/span><\/p>\n","protected":false},"excerpt":{"rendered":"<p>A Prefeitura de Afogados da Ingazeira informa que entre os dias 27\/09 e 03\/10 foram notificados 05 casos novos para a COVID-19 em nosso munic&iacute;pio. S&atilde;o 03 pacientes do sexo feminino, com idades entre 18 e 27 anos. Entre elas, 02 tomaram 03 doses e 01 tomou 01 dose; e s&atilde;o 02 pacientes do sexo masculino, com idades de 21 e 36 anos. Entre eles, 01 tomou 03 doses e o outro 04 doses. Durante o per&iacute;odo citado n&atilde;o tivemos novos casos em investiga&ccedil;&atilde;o e 35 pacientes apresentaram resultados negativos para COVID-19. Nesta segunda, 05 pacientes apresentaram alta ap&oacute;s avalia&ccedil;&atilde;o &#8230; <\/p>\n<p class=\"read-more-container\"><a title=\"Afogados volta a registrar casos da covid-19\" class=\"read-more button\" href=\"https:\/\/blogdojuniorcavalcanti.com.br\/index.php\/2022\/10\/04\/afogados-volta-a-registrar-casos-da-covid-19\/#more-20278\" aria-label=\"More on Afogados volta a registrar casos da covid-19\">Leia mais<\/a><\/p>\n","protected":false},"author":2,"featured_media":20279,"comment_status":"open","ping_status":"open","sticky":false,"template":"","format":"standard","meta":{"footnotes":""},"categories":[25],"tags":[],"class_list":["post-20278","post","type-post","status-publish","format-standard","has-post-thumbnail","hentry","category-destaque","resize-featured-image"],"_links":{"self":[{"href":"https:\/\/blogdojuniorcavalcanti.com.br\/index.php\/wp-json\/wp\/v2\/posts\/20278","targetHints":{"allow":["GET"]}}],"collection":[{"href":"https:\/\/blogdojuniorcavalcanti.com.br\/index.php\/wp-json\/wp\/v2\/posts"}],"about":[{"href":"https:\/\/blogdojuniorcavalcanti.com.br\/index.php\/wp-json\/wp\/v2\/types\/post"}],"author":[{"embeddable":true,"href":"https:\/\/blogdojuniorcavalcanti.com.br\/index.php\/wp-json\/wp\/v2\/users\/2"}],"replies":[{"embeddable":true,"href":"https:\/\/blogdojuniorcavalcanti.com.br\/index.php\/wp-json\/wp\/v2\/comments?post=20278"}],"version-history":[{"count":1,"href":"https:\/\/blogdojuniorcavalcanti.com.br\/index.php\/wp-json\/wp\/v2\/posts\/20278\/revisions"}],"predecessor-version":[{"id":20280,"href":"https:\/\/blogdojuniorcavalcanti.com.br\/index.php\/wp-json\/wp\/v2\/posts\/20278\/revisions\/20280"}],"wp:featuredmedia":[{"embeddable":true,"href":"https:\/\/blogdojuniorcavalcanti.com.br\/index.php\/wp-json\/wp\/v2\/media\/20279"}],"wp:attachment":[{"href":"https:\/\/blogdojuniorcavalcanti.com.br\/index.php\/wp-json\/wp\/v2\/media?parent=20278"}],"wp:term":[{"taxonomy":"category","embeddable":true,"href":"https:\/\/blogdojuniorcavalcanti.com.br\/index.php\/wp-json\/wp\/v2\/categories?post=20278"},{"taxonomy":"post_tag","embeddable":true,"href":"https:\/\/blogdojuniorcavalcanti.com.br\/index.php\/wp-json\/wp\/v2\/tags?post=20278"}],"curies":[{"name":"wp","href":"https:\/\/api.w.org\/{rel}","templated":true}]}}