{"id":20281,"date":"2022-10-04T04:53:39","date_gmt":"2022-10-04T07:53:39","guid":{"rendered":"https:\/\/blogdojuniorcavalcanti.com.br\/?p=20281"},"modified":"2022-10-04T04:53:39","modified_gmt":"2022-10-04T07:53:39","slug":"em-arcoverde-wellington-maciel-tambem-comemora-resultado-das-urnas","status":"publish","type":"post","link":"https:\/\/blogdojuniorcavalcanti.com.br\/index.php\/2022\/10\/04\/em-arcoverde-wellington-maciel-tambem-comemora-resultado-das-urnas\/","title":{"rendered":"Em Arcoverde, Wellington Maciel tamb\u00e9m comemora resultado das urnas"},"content":{"rendered":"<p style=\"text-align: justify;\"><span style=\"font-size: 14pt;\"><img fetchpriority=\"high\" decoding=\"async\" class=\"alignleft wp-image-242229 jetpack-lazy-image jetpack-lazy-image--handled\" src=\"https:\/\/nilljunior.com.br\/wp-content\/uploads\/2022\/10\/wellington-Arcoverde.jpeg\" sizes=\"(max-width: 400px) 100vw, 400px\" srcset=\"https:\/\/nilljunior.com.br\/wp-content\/uploads\/2022\/10\/wellington-Arcoverde.jpeg 700w, https:\/\/nilljunior.com.br\/wp-content\/uploads\/2022\/10\/wellington-Arcoverde-300x168.jpeg 300w, https:\/\/nilljunior.com.br\/wp-content\/uploads\/2022\/10\/wellington-Arcoverde-600x337.jpeg 600w\" alt=\"\" width=\"400\" height=\"225\" data-attachment-id=\"242229\" data-permalink=\"https:\/\/nilljunior.com.br\/em-arcoverde-wellington-maciel-tambem-comemora-resultado-das-urnas\/wellington-arcoverde-3\/\" data-orig-file=\"https:\/\/nilljunior.com.br\/wp-content\/uploads\/2022\/10\/wellington-Arcoverde.jpeg\" data-orig-size=\"700,393\" data-comments-opened=\"1\" data-image-meta=\"{&quot;aperture&quot;:&quot;0&quot;,&quot;credit&quot;:&quot;&quot;,&quot;camera&quot;:&quot;&quot;,&quot;caption&quot;:&quot;&quot;,&quot;created_timestamp&quot;:&quot;0&quot;,&quot;copyright&quot;:&quot;&quot;,&quot;focal_length&quot;:&quot;0&quot;,&quot;iso&quot;:&quot;0&quot;,&quot;shutter_speed&quot;:&quot;0&quot;,&quot;title&quot;:&quot;&quot;,&quot;orientation&quot;:&quot;0&quot;}\" data-image-title=\"wellington-Arcoverde\" data-image-description=\"\" data-medium-file=\"https:\/\/nilljunior.com.br\/wp-content\/uploads\/2022\/10\/wellington-Arcoverde-300x168.jpeg\" data-large-file=\"https:\/\/nilljunior.com.br\/wp-content\/uploads\/2022\/10\/wellington-Arcoverde-600x337.jpeg\" data-lazy-loaded=\"1\" \/><span style=\"font-family: arial, helvetica, sans-serif;\">O prefeito de Arcoverde, Wellington Maciel (MDB), est\u00e1 comemorando o resultado das urnas na cidade, que mesmo enfrentando fortes advers\u00e1rios como o ex-prefeito Zeca Cavalcanti, estadual; e o Delegado Israel, candidato a federal, fez seus candidatos a deputados estadual e federal majorit\u00e1rios no munic\u00edpio.<\/span><\/span><\/p>\n<p style=\"text-align: justify;\"><span style=\"font-size: 14pt; font-family: arial, helvetica, sans-serif;\">Para ele, momento de agradecer e seguir em frente com o trabalho.\u00a0<\/span><\/p>\n<p style=\"text-align: justify;\"><span style=\"font-size: 14pt; font-family: arial, helvetica, sans-serif;\">\u201cO momento \u00e9 de agradecer, de dizer obrigado Arcoverde! Fechamos mais um ciclo de vit\u00f3rias, fazendo majorit\u00e1rios nossos candidatos a deputados. S\u00f3 tenho a agradecer a cada militante, cada eleitor, a voc\u00ea que sempre acreditou e confiou em nossa palavra e mostrou, nas urnas, que Arcoverde quer seguir em frente, com amor, paz e trabalho. Vamos seguir, lado a lado com o povo, de m\u00e3os dadas com o futuro e o desenvolvimento de nossa terra e nossa gente. Valeu Arcoverde\u201d, afirmou Wellington Maciel em mensagem ao povo.<\/span><\/p>\n<p style=\"text-align: justify;\"><span style=\"font-size: 14pt; font-family: arial, helvetica, sans-serif;\">Fernando Monteiro (PP) foi o mais votado pela cidade para ocupar um cargo na C\u00e2mara dos Deputados, com 6.357 votos dos arcoverdenses. Ele abriu uma diferen\u00e7a de 2.796 votos sobre o principal advers\u00e1rio, o Delegado Israel que obteve 3.561 votos na cidade.\u00a0<\/span><\/p>\n<p style=\"text-align: justify;\"><span style=\"font-size: 14pt; font-family: arial, helvetica, sans-serif;\">Na esfera estadual, Wellington com seu grupo pol\u00edtico garantiu a Luciano Pacheco (Patriota), 9.252 votos, batendo o segundo colocado, Zeca Cavalcanti que teve 7.131 votos. Wellington com Luciano imp\u00f4s uma diferen\u00e7a de 2.121 votos ao ex-prefeito.<\/span><\/p>\n","protected":false},"excerpt":{"rendered":"<p>O prefeito de Arcoverde, Wellington Maciel (MDB), est&aacute; comemorando o resultado das urnas na cidade, que mesmo enfrentando fortes advers&aacute;rios como o ex-prefeito Zeca Cavalcanti, estadual; e o Delegado Israel, candidato a federal, fez seus candidatos a deputados estadual e federal majorit&aacute;rios no munic&iacute;pio. Para ele, momento de agradecer e seguir em frente com o trabalho.&nbsp; &ldquo;O momento &eacute; de agradecer, de dizer obrigado Arcoverde! Fechamos mais um ciclo de vit&oacute;rias, fazendo majorit&aacute;rios nossos candidatos a deputados. S&oacute; tenho a agradecer a cada militante, cada eleitor, a voc&ecirc; que sempre acreditou e confiou em nossa palavra e mostrou, nas urnas, &#8230; <\/p>\n<p class=\"read-more-container\"><a title=\"Em Arcoverde, Wellington Maciel tamb\u00e9m comemora resultado das urnas\" class=\"read-more button\" href=\"https:\/\/blogdojuniorcavalcanti.com.br\/index.php\/2022\/10\/04\/em-arcoverde-wellington-maciel-tambem-comemora-resultado-das-urnas\/#more-20281\" aria-label=\"More on Em Arcoverde, Wellington Maciel tamb\u00e9m comemora resultado das urnas\">Leia mais<\/a><\/p>\n","protected":false},"author":2,"featured_media":0,"comment_status":"open","ping_status":"open","sticky":false,"template":"","format":"standard","meta":{"footnotes":""},"categories":[27],"tags":[],"class_list":["post-20281","post","type-post","status-publish","format-standard","hentry","category-politica"],"_links":{"self":[{"href":"https:\/\/blogdojuniorcavalcanti.com.br\/index.php\/wp-json\/wp\/v2\/posts\/20281","targetHints":{"allow":["GET"]}}],"collection":[{"href":"https:\/\/blogdojuniorcavalcanti.com.br\/index.php\/wp-json\/wp\/v2\/posts"}],"about":[{"href":"https:\/\/blogdojuniorcavalcanti.com.br\/index.php\/wp-json\/wp\/v2\/types\/post"}],"author":[{"embeddable":true,"href":"https:\/\/blogdojuniorcavalcanti.com.br\/index.php\/wp-json\/wp\/v2\/users\/2"}],"replies":[{"embeddable":true,"href":"https:\/\/blogdojuniorcavalcanti.com.br\/index.php\/wp-json\/wp\/v2\/comments?post=20281"}],"version-history":[{"count":1,"href":"https:\/\/blogdojuniorcavalcanti.com.br\/index.php\/wp-json\/wp\/v2\/posts\/20281\/revisions"}],"predecessor-version":[{"id":20282,"href":"https:\/\/blogdojuniorcavalcanti.com.br\/index.php\/wp-json\/wp\/v2\/posts\/20281\/revisions\/20282"}],"wp:attachment":[{"href":"https:\/\/blogdojuniorcavalcanti.com.br\/index.php\/wp-json\/wp\/v2\/media?parent=20281"}],"wp:term":[{"taxonomy":"category","embeddable":true,"href":"https:\/\/blogdojuniorcavalcanti.com.br\/index.php\/wp-json\/wp\/v2\/categories?post=20281"},{"taxonomy":"post_tag","embeddable":true,"href":"https:\/\/blogdojuniorcavalcanti.com.br\/index.php\/wp-json\/wp\/v2\/tags?post=20281"}],"curies":[{"name":"wp","href":"https:\/\/api.w.org\/{rel}","templated":true}]}}