{"id":20535,"date":"2022-10-14T04:50:51","date_gmt":"2022-10-14T07:50:51","guid":{"rendered":"https:\/\/blogdojuniorcavalcanti.com.br\/?p=20535"},"modified":"2022-10-14T04:50:51","modified_gmt":"2022-10-14T07:50:51","slug":"sandrinho-diz-que-questao-local-e-conjuntura-determinaram-seu-apoio-a-raquel","status":"publish","type":"post","link":"https:\/\/blogdojuniorcavalcanti.com.br\/index.php\/2022\/10\/14\/sandrinho-diz-que-questao-local-e-conjuntura-determinaram-seu-apoio-a-raquel\/","title":{"rendered":"Sandrinho diz que quest\u00e3o local e conjuntura determinaram seu apoio a Raquel"},"content":{"rendered":"<p style=\"text-align: justify;\"><span style=\"font-size: 14pt; font-family: arial, helvetica, sans-serif;\"><em><strong>\u201cMinha rela\u00e7\u00e3o com Patriota \u00e9 inquebrant\u00e1vel\u201d, disse.<\/strong><\/em><\/span><\/p>\n<p style=\"text-align: justify;\"><span style=\"font-size: 14pt; font-family: arial, helvetica, sans-serif;\">O prefeito de Afogados da Ingazeira, Sandrinho Palmeira (PSB), disse que a quest\u00e3o local e a conjuntura pesaram para seu apoio a Raquel Lyra. Foi no\u00a0<strong>Debate das Dez<\/strong>\u00a0do programa Manh\u00e3 Total.<\/span><\/p>\n<p style=\"text-align: justify;\"><span style=\"font-size: 14pt; font-family: arial, helvetica, sans-serif;\">Ele deu como exemplos o apoio declarado de Mar\u00edlia Arraes a Ev\u00e2ngela Vieira. Ainda citou uma declara\u00e7\u00e3o de Maria Arraes, federal eleita, de que\u00a0\u201cAfogados n\u00e3o estava bem cuidada\u201d.<\/span><\/p>\n<p style=\"text-align: justify;\"><span style=\"font-size: 14pt; font-family: arial, helvetica, sans-serif;\">\u201cTeve ainda a forma como ela combateu a Frente Popular e o PSB. No dia seguinte \u00e0 elei\u00e7\u00e3o, disse que n\u00e3o seguiria o PSB\u201d. Ainda citou o fato de que, segundo ele, Raquel \u00e9 mais preparada, dada a experi\u00eancia como prefeita de Caruaru.<\/span><\/p>\n<p style=\"text-align: justify;\"><span style=\"font-size: 14pt; font-family: arial, helvetica, sans-serif;\">Sandrinho revelou ter conversado com as duas candidatas.\u00a0\u201cDiscutimos tamb\u00e9m o Paje\u00fa\u201d, revelou. Para a regi\u00e3o, Sandrinho disse ter firmado compromissos com Raquel, como o fortalecimento do SAMU regional, a manuten\u00e7\u00e3o das Organiza\u00e7\u00f5es Sociais, Agricultura familiar, combate ao desmatamento, compromisso com estradas, \u00e1gua. Ele tamb\u00e9m fez refer\u00eancia a espa\u00e7os regionais.<\/span><\/p>\n<p style=\"text-align: justify;\"><span style=\"font-size: 14pt; font-family: arial, helvetica, sans-serif;\">O prefeito garantiu que Raquel foi informada de que Patriota n\u00e3o a apoiaria e disse entender a posi\u00e7\u00e3o do Deputado eleito. E acrescentou: \u201cMinha rela\u00e7\u00e3o com Patriota \u00e9 inquebrant\u00e1vel\u201d.<\/span><\/p>\n<p style=\"text-align: justify;\"><span style=\"font-size: 14pt; font-family: arial, helvetica, sans-serif;\">Ele se manifestou dizendo n\u00e3o haver estrat\u00e9gia de ocupa\u00e7\u00e3o de dois palanques. Tamb\u00e9m que Patriota n\u00e3o dever\u00e1 ter tempo para fazer campanha. Ainda respondeu ao vereador Douglas Eletricista, que criticou a defini\u00e7\u00e3o dos dois em rede social. \u201cAgora tenho praticamente certeza de que ele n\u00e3o votou em Patriota. como falar em incoer\u00eancia? Douglas deu quatro votos diferentes. Se comprometeu com Pedro Campos, sinalizou votar primeiro em Danilo, pediu licen\u00e7a para pra apoiar Andr\u00e9 de Paula\u201d.<\/span><\/p>\n","protected":false},"excerpt":{"rendered":"<p>&ldquo;Minha rela&ccedil;&atilde;o com Patriota &eacute; inquebrant&aacute;vel&rdquo;, disse. O prefeito de Afogados da Ingazeira, Sandrinho Palmeira (PSB), disse que a quest&atilde;o local e a conjuntura pesaram para seu apoio a Raquel Lyra. Foi no&nbsp;Debate das Dez&nbsp;do programa Manh&atilde; Total. Ele deu como exemplos o apoio declarado de Mar&iacute;lia Arraes a Ev&acirc;ngela Vieira. Ainda citou uma declara&ccedil;&atilde;o de Maria Arraes, federal eleita, de que&nbsp;&ldquo;Afogados n&atilde;o estava bem cuidada&rdquo;. &ldquo;Teve ainda a forma como ela combateu a Frente Popular e o PSB. No dia seguinte &agrave; elei&ccedil;&atilde;o, disse que n&atilde;o seguiria o PSB&rdquo;. Ainda citou o fato de que, segundo ele, Raquel &eacute; &#8230; <\/p>\n<p class=\"read-more-container\"><a title=\"Sandrinho diz que quest\u00e3o local e conjuntura determinaram seu apoio a Raquel\" class=\"read-more button\" href=\"https:\/\/blogdojuniorcavalcanti.com.br\/index.php\/2022\/10\/14\/sandrinho-diz-que-questao-local-e-conjuntura-determinaram-seu-apoio-a-raquel\/#more-20535\" aria-label=\"More on Sandrinho diz que quest\u00e3o local e conjuntura determinaram seu apoio a Raquel\">Leia mais<\/a><\/p>\n","protected":false},"author":2,"featured_media":20536,"comment_status":"open","ping_status":"open","sticky":false,"template":"","format":"standard","meta":{"footnotes":""},"categories":[25],"tags":[],"class_list":["post-20535","post","type-post","status-publish","format-standard","has-post-thumbnail","hentry","category-destaque","resize-featured-image"],"_links":{"self":[{"href":"https:\/\/blogdojuniorcavalcanti.com.br\/index.php\/wp-json\/wp\/v2\/posts\/20535","targetHints":{"allow":["GET"]}}],"collection":[{"href":"https:\/\/blogdojuniorcavalcanti.com.br\/index.php\/wp-json\/wp\/v2\/posts"}],"about":[{"href":"https:\/\/blogdojuniorcavalcanti.com.br\/index.php\/wp-json\/wp\/v2\/types\/post"}],"author":[{"embeddable":true,"href":"https:\/\/blogdojuniorcavalcanti.com.br\/index.php\/wp-json\/wp\/v2\/users\/2"}],"replies":[{"embeddable":true,"href":"https:\/\/blogdojuniorcavalcanti.com.br\/index.php\/wp-json\/wp\/v2\/comments?post=20535"}],"version-history":[{"count":1,"href":"https:\/\/blogdojuniorcavalcanti.com.br\/index.php\/wp-json\/wp\/v2\/posts\/20535\/revisions"}],"predecessor-version":[{"id":20537,"href":"https:\/\/blogdojuniorcavalcanti.com.br\/index.php\/wp-json\/wp\/v2\/posts\/20535\/revisions\/20537"}],"wp:featuredmedia":[{"embeddable":true,"href":"https:\/\/blogdojuniorcavalcanti.com.br\/index.php\/wp-json\/wp\/v2\/media\/20536"}],"wp:attachment":[{"href":"https:\/\/blogdojuniorcavalcanti.com.br\/index.php\/wp-json\/wp\/v2\/media?parent=20535"}],"wp:term":[{"taxonomy":"category","embeddable":true,"href":"https:\/\/blogdojuniorcavalcanti.com.br\/index.php\/wp-json\/wp\/v2\/categories?post=20535"},{"taxonomy":"post_tag","embeddable":true,"href":"https:\/\/blogdojuniorcavalcanti.com.br\/index.php\/wp-json\/wp\/v2\/tags?post=20535"}],"curies":[{"name":"wp","href":"https:\/\/api.w.org\/{rel}","templated":true}]}}