{"id":20905,"date":"2022-10-30T05:00:20","date_gmt":"2022-10-30T08:00:20","guid":{"rendered":"https:\/\/blogdojuniorcavalcanti.com.br\/?p=20905"},"modified":"2022-10-30T05:00:20","modified_gmt":"2022-10-30T08:00:20","slug":"no-segundo-turno-cobertura-da-pajeu-repete-a-dose","status":"publish","type":"post","link":"https:\/\/blogdojuniorcavalcanti.com.br\/index.php\/2022\/10\/30\/no-segundo-turno-cobertura-da-pajeu-repete-a-dose\/","title":{"rendered":"No segundo turno, cobertura da Paje\u00fa repete a dose"},"content":{"rendered":"<p style=\"text-align: justify;\"><span style=\"font-size: 14pt;\"><img fetchpriority=\"high\" decoding=\"async\" class=\"alignleft wp-image-241799 jetpack-lazy-image jetpack-lazy-image--handled\" src=\"https:\/\/nilljunior.com.br\/wp-content\/uploads\/2022\/09\/3173aabc-1eec-4a14-a5ad-7528b268df14-768x576.jpg\" sizes=\"(max-width: 400px) 100vw, 400px\" srcset=\"https:\/\/nilljunior.com.br\/wp-content\/uploads\/2022\/09\/3173aabc-1eec-4a14-a5ad-7528b268df14-768x576.jpg 768w, https:\/\/nilljunior.com.br\/wp-content\/uploads\/2022\/09\/3173aabc-1eec-4a14-a5ad-7528b268df14-768x576-300x225.jpg 300w, https:\/\/nilljunior.com.br\/wp-content\/uploads\/2022\/09\/3173aabc-1eec-4a14-a5ad-7528b268df14-768x576-533x400.jpg 533w\" alt=\"\" width=\"400\" height=\"300\" data-attachment-id=\"241799\" data-permalink=\"https:\/\/nilljunior.com.br\/radio-pajeu-prepara-super-cobertura-das-eleicoes-2022\/3173aabc-1eec-4a14-a5ad-7528b268df14-768x576\/\" data-orig-file=\"https:\/\/nilljunior.com.br\/wp-content\/uploads\/2022\/09\/3173aabc-1eec-4a14-a5ad-7528b268df14-768x576.jpg\" data-orig-size=\"768,576\" data-comments-opened=\"1\" data-image-meta=\"{&quot;aperture&quot;:&quot;0&quot;,&quot;credit&quot;:&quot;&quot;,&quot;camera&quot;:&quot;&quot;,&quot;caption&quot;:&quot;&quot;,&quot;created_timestamp&quot;:&quot;0&quot;,&quot;copyright&quot;:&quot;&quot;,&quot;focal_length&quot;:&quot;0&quot;,&quot;iso&quot;:&quot;0&quot;,&quot;shutter_speed&quot;:&quot;0&quot;,&quot;title&quot;:&quot;&quot;,&quot;orientation&quot;:&quot;0&quot;}\" data-image-title=\"3173aabc-1eec-4a14-a5ad-7528b268df14-768\u00d7576\" data-image-description=\"\" data-medium-file=\"https:\/\/nilljunior.com.br\/wp-content\/uploads\/2022\/09\/3173aabc-1eec-4a14-a5ad-7528b268df14-768x576-300x225.jpg\" data-large-file=\"https:\/\/nilljunior.com.br\/wp-content\/uploads\/2022\/09\/3173aabc-1eec-4a14-a5ad-7528b268df14-768x576-533x400.jpg\" data-lazy-loaded=\"1\" \/><span style=\"font-family: arial, helvetica, sans-serif;\">A R\u00e1dio Paje\u00fa repete a dose neste segundo turno na cobertura das Elei\u00e7\u00f5es 2022.<\/span><\/span><\/p>\n<p style=\"text-align: justify;\"><span style=\"font-size: 14pt; font-family: arial, helvetica, sans-serif;\">Em linhas gerais a ideia \u00e9 manter o reconhecido modelo de cobertura da emissora.<\/span><\/p>\n<p style=\"text-align: justify;\"><span style=\"font-size: 14pt; font-family: arial, helvetica, sans-serif;\">A ideia repete na grade a programa\u00e7\u00e3o tradicional de segunda a sexta, com os programas Manh\u00e3 Total e A Tarde \u00e9 Sua especiais das elei\u00e7\u00f5es.\u00a0 Entre eles, o Elei\u00e7\u00f5es 2022, sempre informando e prestando servi\u00e7o.<\/span><\/p>\n<p style=\"text-align: justify;\"><span style=\"font-size: 14pt; font-family: arial, helvetica, sans-serif;\">Durante o dia, a Paje\u00fa presta servi\u00e7o com informa\u00e7\u00f5es sobre os locais de vota\u00e7\u00e3o, transporte de eleitores, avalia como anda a vota\u00e7\u00e3o nas sess\u00f5es eleitorais, traz a movimenta\u00e7\u00e3o no Paje\u00fa, em Pernambuco e no Brasil.<\/span><\/p>\n<p style=\"text-align: justify;\"><span style=\"font-size: 14pt; font-family: arial, helvetica, sans-serif;\">Haver\u00e1 tamb\u00e9m flashes de v\u00e1rias cidades, as orienta\u00e7\u00f5es da Justi\u00e7a Eleitoral, linha direta com o TRE-PE, mais representantes de PM, Comiss\u00e3o de transporte e outras autoridades. Detalhes de como anda o voto biom\u00e9trico e a participa\u00e7\u00e3o dos ouvintes. Ao todo,\u00a0 mais de trinta profissionais estar\u00e3o envolvidos na cobertura.<\/span><\/p>\n<p style=\"text-align: justify;\"><span style=\"font-size: 14pt; font-family: arial, helvetica, sans-serif;\">A partir das cinco da tarde, entra no ar a Central de Apura\u00e7\u00e3o, com informa\u00e7\u00f5es da vota\u00e7\u00e3o em Pernambuco e no Brasil.\u00a0 A cobertura s\u00f3 ser\u00e1 conclu\u00edda com o fechamento da elei\u00e7\u00e3o para governadora em Pernambuco,\u00a0 nos demais onze estados e para Presid\u00eancia da Rep\u00fablica.<\/span><\/p>\n<p style=\"text-align: justify;\"><span style=\"font-size: 14pt; font-family: arial, helvetica, sans-serif;\">O blog participa conjuntamente na cobertura e tamb\u00e9m trar\u00e1 todas as informa\u00e7\u00f5es em tempo real.<\/span><\/p>\n<p style=\"text-align: justify;\"><span style=\"font-size: 14pt; font-family: arial, helvetica, sans-serif;\">Acompanhe a R\u00e1dio Paje\u00fa sintonizando FM 99,3, pelo Portal Paje\u00fa Radioweb (<a href=\"http:\/\/www.radiopajeu.com.br\/\"><strong>www.radiopajeu.com.br<\/strong><\/a>), ou pelos aplicativos para smarthfone no Google Play (para celulares Android) e no Tunein R\u00e1dio (para Iphone). Voc\u00ea tamb\u00e9m participa da programa\u00e7\u00e3o pelo Whatsapp atrav\u00e9s do (87) 9-9956-1213.<\/span><\/p>\n","protected":false},"excerpt":{"rendered":"<p>A R&aacute;dio Paje&uacute; repete a dose neste segundo turno na cobertura das Elei&ccedil;&otilde;es 2022. Em linhas gerais a ideia &eacute; manter o reconhecido modelo de cobertura da emissora. A ideia repete na grade a programa&ccedil;&atilde;o tradicional de segunda a sexta, com os programas Manh&atilde; Total e A Tarde &eacute; Sua especiais das elei&ccedil;&otilde;es.&nbsp; Entre eles, o Elei&ccedil;&otilde;es 2022, sempre informando e prestando servi&ccedil;o. Durante o dia, a Paje&uacute; presta servi&ccedil;o com informa&ccedil;&otilde;es sobre os locais de vota&ccedil;&atilde;o, transporte de eleitores, avalia como anda a vota&ccedil;&atilde;o nas sess&otilde;es eleitorais, traz a movimenta&ccedil;&atilde;o no Paje&uacute;, em Pernambuco e no Brasil. Haver&aacute; tamb&eacute;m &#8230; <\/p>\n<p class=\"read-more-container\"><a title=\"No segundo turno, cobertura da Paje\u00fa repete a dose\" class=\"read-more button\" href=\"https:\/\/blogdojuniorcavalcanti.com.br\/index.php\/2022\/10\/30\/no-segundo-turno-cobertura-da-pajeu-repete-a-dose\/#more-20905\" aria-label=\"More on No segundo turno, cobertura da Paje\u00fa repete a dose\">Leia mais<\/a><\/p>\n","protected":false},"author":2,"featured_media":0,"comment_status":"open","ping_status":"open","sticky":false,"template":"","format":"standard","meta":{"footnotes":""},"categories":[28],"tags":[],"class_list":["post-20905","post","type-post","status-publish","format-standard","hentry","category-afogados"],"_links":{"self":[{"href":"https:\/\/blogdojuniorcavalcanti.com.br\/index.php\/wp-json\/wp\/v2\/posts\/20905","targetHints":{"allow":["GET"]}}],"collection":[{"href":"https:\/\/blogdojuniorcavalcanti.com.br\/index.php\/wp-json\/wp\/v2\/posts"}],"about":[{"href":"https:\/\/blogdojuniorcavalcanti.com.br\/index.php\/wp-json\/wp\/v2\/types\/post"}],"author":[{"embeddable":true,"href":"https:\/\/blogdojuniorcavalcanti.com.br\/index.php\/wp-json\/wp\/v2\/users\/2"}],"replies":[{"embeddable":true,"href":"https:\/\/blogdojuniorcavalcanti.com.br\/index.php\/wp-json\/wp\/v2\/comments?post=20905"}],"version-history":[{"count":1,"href":"https:\/\/blogdojuniorcavalcanti.com.br\/index.php\/wp-json\/wp\/v2\/posts\/20905\/revisions"}],"predecessor-version":[{"id":20906,"href":"https:\/\/blogdojuniorcavalcanti.com.br\/index.php\/wp-json\/wp\/v2\/posts\/20905\/revisions\/20906"}],"wp:attachment":[{"href":"https:\/\/blogdojuniorcavalcanti.com.br\/index.php\/wp-json\/wp\/v2\/media?parent=20905"}],"wp:term":[{"taxonomy":"category","embeddable":true,"href":"https:\/\/blogdojuniorcavalcanti.com.br\/index.php\/wp-json\/wp\/v2\/categories?post=20905"},{"taxonomy":"post_tag","embeddable":true,"href":"https:\/\/blogdojuniorcavalcanti.com.br\/index.php\/wp-json\/wp\/v2\/tags?post=20905"}],"curies":[{"name":"wp","href":"https:\/\/api.w.org\/{rel}","templated":true}]}}