{"id":20969,"date":"2022-11-01T04:54:24","date_gmt":"2022-11-01T07:54:24","guid":{"rendered":"https:\/\/blogdojuniorcavalcanti.com.br\/?p=20969"},"modified":"2022-11-01T04:54:24","modified_gmt":"2022-11-01T07:54:24","slug":"lula-escala-wellington-dias-para-iniciar-negociacao-por-auxilio-brasil-de-r-600-em-2023","status":"publish","type":"post","link":"https:\/\/blogdojuniorcavalcanti.com.br\/index.php\/2022\/11\/01\/lula-escala-wellington-dias-para-iniciar-negociacao-por-auxilio-brasil-de-r-600-em-2023\/","title":{"rendered":"Lula escala Wellington Dias para iniciar negocia\u00e7\u00e3o por Aux\u00edlio Brasil de R$ 600 em 2023"},"content":{"rendered":"<p style=\"text-align: justify;\"><span style=\"font-size: 14pt; font-family: arial, helvetica, sans-serif;\"><img fetchpriority=\"high\" decoding=\"async\" class=\"moz-reader-block-img alignleft\" src=\"https:\/\/s2.glbimg.com\/Q5IMgMLTAqzOT2g_HHybx-GrUl8=\/0x0:4200x2760\/924x0\/smart\/filters:strip_icc()\/i.s3.glbimg.com\/v1\/AUTH_da025474c0c44edd99332dddb09cabe8\/internal_photos\/bs\/2022\/i\/2\/SlHIPUQO67BDpFvWlYXw\/73095247-sao-paulo-sp-21-11-2017-wellington-dias-pt-governador-do-estado-do-piaui-e-jose-carlos-ma.jpg\" alt=\"O ex-governador do Piau\u00ed e senador eleito Wellington Dias (PT)\" width=\"382\" height=\"251\" \/><\/span><\/p>\n<p style=\"text-align: justify;\"><span style=\"font-size: 14pt; font-family: arial, helvetica, sans-serif;\">O presidente eleito Luiz In\u00e1cio Lula da Silva (PT) escalou os primeiros emiss\u00e1rios para discutir o Or\u00e7amento de 2023 e negociar a manuten\u00e7\u00e3o do Aux\u00edlio Brasil de R$ 600, maior prioridade do petista antes da posse \u2014 o PT, ali\u00e1s, planeja retomar o nome Bolsa Fam\u00edlia a partir de 2023.<\/span><\/p>\n<p style=\"text-align: justify;\"><span style=\"font-size: 14pt; font-family: arial, helvetica, sans-serif;\">O relator do Or\u00e7amento de 2023, senador Marcelo Castro (PMDB-PI), ter\u00e1 na pr\u00f3xima quinta-feira (03), a primeira reuni\u00e3o com o senador eleito Wellington Dias (PI), que ser\u00e1 o interlocutor da equipe de Lula.<\/span><\/p>\n<p style=\"text-align: justify;\"><span style=\"font-size: 14pt; font-family: arial, helvetica, sans-serif;\">Os deputados Jos\u00e9 Guimar\u00e3es (PT-CE) e \u00canio Verri (PT-PR) tamb\u00e9m v\u00e3o participar da reuni\u00e3o. Castro tamb\u00e9m ter\u00e1 uma reuni\u00e3o com o senador Jean Paul Prates (PT-RN) para tratar do assunto.<\/span><\/p>\n<p style=\"text-align: justify;\"><span style=\"font-size: 14pt; font-family: arial, helvetica, sans-serif;\">Castro apoiou Lula e \u00e9 pr\u00f3ximo a Wellington Dias \u2014 MDB e PT s\u00e3o aliados no Piau\u00ed h\u00e1 mais de 20 anos. Dias \u00e9 um dos cotados para compor a equipe ministerial de Lula, inclusive no Minist\u00e9rio da Fazenda.<\/span><\/p>\n<p style=\"text-align: justify;\"><span style=\"font-size: 14pt; font-family: arial, helvetica, sans-serif;\">Dias afirmou que na reuni\u00e3o de teve nesta segunda com Lula, o presidente eleito o pediu para se reunir com Castro para conversar sobre o assunto.<\/span><\/p>\n<p style=\"text-align: justify;\"><span style=\"font-size: 14pt; font-family: arial, helvetica, sans-serif;\">\u2014 Vamos atualizar sobre execu\u00e7\u00e3o do Or\u00e7amento de 2022 e entendimentos para elabora\u00e7\u00e3o do or\u00e7amento para 2023. Tamb\u00e9m teremos di\u00e1logo com presidente das duas Casas, l\u00edderes e buscando interlocutor com o Poder Executivo. O objetivo \u00e9 assegurar propostas que est\u00e3o no programa vitorioso nas elei\u00e7\u00f5es no or\u00e7amento para 2023, disse o senador eleito.<\/span><\/p>\n","protected":false},"excerpt":{"rendered":"<p>O presidente eleito Luiz In&aacute;cio Lula da Silva (PT) escalou os primeiros emiss&aacute;rios para discutir o Or&ccedil;amento de 2023 e negociar a manuten&ccedil;&atilde;o do Aux&iacute;lio Brasil de R$ 600, maior prioridade do petista antes da posse &mdash; o PT, ali&aacute;s, planeja retomar o nome Bolsa Fam&iacute;lia a partir de 2023. O relator do Or&ccedil;amento de 2023, senador Marcelo Castro (PMDB-PI), ter&aacute; na pr&oacute;xima quinta-feira (03), a primeira reuni&atilde;o com o senador eleito Wellington Dias (PI), que ser&aacute; o interlocutor da equipe de Lula. Os deputados Jos&eacute; Guimar&atilde;es (PT-CE) e &Ecirc;nio Verri (PT-PR) tamb&eacute;m v&atilde;o participar da reuni&atilde;o. Castro tamb&eacute;m ter&aacute; &#8230; <\/p>\n<p class=\"read-more-container\"><a title=\"Lula escala Wellington Dias para iniciar negocia\u00e7\u00e3o por Aux\u00edlio Brasil de R$ 600 em 2023\" class=\"read-more button\" href=\"https:\/\/blogdojuniorcavalcanti.com.br\/index.php\/2022\/11\/01\/lula-escala-wellington-dias-para-iniciar-negociacao-por-auxilio-brasil-de-r-600-em-2023\/#more-20969\" aria-label=\"More on Lula escala Wellington Dias para iniciar negocia\u00e7\u00e3o por Aux\u00edlio Brasil de R$ 600 em 2023\">Leia mais<\/a><\/p>\n","protected":false},"author":2,"featured_media":0,"comment_status":"open","ping_status":"open","sticky":false,"template":"","format":"standard","meta":{"footnotes":""},"categories":[27],"tags":[],"class_list":["post-20969","post","type-post","status-publish","format-standard","hentry","category-politica"],"_links":{"self":[{"href":"https:\/\/blogdojuniorcavalcanti.com.br\/index.php\/wp-json\/wp\/v2\/posts\/20969","targetHints":{"allow":["GET"]}}],"collection":[{"href":"https:\/\/blogdojuniorcavalcanti.com.br\/index.php\/wp-json\/wp\/v2\/posts"}],"about":[{"href":"https:\/\/blogdojuniorcavalcanti.com.br\/index.php\/wp-json\/wp\/v2\/types\/post"}],"author":[{"embeddable":true,"href":"https:\/\/blogdojuniorcavalcanti.com.br\/index.php\/wp-json\/wp\/v2\/users\/2"}],"replies":[{"embeddable":true,"href":"https:\/\/blogdojuniorcavalcanti.com.br\/index.php\/wp-json\/wp\/v2\/comments?post=20969"}],"version-history":[{"count":1,"href":"https:\/\/blogdojuniorcavalcanti.com.br\/index.php\/wp-json\/wp\/v2\/posts\/20969\/revisions"}],"predecessor-version":[{"id":20970,"href":"https:\/\/blogdojuniorcavalcanti.com.br\/index.php\/wp-json\/wp\/v2\/posts\/20969\/revisions\/20970"}],"wp:attachment":[{"href":"https:\/\/blogdojuniorcavalcanti.com.br\/index.php\/wp-json\/wp\/v2\/media?parent=20969"}],"wp:term":[{"taxonomy":"category","embeddable":true,"href":"https:\/\/blogdojuniorcavalcanti.com.br\/index.php\/wp-json\/wp\/v2\/categories?post=20969"},{"taxonomy":"post_tag","embeddable":true,"href":"https:\/\/blogdojuniorcavalcanti.com.br\/index.php\/wp-json\/wp\/v2\/tags?post=20969"}],"curies":[{"name":"wp","href":"https:\/\/api.w.org\/{rel}","templated":true}]}}