{"id":20979,"date":"2022-11-02T04:39:49","date_gmt":"2022-11-02T07:39:49","guid":{"rendered":"https:\/\/blogdojuniorcavalcanti.com.br\/?p=20979"},"modified":"2022-11-02T04:39:49","modified_gmt":"2022-11-02T07:39:49","slug":"em-rapido-pronunciamento-bolsonaro-diz-que-seguira-constituicao-federal","status":"publish","type":"post","link":"https:\/\/blogdojuniorcavalcanti.com.br\/index.php\/2022\/11\/02\/em-rapido-pronunciamento-bolsonaro-diz-que-seguira-constituicao-federal\/","title":{"rendered":"Em r\u00e1pido pronunciamento, Bolsonaro diz que seguir\u00e1 Constitui\u00e7\u00e3o Federal"},"content":{"rendered":"<p style=\"text-align: justify;\"><span style=\"font-size: 14pt; font-family: arial, helvetica, sans-serif;\"><b>Por Andr\u00e9 Luis<\/b><\/span><\/p>\n<p style=\"text-align: justify;\"><span style=\"font-size: 14pt; font-family: arial, helvetica, sans-serif;\">Na tarde desta ter\u00e7a-feira (1\u00ba), o presidente Jair Bolsonaro (PL), quebrou o sil\u00eancio ap\u00f3s quase 48 horas ap\u00f3s o resultado das elei\u00e7\u00f5es no \u00faltimo domingo (30), quando perdeu para o presidente eleito, Luiz In\u00e1cio Lula da Silva (PT).<\/span><\/p>\n<p style=\"text-align: justify;\"><span style=\"font-size: 14pt; font-family: arial, helvetica, sans-serif;\">Em um r\u00e1pido pronunciamento de 2 minutos, no hall de entrada do Pal\u00e1cio do Alvorada, resid\u00eancia oficial do presidente em Bras\u00edlia, Bolsonaro iniciou agradecendo os 58 milh\u00f5es de votos recebidos no segundo turno e voltou a criticar o sistema eleitoral brasileiro.<\/span><\/p>\n<p style=\"text-align: justify;\"><span style=\"font-size: 14pt; font-family: arial, helvetica, sans-serif;\">\u201cOs atuais movimentos populares, s\u00e3o fruto de indigna\u00e7\u00e3o e sentimento de injusti\u00e7a de como se deu o processo eleitoral\u201d, disse.<\/span><\/p>\n<p style=\"text-align: justify;\"><span style=\"font-size: 14pt; font-family: arial, helvetica, sans-serif;\">Ele tamb\u00e9m falou que as manifesta\u00e7\u00f5es pacificas, s\u00e3o bem-vindas, mas que n\u00e3o podiam seguir o modelo da esquerda, que segundo ele, prejudicam o pa\u00eds.<\/span><\/p>\n<p style=\"text-align: justify;\"><span style=\"font-size: 14pt; font-family: arial, helvetica, sans-serif;\">\u201cAs manifesta\u00e7\u00f5es pac\u00edficas sempre ser\u00e3o bem-vindas, mas os nossos m\u00e9todos n\u00e3o podem ser os da esquerda, que sempre prejudicaram a popula\u00e7\u00e3o, como invas\u00e3o de propriedades, destrui\u00e7\u00e3o de patrim\u00f4nio e cerceamento do direito de ir e vir\u201d, afirmou Bolsonaro.<\/span><\/p>\n<p style=\"text-align: justify;\"><span style=\"font-size: 14pt; font-family: arial, helvetica, sans-serif;\">Demonstrando que ir\u00e1 respeitar o resultado das urnas, Bolsonaro garantiu que como presidente, ir\u00e1 cumprir o que determina a Constitui\u00e7\u00e3o Federal.\u00a0<\/span><\/p>\n<p style=\"text-align: justify;\"><span style=\"font-size: 14pt; font-family: arial, helvetica, sans-serif;\">O presidente n\u00e3o parabenizou o advers\u00e1rio Luiz In\u00e1cio Lula da Silva. Ele saiu sem dar entrevista aos jornalistas que estavam de plant\u00e3o no local.<\/span><\/p>\n<p style=\"text-align: justify;\"><span style=\"font-size: 14pt; font-family: arial, helvetica, sans-serif;\">Logo ap\u00f3s a sa\u00edda de Bolsonaro, o ministro da Casa Civil, Ciro Nogueira, informou que foi autorizado pelo presidente a dar in\u00edcio ao processo de transi\u00e7\u00e3o \u201cassim que formos provocados pela lei\u201d, informou.<\/span><\/p>\n","protected":false},"excerpt":{"rendered":"<p>Por Andr&eacute; Luis Na tarde desta ter&ccedil;a-feira (1&ordm;), o presidente Jair Bolsonaro (PL), quebrou o sil&ecirc;ncio ap&oacute;s quase 48 horas ap&oacute;s o resultado das elei&ccedil;&otilde;es no &uacute;ltimo domingo (30), quando perdeu para o presidente eleito, Luiz In&aacute;cio Lula da Silva (PT). Em um r&aacute;pido pronunciamento de 2 minutos, no hall de entrada do Pal&aacute;cio do Alvorada, resid&ecirc;ncia oficial do presidente em Bras&iacute;lia, Bolsonaro iniciou agradecendo os 58 milh&otilde;es de votos recebidos no segundo turno e voltou a criticar o sistema eleitoral brasileiro. &ldquo;Os atuais movimentos populares, s&atilde;o fruto de indigna&ccedil;&atilde;o e sentimento de injusti&ccedil;a de como se deu o processo &#8230; <\/p>\n<p class=\"read-more-container\"><a title=\"Em r\u00e1pido pronunciamento, Bolsonaro diz que seguir\u00e1 Constitui\u00e7\u00e3o Federal\" class=\"read-more button\" href=\"https:\/\/blogdojuniorcavalcanti.com.br\/index.php\/2022\/11\/02\/em-rapido-pronunciamento-bolsonaro-diz-que-seguira-constituicao-federal\/#more-20979\" aria-label=\"More on Em r\u00e1pido pronunciamento, Bolsonaro diz que seguir\u00e1 Constitui\u00e7\u00e3o Federal\">Leia mais<\/a><\/p>\n","protected":false},"author":2,"featured_media":20980,"comment_status":"open","ping_status":"open","sticky":false,"template":"","format":"standard","meta":{"footnotes":""},"categories":[25],"tags":[],"class_list":["post-20979","post","type-post","status-publish","format-standard","has-post-thumbnail","hentry","category-destaque","resize-featured-image"],"_links":{"self":[{"href":"https:\/\/blogdojuniorcavalcanti.com.br\/index.php\/wp-json\/wp\/v2\/posts\/20979","targetHints":{"allow":["GET"]}}],"collection":[{"href":"https:\/\/blogdojuniorcavalcanti.com.br\/index.php\/wp-json\/wp\/v2\/posts"}],"about":[{"href":"https:\/\/blogdojuniorcavalcanti.com.br\/index.php\/wp-json\/wp\/v2\/types\/post"}],"author":[{"embeddable":true,"href":"https:\/\/blogdojuniorcavalcanti.com.br\/index.php\/wp-json\/wp\/v2\/users\/2"}],"replies":[{"embeddable":true,"href":"https:\/\/blogdojuniorcavalcanti.com.br\/index.php\/wp-json\/wp\/v2\/comments?post=20979"}],"version-history":[{"count":1,"href":"https:\/\/blogdojuniorcavalcanti.com.br\/index.php\/wp-json\/wp\/v2\/posts\/20979\/revisions"}],"predecessor-version":[{"id":20981,"href":"https:\/\/blogdojuniorcavalcanti.com.br\/index.php\/wp-json\/wp\/v2\/posts\/20979\/revisions\/20981"}],"wp:featuredmedia":[{"embeddable":true,"href":"https:\/\/blogdojuniorcavalcanti.com.br\/index.php\/wp-json\/wp\/v2\/media\/20980"}],"wp:attachment":[{"href":"https:\/\/blogdojuniorcavalcanti.com.br\/index.php\/wp-json\/wp\/v2\/media?parent=20979"}],"wp:term":[{"taxonomy":"category","embeddable":true,"href":"https:\/\/blogdojuniorcavalcanti.com.br\/index.php\/wp-json\/wp\/v2\/categories?post=20979"},{"taxonomy":"post_tag","embeddable":true,"href":"https:\/\/blogdojuniorcavalcanti.com.br\/index.php\/wp-json\/wp\/v2\/tags?post=20979"}],"curies":[{"name":"wp","href":"https:\/\/api.w.org\/{rel}","templated":true}]}}