{"id":21048,"date":"2022-11-05T04:41:35","date_gmt":"2022-11-05T07:41:35","guid":{"rendered":"https:\/\/blogdojuniorcavalcanti.com.br\/?p=21048"},"modified":"2022-11-05T04:41:35","modified_gmt":"2022-11-05T07:41:35","slug":"crianca-enforcada-por-pm-disse-lula-la-antes-de-sofrer-agressao-diz-mae","status":"publish","type":"post","link":"https:\/\/blogdojuniorcavalcanti.com.br\/index.php\/2022\/11\/05\/crianca-enforcada-por-pm-disse-lula-la-antes-de-sofrer-agressao-diz-mae\/","title":{"rendered":"Crian\u00e7a enforcada por PM disse \u201cLula l\u00e1\u201d antes de sofrer agress\u00e3o, diz m\u00e3e"},"content":{"rendered":"<p style=\"text-align: justify;\"><span style=\"font-size: 14pt; font-family: arial, helvetica, sans-serif;\"><b><i>Policial reformado deixou menino de 6 anos inconsciente<\/i><\/b><\/span><\/p>\n<p style=\"text-align: justify;\"><span style=\"font-size: 14pt; font-family: arial, helvetica, sans-serif;\"><strong>Band Jornalismo<\/strong><\/span><\/p>\n<p style=\"text-align: justify;\"><span style=\"font-size: 14pt; font-family: arial, helvetica, sans-serif;\">Um policial militar reformado \u00e9 suspeito de enforcar uma crian\u00e7a de 6 anos que teria dito palavras de apoio ao presidente eleito Luiz In\u00e1cio Lula da Silva (PT), em Divin\u00f3polis, regi\u00e3o Centro-Oeste de Minas Gerais. O caso aconteceu no \u00faltimo domingo (31), segundo turno da elei\u00e7\u00e3o presidencial.\u00a0<\/span><\/p>\n<p style=\"text-align: justify;\"><span style=\"font-size: 14pt; font-family: arial, helvetica, sans-serif;\">A m\u00e3e da crian\u00e7a, Reisla Naiara Gomes, usou as redes sociais para denunciar o caso. Segundo o boletim de ocorr\u00eancia, familiares informaram que a crian\u00e7a teria ido at\u00e9 uma padaria pr\u00f3xima de casa, quando foi abordada pelo militar, de 55 anos. O com\u00e9rcio pertence \u00e0 fam\u00edlia do policial reformado.<\/span><\/p>\n<p style=\"text-align: justify;\"><span style=\"font-size: 14pt; font-family: arial, helvetica, sans-serif;\">O homem questionou o menino sobre pol\u00edtica. A crian\u00e7a respondeu dizendo \u201cLula l\u00e1\u201d, e acabou sendo enforcada pelo militar, que s\u00f3 parou quando a v\u00edtima ficou inconsciente.<\/span><\/p>\n<p style=\"text-align: justify;\"><span style=\"font-size: 14pt; font-family: arial, helvetica, sans-serif;\">\u201cL\u00e1 estavam o agressor, a m\u00e3e do agressor e o pai do agressor. Eles estavam discutindo Lula e Bolsonaro. Meu menino passou, o agressor passou a m\u00e3o na cabe\u00e7a dele e falou: \u2018Voc\u00ea \u00e9 Bolsonaro, voc\u00ea tem cara de ser Bolsonaro\u2019. A\u00ed meu menino falou: \u2018Eu sou Lula l\u00e1\u2019. No que ele falou, ele pegou meu filho pelo pesco\u00e7o, enforcando meu filho, deixando ele sem ar at\u00e9 ele desmaiar. Quando ele desmaiou que ele soltou meu filho. Machucou o cotovelo dele\u201d, contou a m\u00e3e da crian\u00e7a ao jornal O Estado de Minas.<\/span><\/p>\n<p style=\"text-align: justify;\"><span style=\"font-size: 14pt; font-family: arial, helvetica, sans-serif;\">A PM foi acionada e realizou os primeiros atendimentos \u00e0 crian\u00e7a. O suspeito j\u00e1 havia deixado o local e n\u00e3o foi localizado.<\/span><\/p>\n<p style=\"text-align: justify;\"><span style=\"font-size: 14pt; font-family: arial, helvetica, sans-serif;\">Em nota, a Pol\u00edcia Militar confirmou que foi acionada na noite de domingo (30). A agress\u00e3o teria ocorrido \u00e0s 9 horas.\u00a0<\/span><\/p>\n<p style=\"text-align: justify;\"><span style=\"font-size: 14pt; font-family: arial, helvetica, sans-serif;\">\u201cDe imediato, os policiais militares prestaram assist\u00eancia \u00e0 crian\u00e7a e a conduziram para o atendimento m\u00e9dico. As equipes se deslocaram at\u00e9 a resid\u00eancia do suposto autor com o escopo de adotar as provid\u00eancias, por\u00e9m, este n\u00e3o foi localizado. O registro foi encerrado e entregue \u00e0 Delegacia de Pol\u00edcia Civil, tendo em vista o suposto fato se tratar de crime comum.\u201d, informou a pol\u00edcia.<\/span><\/p>\n<p style=\"text-align: justify;\"><span style=\"font-size: 14pt; font-family: arial, helvetica, sans-serif;\">A Pol\u00edcia Civil de Minas Gerais (PCMG) informou que instaurou inqu\u00e9rito policial para apurar o caso. Ele segue em investiga\u00e7\u00e3o pela delegacia do munic\u00edpio.<\/span><\/p>\n","protected":false},"excerpt":{"rendered":"<p>Policial reformado deixou menino de 6 anos inconsciente Band Jornalismo Um policial militar reformado &eacute; suspeito de enforcar uma crian&ccedil;a de 6 anos que teria dito palavras de apoio ao presidente eleito Luiz In&aacute;cio Lula da Silva (PT), em Divin&oacute;polis, regi&atilde;o Centro-Oeste de Minas Gerais. O caso aconteceu no &uacute;ltimo domingo (31), segundo turno da elei&ccedil;&atilde;o presidencial.&nbsp; A m&atilde;e da crian&ccedil;a, Reisla Naiara Gomes, usou as redes sociais para denunciar o caso. Segundo o boletim de ocorr&ecirc;ncia, familiares informaram que a crian&ccedil;a teria ido at&eacute; uma padaria pr&oacute;xima de casa, quando foi abordada pelo militar, de 55 anos. O com&eacute;rcio &#8230; <\/p>\n<p class=\"read-more-container\"><a title=\"Crian\u00e7a enforcada por PM disse \u201cLula l\u00e1\u201d antes de sofrer agress\u00e3o, diz m\u00e3e\" class=\"read-more button\" href=\"https:\/\/blogdojuniorcavalcanti.com.br\/index.php\/2022\/11\/05\/crianca-enforcada-por-pm-disse-lula-la-antes-de-sofrer-agressao-diz-mae\/#more-21048\" aria-label=\"More on Crian\u00e7a enforcada por PM disse \u201cLula l\u00e1\u201d antes de sofrer agress\u00e3o, diz m\u00e3e\">Leia mais<\/a><\/p>\n","protected":false},"author":2,"featured_media":21049,"comment_status":"open","ping_status":"open","sticky":false,"template":"","format":"standard","meta":{"footnotes":""},"categories":[25],"tags":[],"class_list":["post-21048","post","type-post","status-publish","format-standard","has-post-thumbnail","hentry","category-destaque","resize-featured-image"],"_links":{"self":[{"href":"https:\/\/blogdojuniorcavalcanti.com.br\/index.php\/wp-json\/wp\/v2\/posts\/21048","targetHints":{"allow":["GET"]}}],"collection":[{"href":"https:\/\/blogdojuniorcavalcanti.com.br\/index.php\/wp-json\/wp\/v2\/posts"}],"about":[{"href":"https:\/\/blogdojuniorcavalcanti.com.br\/index.php\/wp-json\/wp\/v2\/types\/post"}],"author":[{"embeddable":true,"href":"https:\/\/blogdojuniorcavalcanti.com.br\/index.php\/wp-json\/wp\/v2\/users\/2"}],"replies":[{"embeddable":true,"href":"https:\/\/blogdojuniorcavalcanti.com.br\/index.php\/wp-json\/wp\/v2\/comments?post=21048"}],"version-history":[{"count":1,"href":"https:\/\/blogdojuniorcavalcanti.com.br\/index.php\/wp-json\/wp\/v2\/posts\/21048\/revisions"}],"predecessor-version":[{"id":21050,"href":"https:\/\/blogdojuniorcavalcanti.com.br\/index.php\/wp-json\/wp\/v2\/posts\/21048\/revisions\/21050"}],"wp:featuredmedia":[{"embeddable":true,"href":"https:\/\/blogdojuniorcavalcanti.com.br\/index.php\/wp-json\/wp\/v2\/media\/21049"}],"wp:attachment":[{"href":"https:\/\/blogdojuniorcavalcanti.com.br\/index.php\/wp-json\/wp\/v2\/media?parent=21048"}],"wp:term":[{"taxonomy":"category","embeddable":true,"href":"https:\/\/blogdojuniorcavalcanti.com.br\/index.php\/wp-json\/wp\/v2\/categories?post=21048"},{"taxonomy":"post_tag","embeddable":true,"href":"https:\/\/blogdojuniorcavalcanti.com.br\/index.php\/wp-json\/wp\/v2\/tags?post=21048"}],"curies":[{"name":"wp","href":"https:\/\/api.w.org\/{rel}","templated":true}]}}