{"id":21608,"date":"2022-11-24T04:37:47","date_gmt":"2022-11-24T07:37:47","guid":{"rendered":"https:\/\/blogdojuniorcavalcanti.com.br\/?p=21608"},"modified":"2022-11-24T04:37:47","modified_gmt":"2022-11-24T07:37:47","slug":"moraes-rejeita-acao-golpista-multa-pl-em-r-23-milhoes-e-bloqueia-fundo","status":"publish","type":"post","link":"https:\/\/blogdojuniorcavalcanti.com.br\/index.php\/2022\/11\/24\/moraes-rejeita-acao-golpista-multa-pl-em-r-23-milhoes-e-bloqueia-fundo\/","title":{"rendered":"Moraes rejeita a\u00e7\u00e3o golpista, multa PL em R$ 23 milh\u00f5es e bloqueia fundo"},"content":{"rendered":"<p style=\"text-align: justify;\"><span style=\"font-size: 14pt; font-family: arial, helvetica, sans-serif;\">O ministro Alexandre de Moraes, presidente do TSE (Tribunal Superior Eleitoral), rejeitou hoje a a\u00e7\u00e3o de teor golpista apresentada pelo PL, partido do presidente Jair Bolsonaro, que pedia a anula\u00e7\u00e3o de votos em mais de 279 mil urnas no segundo turno das elei\u00e7\u00f5es.<\/span><\/p>\n<p style=\"text-align: justify;\"><span style=\"font-size: 14pt; font-family: arial, helvetica, sans-serif;\">O ministro ainda fixou multa de cerca de R$ 22,9 milh\u00f5es por litig\u00e2ncia de m\u00e1-f\u00e9 e determinou a suspens\u00e3o do fundo partid\u00e1rio dos partidos que integram a coliga\u00e7\u00e3o Pelo Bem do Brasil, de Bolsonaro. Al\u00e9m do PL, Republicanos e PP tamb\u00e9m integram a coliga\u00e7\u00e3o.<\/span><\/p>\n<p style=\"text-align: justify;\"><span style=\"font-size: 14pt; font-family: arial, helvetica, sans-serif;\">O processo foi apresentado ontem com base em um relat\u00f3rio sobre suposta \u201cfalha\u201d em cinco dos seis modelos de urnas usadas na vota\u00e7\u00e3o \u2014algo que foi prontamente rebatido por especialistas.<\/span><\/p>\n<p style=\"text-align: justify;\"><span style=\"font-size: 14pt; font-family: arial, helvetica, sans-serif;\">Moraes mandou ainda a Corregedoria-Geral Eleitoral instaurar um procedimento administrativo de eventual desvio de finalidade. A apura\u00e7\u00e3o vai mirar \u201cposs\u00edvel cometimento de crimes comuns e eleitorais\u201d referentes \u00e0s condutas de Valdemar Costa Neto, presidente do PL, e de Carlos Rocha, engenheiro respons\u00e1vel pelo Instituto Voto Legal, que elaborou o relat\u00f3rio que baseou a a\u00e7\u00e3o do PL.<\/span><\/p>\n<p style=\"text-align: justify;\"><span style=\"font-size: 14pt; font-family: arial, helvetica, sans-serif;\">O ministro tamb\u00e9m mandou incluir os dois no inqu\u00e9rito das mil\u00edcias digitais, em tramita\u00e7\u00e3o no STF (Supremo Tribunal Federal).<\/span><\/p>\n<p style=\"text-align: justify;\"><span style=\"font-size: 14pt; font-family: arial, helvetica, sans-serif;\">Moraes afirma que o PL n\u00e3o apresentou dados que demonstrassem que as supostas \u201cfalhas\u201d teriam ocorrido no primeiro turno e que as informa\u00e7\u00f5es eram necess\u00e1rias por uma quest\u00e3o de \u201ccoer\u00eancia\u201d.<\/span><\/p>\n<p style=\"text-align: justify;\"><span style=\"font-size: 14pt; font-family: arial, helvetica, sans-serif;\">\u201cOs argumentos da requente, portanto, s\u00e3o absolutamente falsos, pois \u00e9 totalmente poss\u00edvel a rastreabilidade das urnas\u201d, decidiu.<\/span><\/p>\n","protected":false},"excerpt":{"rendered":"<p>O ministro Alexandre de Moraes, presidente do TSE (Tribunal Superior Eleitoral), rejeitou hoje a a&ccedil;&atilde;o de teor golpista apresentada pelo PL, partido do presidente Jair Bolsonaro, que pedia a anula&ccedil;&atilde;o de votos em mais de 279 mil urnas no segundo turno das elei&ccedil;&otilde;es. O ministro ainda fixou multa de cerca de R$ 22,9 milh&otilde;es por litig&acirc;ncia de m&aacute;-f&eacute; e determinou a suspens&atilde;o do fundo partid&aacute;rio dos partidos que integram a coliga&ccedil;&atilde;o Pelo Bem do Brasil, de Bolsonaro. Al&eacute;m do PL, Republicanos e PP tamb&eacute;m integram a coliga&ccedil;&atilde;o. O processo foi apresentado ontem com base em um relat&oacute;rio sobre suposta &ldquo;falha&rdquo; &#8230; <\/p>\n<p class=\"read-more-container\"><a title=\"Moraes rejeita a\u00e7\u00e3o golpista, multa PL em R$ 23 milh\u00f5es e bloqueia fundo\" class=\"read-more button\" href=\"https:\/\/blogdojuniorcavalcanti.com.br\/index.php\/2022\/11\/24\/moraes-rejeita-acao-golpista-multa-pl-em-r-23-milhoes-e-bloqueia-fundo\/#more-21608\" aria-label=\"More on Moraes rejeita a\u00e7\u00e3o golpista, multa PL em R$ 23 milh\u00f5es e bloqueia fundo\">Leia mais<\/a><\/p>\n","protected":false},"author":2,"featured_media":21609,"comment_status":"open","ping_status":"open","sticky":false,"template":"","format":"standard","meta":{"footnotes":""},"categories":[25],"tags":[],"class_list":["post-21608","post","type-post","status-publish","format-standard","has-post-thumbnail","hentry","category-destaque","resize-featured-image"],"_links":{"self":[{"href":"https:\/\/blogdojuniorcavalcanti.com.br\/index.php\/wp-json\/wp\/v2\/posts\/21608","targetHints":{"allow":["GET"]}}],"collection":[{"href":"https:\/\/blogdojuniorcavalcanti.com.br\/index.php\/wp-json\/wp\/v2\/posts"}],"about":[{"href":"https:\/\/blogdojuniorcavalcanti.com.br\/index.php\/wp-json\/wp\/v2\/types\/post"}],"author":[{"embeddable":true,"href":"https:\/\/blogdojuniorcavalcanti.com.br\/index.php\/wp-json\/wp\/v2\/users\/2"}],"replies":[{"embeddable":true,"href":"https:\/\/blogdojuniorcavalcanti.com.br\/index.php\/wp-json\/wp\/v2\/comments?post=21608"}],"version-history":[{"count":1,"href":"https:\/\/blogdojuniorcavalcanti.com.br\/index.php\/wp-json\/wp\/v2\/posts\/21608\/revisions"}],"predecessor-version":[{"id":21610,"href":"https:\/\/blogdojuniorcavalcanti.com.br\/index.php\/wp-json\/wp\/v2\/posts\/21608\/revisions\/21610"}],"wp:featuredmedia":[{"embeddable":true,"href":"https:\/\/blogdojuniorcavalcanti.com.br\/index.php\/wp-json\/wp\/v2\/media\/21609"}],"wp:attachment":[{"href":"https:\/\/blogdojuniorcavalcanti.com.br\/index.php\/wp-json\/wp\/v2\/media?parent=21608"}],"wp:term":[{"taxonomy":"category","embeddable":true,"href":"https:\/\/blogdojuniorcavalcanti.com.br\/index.php\/wp-json\/wp\/v2\/categories?post=21608"},{"taxonomy":"post_tag","embeddable":true,"href":"https:\/\/blogdojuniorcavalcanti.com.br\/index.php\/wp-json\/wp\/v2\/tags?post=21608"}],"curies":[{"name":"wp","href":"https:\/\/api.w.org\/{rel}","templated":true}]}}