{"id":21674,"date":"2022-11-26T04:47:03","date_gmt":"2022-11-26T07:47:03","guid":{"rendered":"https:\/\/blogdojuniorcavalcanti.com.br\/?p=21674"},"modified":"2022-11-26T04:47:03","modified_gmt":"2022-11-26T07:47:03","slug":"policia-da-paraiba-prende-suspeitos-de-participar-de-roubo-a-carro-forte-em-brejinho","status":"publish","type":"post","link":"https:\/\/blogdojuniorcavalcanti.com.br\/index.php\/2022\/11\/26\/policia-da-paraiba-prende-suspeitos-de-participar-de-roubo-a-carro-forte-em-brejinho\/","title":{"rendered":"Pol\u00edcia da Para\u00edba prende suspeitos de participar de roubo a carro-forte em Brejinho"},"content":{"rendered":"<p style=\"text-align: justify;\"><span style=\"font-size: 14pt;\"><img fetchpriority=\"high\" decoding=\"async\" class=\"alignleft wp-image-246151 jetpack-lazy-image jetpack-lazy-image--handled\" src=\"https:\/\/i0.wp.com\/nilljunior.com.br\/wp-content\/uploads\/2022\/11\/WhatsApp-Image-2022-11-24-at-23.36.24-1.jpg?resize=400%2C459&amp;ssl=1\" sizes=\"(max-width: 400px) 100vw, 400px\" srcset=\"https:\/\/i0.wp.com\/nilljunior.com.br\/wp-content\/uploads\/2022\/11\/WhatsApp-Image-2022-11-24-at-23.36.24-1.jpg?w=784&amp;ssl=1 784w, https:\/\/i0.wp.com\/nilljunior.com.br\/wp-content\/uploads\/2022\/11\/WhatsApp-Image-2022-11-24-at-23.36.24-1.jpg?resize=218%2C250&amp;ssl=1 218w, https:\/\/i0.wp.com\/nilljunior.com.br\/wp-content\/uploads\/2022\/11\/WhatsApp-Image-2022-11-24-at-23.36.24-1.jpg?resize=768%2C882&amp;ssl=1 768w, https:\/\/i0.wp.com\/nilljunior.com.br\/wp-content\/uploads\/2022\/11\/WhatsApp-Image-2022-11-24-at-23.36.24-1.jpg?resize=348%2C400&amp;ssl=1 348w\" alt=\"\" width=\"400\" height=\"459\" data-attachment-id=\"246151\" data-permalink=\"https:\/\/nilljunior.com.br\/policia-da-paraiba-prende-suspeitos-de-participar-de-roubo-a-carro-forte-em-brejinho\/whatsapp-image-2022-11-24-at-23-36-24-1\/\" data-orig-file=\"https:\/\/i0.wp.com\/nilljunior.com.br\/wp-content\/uploads\/2022\/11\/WhatsApp-Image-2022-11-24-at-23.36.24-1.jpg?fit=784%2C900&amp;ssl=1\" data-orig-size=\"784,900\" data-comments-opened=\"1\" data-image-meta=\"{&quot;aperture&quot;:&quot;0&quot;,&quot;credit&quot;:&quot;&quot;,&quot;camera&quot;:&quot;&quot;,&quot;caption&quot;:&quot;&quot;,&quot;created_timestamp&quot;:&quot;0&quot;,&quot;copyright&quot;:&quot;&quot;,&quot;focal_length&quot;:&quot;0&quot;,&quot;iso&quot;:&quot;0&quot;,&quot;shutter_speed&quot;:&quot;0&quot;,&quot;title&quot;:&quot;&quot;,&quot;orientation&quot;:&quot;0&quot;}\" data-image-title=\"WhatsApp-Image-2022-11-24-at-23.36.24-1\" data-image-description=\"\" data-medium-file=\"https:\/\/i0.wp.com\/nilljunior.com.br\/wp-content\/uploads\/2022\/11\/WhatsApp-Image-2022-11-24-at-23.36.24-1.jpg?fit=218%2C250&amp;ssl=1\" data-large-file=\"https:\/\/i0.wp.com\/nilljunior.com.br\/wp-content\/uploads\/2022\/11\/WhatsApp-Image-2022-11-24-at-23.36.24-1.jpg?fit=348%2C400&amp;ssl=1\" data-recalc-dims=\"1\" data-lazy-loaded=\"1\" \/><span style=\"font-family: arial, helvetica, sans-serif;\">Na tarde de quinta-feira (24), uma a\u00e7\u00e3o conjunta da DRACO, GOE, DHE\/PATOS e FT-SUSP\/RN, resultou na pris\u00e3o de Carlos Magno Claudino Ten\u00f3rio (Coroa Carlos) e Agamenon Monteiro de Sousa, na BR-230, no munic\u00edpio de Sobrado\/PB.<\/span><\/span><\/p>\n<p style=\"text-align: justify;\"><span style=\"font-size: 14pt; font-family: arial, helvetica, sans-serif;\">Coroa Carlos \u00e9 tido como um dos maiores assaltantes de banco da Para\u00edba, com hist\u00f3rico de crimes dessa natureza em todo o Nordeste.\u00a0<\/span><\/p>\n<p style=\"text-align: justify;\"><span style=\"font-size: 14pt; font-family: arial, helvetica, sans-serif;\">J\u00e1 Agamenon, seria outra lideran\u00e7a da organiza\u00e7\u00e3o criminosa, com vasto hist\u00f3rico criminoso, especialmente no Estado do Cear\u00e1.<\/span><\/p>\n<p style=\"text-align: justify;\"><span style=\"font-size: 14pt; font-family: arial, helvetica, sans-serif;\">No momento da pris\u00e3o, Coroa Carlos apresentou documento de identidade falso e estava em poder de um aparelho celular proveniente de roubo, ocasi\u00e3o em que foi autuado em flagrante por uso de documento falso e recepta\u00e7\u00e3o.<\/span><\/p>\n<p style=\"text-align: justify;\"><span style=\"font-size: 14pt; font-family: arial, helvetica, sans-serif;\">De acordo com o\u00a0<b>Patos OnLine<\/b>, os presos s\u00e3o suspeitos de terem participado do assalto ao carro-forte na rodovia PE-275, no Povoado de Placas de Piedade, munic\u00edpio de Brejinho-PE, ocorrido em 21 de outubro, e estariam se organizando para realizar uma a\u00e7\u00e3o criminosa na Para\u00edba.<\/span><\/p>\n<p style=\"text-align: justify;\"><span style=\"font-size: 14pt; font-family: arial, helvetica, sans-serif;\">A a\u00e7\u00e3o \u00e9 fruto de um incans\u00e1vel trabalho da SEDS e da Delegacia Geral da Pol\u00edcia Civil da Para\u00edba com objetivo de coibir a\u00e7\u00f5es criminosas em desfavor de institui\u00e7\u00f5es financeiras e de empresas de transporte de valores no Estado da Para\u00edba. As investiga\u00e7\u00f5es continuam em sigilo.<\/span><\/p>\n","protected":false},"excerpt":{"rendered":"<p>Na tarde de quinta-feira (24), uma a&ccedil;&atilde;o conjunta da DRACO, GOE, DHE\/PATOS e FT-SUSP\/RN, resultou na pris&atilde;o de Carlos Magno Claudino Ten&oacute;rio (Coroa Carlos) e Agamenon Monteiro de Sousa, na BR-230, no munic&iacute;pio de Sobrado\/PB. Coroa Carlos &eacute; tido como um dos maiores assaltantes de banco da Para&iacute;ba, com hist&oacute;rico de crimes dessa natureza em todo o Nordeste.&nbsp; J&aacute; Agamenon, seria outra lideran&ccedil;a da organiza&ccedil;&atilde;o criminosa, com vasto hist&oacute;rico criminoso, especialmente no Estado do Cear&aacute;. No momento da pris&atilde;o, Coroa Carlos apresentou documento de identidade falso e estava em poder de um aparelho celular proveniente de roubo, ocasi&atilde;o em que &#8230; <\/p>\n<p class=\"read-more-container\"><a title=\"Pol\u00edcia da Para\u00edba prende suspeitos de participar de roubo a carro-forte em Brejinho\" class=\"read-more button\" href=\"https:\/\/blogdojuniorcavalcanti.com.br\/index.php\/2022\/11\/26\/policia-da-paraiba-prende-suspeitos-de-participar-de-roubo-a-carro-forte-em-brejinho\/#more-21674\" aria-label=\"More on Pol\u00edcia da Para\u00edba prende suspeitos de participar de roubo a carro-forte em Brejinho\">Leia mais<\/a><\/p>\n","protected":false},"author":2,"featured_media":0,"comment_status":"open","ping_status":"open","sticky":false,"template":"","format":"standard","meta":{"footnotes":""},"categories":[29],"tags":[],"class_list":["post-21674","post","type-post","status-publish","format-standard","hentry","category-policial"],"_links":{"self":[{"href":"https:\/\/blogdojuniorcavalcanti.com.br\/index.php\/wp-json\/wp\/v2\/posts\/21674","targetHints":{"allow":["GET"]}}],"collection":[{"href":"https:\/\/blogdojuniorcavalcanti.com.br\/index.php\/wp-json\/wp\/v2\/posts"}],"about":[{"href":"https:\/\/blogdojuniorcavalcanti.com.br\/index.php\/wp-json\/wp\/v2\/types\/post"}],"author":[{"embeddable":true,"href":"https:\/\/blogdojuniorcavalcanti.com.br\/index.php\/wp-json\/wp\/v2\/users\/2"}],"replies":[{"embeddable":true,"href":"https:\/\/blogdojuniorcavalcanti.com.br\/index.php\/wp-json\/wp\/v2\/comments?post=21674"}],"version-history":[{"count":1,"href":"https:\/\/blogdojuniorcavalcanti.com.br\/index.php\/wp-json\/wp\/v2\/posts\/21674\/revisions"}],"predecessor-version":[{"id":21675,"href":"https:\/\/blogdojuniorcavalcanti.com.br\/index.php\/wp-json\/wp\/v2\/posts\/21674\/revisions\/21675"}],"wp:attachment":[{"href":"https:\/\/blogdojuniorcavalcanti.com.br\/index.php\/wp-json\/wp\/v2\/media?parent=21674"}],"wp:term":[{"taxonomy":"category","embeddable":true,"href":"https:\/\/blogdojuniorcavalcanti.com.br\/index.php\/wp-json\/wp\/v2\/categories?post=21674"},{"taxonomy":"post_tag","embeddable":true,"href":"https:\/\/blogdojuniorcavalcanti.com.br\/index.php\/wp-json\/wp\/v2\/tags?post=21674"}],"curies":[{"name":"wp","href":"https:\/\/api.w.org\/{rel}","templated":true}]}}