{"id":21782,"date":"2022-12-01T04:45:25","date_gmt":"2022-12-01T07:45:25","guid":{"rendered":"https:\/\/blogdojuniorcavalcanti.com.br\/?p=21782"},"modified":"2022-12-01T04:45:25","modified_gmt":"2022-12-01T07:45:25","slug":"mppe-cobra-transparencia-da-prefeitura-de-petrolina","status":"publish","type":"post","link":"https:\/\/blogdojuniorcavalcanti.com.br\/index.php\/2022\/12\/01\/mppe-cobra-transparencia-da-prefeitura-de-petrolina\/","title":{"rendered":"MPPE cobra transpar\u00eancia da Prefeitura de Petrolina"},"content":{"rendered":"<p style=\"text-align: justify;\"><span style=\"font-size: 14pt;\"><img fetchpriority=\"high\" decoding=\"async\" class=\"alignleft wp-image-236579 jetpack-lazy-image jetpack-lazy-image--handled\" src=\"https:\/\/i1.wp.com\/nilljunior.com.br\/wp-content\/uploads\/2022\/07\/concurso_prefeitura_petrolina_pe.jpg?resize=400%2C225&amp;ssl=1\" sizes=\"(max-width: 400px) 100vw, 400px\" srcset=\"https:\/\/i1.wp.com\/nilljunior.com.br\/wp-content\/uploads\/2022\/07\/concurso_prefeitura_petrolina_pe.jpg?w=1920&amp;ssl=1 1920w, https:\/\/i1.wp.com\/nilljunior.com.br\/wp-content\/uploads\/2022\/07\/concurso_prefeitura_petrolina_pe.jpg?resize=300%2C169&amp;ssl=1 300w, https:\/\/i1.wp.com\/nilljunior.com.br\/wp-content\/uploads\/2022\/07\/concurso_prefeitura_petrolina_pe.jpg?resize=768%2C432&amp;ssl=1 768w, https:\/\/i1.wp.com\/nilljunior.com.br\/wp-content\/uploads\/2022\/07\/concurso_prefeitura_petrolina_pe.jpg?resize=600%2C338&amp;ssl=1 600w\" alt=\"\" width=\"400\" height=\"225\" data-attachment-id=\"236579\" data-permalink=\"https:\/\/nilljunior.com.br\/tce-aponta-irregularidades-no-transporte-escolar-e-reprova-auditoria-da-prefeitura-de-petrolina\/concurso_prefeitura_petrolina_pe\/\" data-orig-file=\"https:\/\/i1.wp.com\/nilljunior.com.br\/wp-content\/uploads\/2022\/07\/concurso_prefeitura_petrolina_pe.jpg?fit=1920%2C1080&amp;ssl=1\" data-orig-size=\"1920,1080\" data-comments-opened=\"1\" data-image-meta=\"{&quot;aperture&quot;:&quot;0&quot;,&quot;credit&quot;:&quot;&quot;,&quot;camera&quot;:&quot;&quot;,&quot;caption&quot;:&quot;&quot;,&quot;created_timestamp&quot;:&quot;0&quot;,&quot;copyright&quot;:&quot;&quot;,&quot;focal_length&quot;:&quot;0&quot;,&quot;iso&quot;:&quot;0&quot;,&quot;shutter_speed&quot;:&quot;0&quot;,&quot;title&quot;:&quot;&quot;,&quot;orientation&quot;:&quot;0&quot;}\" data-image-title=\"concurso_prefeitura_petrolina_pe\" data-image-description=\"\" data-medium-file=\"https:\/\/i1.wp.com\/nilljunior.com.br\/wp-content\/uploads\/2022\/07\/concurso_prefeitura_petrolina_pe.jpg?fit=300%2C169&amp;ssl=1\" data-large-file=\"https:\/\/i1.wp.com\/nilljunior.com.br\/wp-content\/uploads\/2022\/07\/concurso_prefeitura_petrolina_pe.jpg?fit=600%2C338&amp;ssl=1\" data-recalc-dims=\"1\" data-lazy-loaded=\"1\" \/><span style=\"font-family: arial, helvetica, sans-serif;\">O Minist\u00e9rio P\u00fablico de Pernambuco (MPPE), por meio da 2\u00aa Promotoria de Justi\u00e7a de Defesa da Cidadania local, recomendou ao munic\u00edpio de Petrolina que adotasse as provid\u00eancias necess\u00e1rias para observ\u00e2ncia ao princ\u00edpio administrativo da publicidade, visando outorgar transpar\u00eancia aos contratos de loca\u00e7\u00e3o firmados pela Prefeitura, relativos a bens im\u00f3veis.\u00a0<\/span><\/span><\/p>\n<p style=\"text-align: justify;\"><span style=\"font-size: 14pt; font-family: arial, helvetica, sans-serif;\">Segundo a publica\u00e7\u00e3o, o munic\u00edpio dever\u00e1 promover a aposi\u00e7\u00e3o de placas informativas em pr\u00e9dios p\u00fablicos alugados, em local vis\u00edvel, apontando os dados referentes ao contrato de aluguel firmado, com informa\u00e7\u00f5es suficientes e aptas a possibilitar consulta do seu inteiro teor no s\u00edtio de transpar\u00eancia municipal.<\/span><\/p>\n<p style=\"text-align: justify;\"><span style=\"font-size: 14pt; font-family: arial, helvetica, sans-serif;\">No mesmo site, tamb\u00e9m dever\u00e1 ser publicado, de forma acess\u00edvel ao p\u00fablico em geral, o integral teor de todos os contratos de loca\u00e7\u00e3o de bens im\u00f3veis formalizados pelo poder executivo municipal.\u00a0<\/span><\/p>\n<p style=\"text-align: justify;\"><span style=\"font-size: 14pt; font-family: arial, helvetica, sans-serif;\">Al\u00e9m disso, o munic\u00edpio dever\u00e1 promover a adequada e imediata divulga\u00e7\u00e3o da Recomenda\u00e7\u00e3o, afixando-a em quadro de avisos e no s\u00edtio eletr\u00f4nico da Prefeitura. Foi dado o prazo de 30 dias \u00fateis para que fosse demonstrado o cumprimento das determina\u00e7\u00f5es constantes no documento.\u00a0\u00a0<\/span><\/p>\n<p style=\"text-align: justify;\"><span style=\"font-size: 14pt; font-family: arial, helvetica, sans-serif;\">O texto na \u00edntegra da Recomenda\u00e7\u00e3o, de autoria do promotor de Justi\u00e7a Carlan Carlo da Silva, pode ser conferido no Di\u00e1rio Oficial Eletr\u00f4nico do dia 20 de outubro de 2022.<\/span><\/p>\n","protected":false},"excerpt":{"rendered":"<p>O Minist&eacute;rio P&uacute;blico de Pernambuco (MPPE), por meio da 2&ordf; Promotoria de Justi&ccedil;a de Defesa da Cidadania local, recomendou ao munic&iacute;pio de Petrolina que adotasse as provid&ecirc;ncias necess&aacute;rias para observ&acirc;ncia ao princ&iacute;pio administrativo da publicidade, visando outorgar transpar&ecirc;ncia aos contratos de loca&ccedil;&atilde;o firmados pela Prefeitura, relativos a bens im&oacute;veis.&nbsp; Segundo a publica&ccedil;&atilde;o, o munic&iacute;pio dever&aacute; promover a aposi&ccedil;&atilde;o de placas informativas em pr&eacute;dios p&uacute;blicos alugados, em local vis&iacute;vel, apontando os dados referentes ao contrato de aluguel firmado, com informa&ccedil;&otilde;es suficientes e aptas a possibilitar consulta do seu inteiro teor no s&iacute;tio de transpar&ecirc;ncia municipal. No mesmo site, tamb&eacute;m dever&aacute; ser &#8230; <\/p>\n<p class=\"read-more-container\"><a title=\"MPPE cobra transpar\u00eancia da Prefeitura de Petrolina\" class=\"read-more button\" href=\"https:\/\/blogdojuniorcavalcanti.com.br\/index.php\/2022\/12\/01\/mppe-cobra-transparencia-da-prefeitura-de-petrolina\/#more-21782\" aria-label=\"More on MPPE cobra transpar\u00eancia da Prefeitura de Petrolina\">Leia mais<\/a><\/p>\n","protected":false},"author":2,"featured_media":0,"comment_status":"open","ping_status":"open","sticky":false,"template":"","format":"standard","meta":{"footnotes":""},"categories":[30],"tags":[],"class_list":["post-21782","post","type-post","status-publish","format-standard","hentry","category-regional"],"_links":{"self":[{"href":"https:\/\/blogdojuniorcavalcanti.com.br\/index.php\/wp-json\/wp\/v2\/posts\/21782","targetHints":{"allow":["GET"]}}],"collection":[{"href":"https:\/\/blogdojuniorcavalcanti.com.br\/index.php\/wp-json\/wp\/v2\/posts"}],"about":[{"href":"https:\/\/blogdojuniorcavalcanti.com.br\/index.php\/wp-json\/wp\/v2\/types\/post"}],"author":[{"embeddable":true,"href":"https:\/\/blogdojuniorcavalcanti.com.br\/index.php\/wp-json\/wp\/v2\/users\/2"}],"replies":[{"embeddable":true,"href":"https:\/\/blogdojuniorcavalcanti.com.br\/index.php\/wp-json\/wp\/v2\/comments?post=21782"}],"version-history":[{"count":1,"href":"https:\/\/blogdojuniorcavalcanti.com.br\/index.php\/wp-json\/wp\/v2\/posts\/21782\/revisions"}],"predecessor-version":[{"id":21783,"href":"https:\/\/blogdojuniorcavalcanti.com.br\/index.php\/wp-json\/wp\/v2\/posts\/21782\/revisions\/21783"}],"wp:attachment":[{"href":"https:\/\/blogdojuniorcavalcanti.com.br\/index.php\/wp-json\/wp\/v2\/media?parent=21782"}],"wp:term":[{"taxonomy":"category","embeddable":true,"href":"https:\/\/blogdojuniorcavalcanti.com.br\/index.php\/wp-json\/wp\/v2\/categories?post=21782"},{"taxonomy":"post_tag","embeddable":true,"href":"https:\/\/blogdojuniorcavalcanti.com.br\/index.php\/wp-json\/wp\/v2\/tags?post=21782"}],"curies":[{"name":"wp","href":"https:\/\/api.w.org\/{rel}","templated":true}]}}