{"id":21909,"date":"2022-12-06T04:47:45","date_gmt":"2022-12-06T07:47:45","guid":{"rendered":"https:\/\/blogdojuniorcavalcanti.com.br\/?p=21909"},"modified":"2022-12-06T04:47:45","modified_gmt":"2022-12-06T07:47:45","slug":"aproximacao-entre-raquel-e-eleitos-para-alepe-cobrada-por-duque-ja-teve-primeiro-encontro-em-novembro","status":"publish","type":"post","link":"https:\/\/blogdojuniorcavalcanti.com.br\/index.php\/2022\/12\/06\/aproximacao-entre-raquel-e-eleitos-para-alepe-cobrada-por-duque-ja-teve-primeiro-encontro-em-novembro\/","title":{"rendered":"Aproxima\u00e7\u00e3o entre Raquel e eleitos para ALEPE, cobrada por Duque, j\u00e1 teve primeiro encontro em novembro"},"content":{"rendered":"<p style=\"text-align: justify;\"><span style=\"font-size: 14pt;\"><img fetchpriority=\"high\" decoding=\"async\" class=\"alignleft wp-image-246822 jetpack-lazy-image jetpack-lazy-image--handled\" src=\"https:\/\/i2.wp.com\/nilljunior.com.br\/wp-content\/uploads\/2022\/12\/images-84-6.jpeg?resize=400%2C266&amp;ssl=1\" sizes=\"(max-width: 400px) 100vw, 400px\" srcset=\"https:\/\/i2.wp.com\/nilljunior.com.br\/wp-content\/uploads\/2022\/12\/images-84-6.jpeg?resize=600%2C400&amp;ssl=1 600w, https:\/\/i2.wp.com\/nilljunior.com.br\/wp-content\/uploads\/2022\/12\/images-84-6.jpeg?resize=150%2C100&amp;ssl=1 150w, https:\/\/i2.wp.com\/nilljunior.com.br\/wp-content\/uploads\/2022\/12\/images-84-6.jpeg?resize=300%2C200&amp;ssl=1 300w, https:\/\/i2.wp.com\/nilljunior.com.br\/wp-content\/uploads\/2022\/12\/images-84-6.jpeg?w=640&amp;ssl=1 640w\" alt=\"\" width=\"400\" height=\"266\" data-attachment-id=\"246822\" data-permalink=\"https:\/\/nilljunior.com.br\/aproximacao-entre-raquel-e-eleitos-para-alepe-cobrada-por-duque-ja-teve-primeiro-encontro-em-novembro\/images-84-6\/\" data-orig-file=\"https:\/\/i2.wp.com\/nilljunior.com.br\/wp-content\/uploads\/2022\/12\/images-84-6.jpeg?fit=640%2C426&amp;ssl=1\" data-orig-size=\"640,426\" data-comments-opened=\"1\" data-image-meta=\"{&quot;aperture&quot;:&quot;0&quot;,&quot;credit&quot;:&quot;&quot;,&quot;camera&quot;:&quot;&quot;,&quot;caption&quot;:&quot;&quot;,&quot;created_timestamp&quot;:&quot;0&quot;,&quot;copyright&quot;:&quot;&quot;,&quot;focal_length&quot;:&quot;0&quot;,&quot;iso&quot;:&quot;0&quot;,&quot;shutter_speed&quot;:&quot;0&quot;,&quot;title&quot;:&quot;&quot;,&quot;orientation&quot;:&quot;0&quot;}\" data-image-title=\"images (84) (6)\" data-image-description=\"\" data-medium-file=\"https:\/\/i2.wp.com\/nilljunior.com.br\/wp-content\/uploads\/2022\/12\/images-84-6.jpeg?fit=300%2C200&amp;ssl=1\" data-large-file=\"https:\/\/i2.wp.com\/nilljunior.com.br\/wp-content\/uploads\/2022\/12\/images-84-6.jpeg?fit=600%2C400&amp;ssl=1\" data-recalc-dims=\"1\" data-lazy-loaded=\"1\" \/><span style=\"font-family: arial, helvetica, sans-serif;\"><em><strong>Deputado eleito participou do encontro. Duque disse n\u00e3o ter criticado Raquel ao defender di\u00e1logo com Legislativo\u00a0<\/strong><\/em><\/span><\/span><\/p>\n<p style=\"text-align: justify;\"><span style=\"font-size: 14pt; font-family: arial, helvetica, sans-serif;\">A governadora eleita, Raquel Lyra, ter\u00e1 um encontro com os prefeitos pernambucanos nesta quarta-feira (7).<\/span><\/p>\n<p style=\"text-align: justify;\"><span style=\"font-size: 14pt; font-family: arial, helvetica, sans-serif;\">A reuni\u00e3o vai acontecer no Espa\u00e7o Renato Machado, \u00e0s 14h30, em Caruaru. O local fica pr\u00f3ximo ao antigo Paladium, no inicio da estrada sentido Riacho das Almas.<\/span><\/p>\n<p style=\"text-align: justify;\"><span style=\"font-size: 14pt; font-family: arial, helvetica, sans-serif;\">Nesta segunda-feira (5) a reportagem do\u00a0<strong>Farol de Not\u00edcias<\/strong>\u00a0conversou com o deputado eleito, Luciano Duque (SD), que comentou sobre o encontro, mas fez uma pondera\u00e7\u00e3o.<\/span><\/p>\n<p style=\"text-align: justify;\"><span style=\"font-size: 14pt; font-family: arial, helvetica, sans-serif;\">\u201cVejo como um gesto normal. Fez isso com os deputados federais, estaduais e agora com os prefeitos; Agora, s\u00f3 digo uma coisa: governador s\u00f3 governa com a Assembleia Legistativa. Deputado federal \u00e9 importante, mas quem vota na Alepe \u00e9 deputado. E a\u00ed a correla\u00e7\u00e3o de for\u00e7as, ela que foi eleita com tr\u00eas deputados, precisa dialogar com a assembleia\u201d, finalizou.<\/span><\/p>\n<p style=\"text-align: justify;\"><span style=\"font-size: 14pt; font-family: arial, helvetica, sans-serif;\">Em novembro,\u00a0 Raquel j\u00e1 teve um encontro com deputados estaduais eleitos e da atual legislatura. O pr\u00f3prio Duque confirmou ao blog,\u00a0 em atualiza\u00e7\u00e3o do texto, que esteve no encontro.\u00a0 Pela fala dele, houve a equivocada interpreta\u00e7\u00e3o de que n\u00e3o teria sido chamado ou participado.<\/span><\/p>\n<p style=\"text-align: justify;\"><span style=\"font-size: 14pt; font-family: arial, helvetica, sans-serif;\">O blog perguntou: Ent\u00e3o ela n\u00e3o j\u00e1 deu o passo que o senhor reclamou?<\/span><\/p>\n<p style=\"text-align: justify;\"><span style=\"font-size: 14pt; font-family: arial, helvetica, sans-serif;\">\u201cN\u00e3o fiz nenhuma reclama\u00e7\u00e3o. Disse que que ela teria que dialogar com a casa. H\u00e1 um grupo de mais de 30 deputados discutindo o fortalecimento dos mandatos e da casa\u201d, esclareceu.<\/span><\/p>\n<p style=\"text-align: justify;\"><span style=\"font-size: 14pt; font-family: arial, helvetica, sans-serif;\">Na oportunidade,\u00a0 a governadora eleita afirmou que os palanques existentes em Pernambuco foram desmontados. Segundo Raquel, o momento agora \u00e9 de aproxima\u00e7\u00e3o e de di\u00e1logo e que dever\u00e1 permanecer assim durante a sua gest\u00e3o.<\/span><\/p>\n","protected":false},"excerpt":{"rendered":"<p>Deputado eleito participou do encontro. Duque disse n&atilde;o ter criticado Raquel ao defender di&aacute;logo com Legislativo&nbsp; A governadora eleita, Raquel Lyra, ter&aacute; um encontro com os prefeitos pernambucanos nesta quarta-feira (7). A reuni&atilde;o vai acontecer no Espa&ccedil;o Renato Machado, &agrave;s 14h30, em Caruaru. O local fica pr&oacute;ximo ao antigo Paladium, no inicio da estrada sentido Riacho das Almas. Nesta segunda-feira (5) a reportagem do&nbsp;Farol de Not&iacute;cias&nbsp;conversou com o deputado eleito, Luciano Duque (SD), que comentou sobre o encontro, mas fez uma pondera&ccedil;&atilde;o. &ldquo;Vejo como um gesto normal. Fez isso com os deputados federais, estaduais e agora com os prefeitos; Agora, &#8230; <\/p>\n<p class=\"read-more-container\"><a title=\"Aproxima\u00e7\u00e3o entre Raquel e eleitos para ALEPE, cobrada por Duque, j\u00e1 teve primeiro encontro em novembro\" class=\"read-more button\" href=\"https:\/\/blogdojuniorcavalcanti.com.br\/index.php\/2022\/12\/06\/aproximacao-entre-raquel-e-eleitos-para-alepe-cobrada-por-duque-ja-teve-primeiro-encontro-em-novembro\/#more-21909\" aria-label=\"More on Aproxima\u00e7\u00e3o entre Raquel e eleitos para ALEPE, cobrada por Duque, j\u00e1 teve primeiro encontro em novembro\">Leia mais<\/a><\/p>\n","protected":false},"author":2,"featured_media":0,"comment_status":"open","ping_status":"open","sticky":false,"template":"","format":"standard","meta":{"footnotes":""},"categories":[27],"tags":[],"class_list":["post-21909","post","type-post","status-publish","format-standard","hentry","category-politica"],"_links":{"self":[{"href":"https:\/\/blogdojuniorcavalcanti.com.br\/index.php\/wp-json\/wp\/v2\/posts\/21909","targetHints":{"allow":["GET"]}}],"collection":[{"href":"https:\/\/blogdojuniorcavalcanti.com.br\/index.php\/wp-json\/wp\/v2\/posts"}],"about":[{"href":"https:\/\/blogdojuniorcavalcanti.com.br\/index.php\/wp-json\/wp\/v2\/types\/post"}],"author":[{"embeddable":true,"href":"https:\/\/blogdojuniorcavalcanti.com.br\/index.php\/wp-json\/wp\/v2\/users\/2"}],"replies":[{"embeddable":true,"href":"https:\/\/blogdojuniorcavalcanti.com.br\/index.php\/wp-json\/wp\/v2\/comments?post=21909"}],"version-history":[{"count":1,"href":"https:\/\/blogdojuniorcavalcanti.com.br\/index.php\/wp-json\/wp\/v2\/posts\/21909\/revisions"}],"predecessor-version":[{"id":21910,"href":"https:\/\/blogdojuniorcavalcanti.com.br\/index.php\/wp-json\/wp\/v2\/posts\/21909\/revisions\/21910"}],"wp:attachment":[{"href":"https:\/\/blogdojuniorcavalcanti.com.br\/index.php\/wp-json\/wp\/v2\/media?parent=21909"}],"wp:term":[{"taxonomy":"category","embeddable":true,"href":"https:\/\/blogdojuniorcavalcanti.com.br\/index.php\/wp-json\/wp\/v2\/categories?post=21909"},{"taxonomy":"post_tag","embeddable":true,"href":"https:\/\/blogdojuniorcavalcanti.com.br\/index.php\/wp-json\/wp\/v2\/tags?post=21909"}],"curies":[{"name":"wp","href":"https:\/\/api.w.org\/{rel}","templated":true}]}}