{"id":21947,"date":"2022-12-07T04:49:53","date_gmt":"2022-12-07T07:49:53","guid":{"rendered":"https:\/\/blogdojuniorcavalcanti.com.br\/?p=21947"},"modified":"2022-12-07T04:49:53","modified_gmt":"2022-12-07T07:49:53","slug":"pec-da-transicao-relator-amplia-teto-para-bancar-auxilio-brasil-e-fixa-prazo-para-governo-propor-nova-regra-fiscal","status":"publish","type":"post","link":"https:\/\/blogdojuniorcavalcanti.com.br\/index.php\/2022\/12\/07\/pec-da-transicao-relator-amplia-teto-para-bancar-auxilio-brasil-e-fixa-prazo-para-governo-propor-nova-regra-fiscal\/","title":{"rendered":"PEC da Transi\u00e7\u00e3o: relator amplia teto para bancar Aux\u00edlio Brasil e fixa prazo para governo propor nova regra fiscal"},"content":{"rendered":"<p style=\"text-align: justify;\"><span style=\"font-size: 14pt;\"><img fetchpriority=\"high\" decoding=\"async\" class=\"alignleft wp-image-246887 jetpack-lazy-image jetpack-lazy-image--handled\" src=\"https:\/\/i1.wp.com\/nilljunior.com.br\/wp-content\/uploads\/2022\/12\/DaviAlcolumbre-06-12-22.jpg?resize=400%2C235&amp;ssl=1\" sizes=\"(max-width: 400px) 100vw, 400px\" srcset=\"https:\/\/i1.wp.com\/nilljunior.com.br\/wp-content\/uploads\/2022\/12\/DaviAlcolumbre-06-12-22.jpg?w=984&amp;ssl=1 984w, https:\/\/i1.wp.com\/nilljunior.com.br\/wp-content\/uploads\/2022\/12\/DaviAlcolumbre-06-12-22.jpg?resize=300%2C176&amp;ssl=1 300w, https:\/\/i1.wp.com\/nilljunior.com.br\/wp-content\/uploads\/2022\/12\/DaviAlcolumbre-06-12-22.jpg?resize=768%2C451&amp;ssl=1 768w, https:\/\/i1.wp.com\/nilljunior.com.br\/wp-content\/uploads\/2022\/12\/DaviAlcolumbre-06-12-22.jpg?resize=600%2C352&amp;ssl=1 600w\" alt=\"\" width=\"400\" height=\"235\" data-attachment-id=\"246887\" data-permalink=\"https:\/\/nilljunior.com.br\/pec-da-transicao-relator-amplia-teto-para-bancar-auxilio-brasil-e-fixa-prazo-para-governo-propor-nova-regra-fiscal\/davialcolumbre-06-12-22\/\" data-orig-file=\"https:\/\/i1.wp.com\/nilljunior.com.br\/wp-content\/uploads\/2022\/12\/DaviAlcolumbre-06-12-22.jpg?fit=984%2C578&amp;ssl=1\" data-orig-size=\"984,578\" data-comments-opened=\"1\" data-image-meta=\"{&quot;aperture&quot;:&quot;0&quot;,&quot;credit&quot;:&quot;&quot;,&quot;camera&quot;:&quot;&quot;,&quot;caption&quot;:&quot;&quot;,&quot;created_timestamp&quot;:&quot;0&quot;,&quot;copyright&quot;:&quot;&quot;,&quot;focal_length&quot;:&quot;0&quot;,&quot;iso&quot;:&quot;0&quot;,&quot;shutter_speed&quot;:&quot;0&quot;,&quot;title&quot;:&quot;&quot;,&quot;orientation&quot;:&quot;0&quot;}\" data-image-title=\"DaviAlcolumbre-06-12-22\" data-image-description=\"\" data-medium-file=\"https:\/\/i1.wp.com\/nilljunior.com.br\/wp-content\/uploads\/2022\/12\/DaviAlcolumbre-06-12-22.jpg?fit=300%2C176&amp;ssl=1\" data-large-file=\"https:\/\/i1.wp.com\/nilljunior.com.br\/wp-content\/uploads\/2022\/12\/DaviAlcolumbre-06-12-22.jpg?fit=600%2C352&amp;ssl=1\" data-recalc-dims=\"1\" data-lazy-loaded=\"1\" \/><span style=\"font-family: arial, helvetica, sans-serif;\">O relator da PEC da Transi\u00e7\u00e3o no Senado, Alexandre Silveira (PSD-MG), leu, hoje, sua vers\u00e3o da proposta que busca assegurar o pagamento de R$ 600 de Aux\u00edlio Brasil, programa que voltar\u00e1 a se chamar Bolsa Fam\u00edlia. A leitura ocorreu na Comiss\u00e3o de Constitui\u00e7\u00e3o e Justi\u00e7a (CCJ) do Senado, comiss\u00e3o respons\u00e1vel por analisar a PEC antes do envio do texto ao plen\u00e1rio principal da Casa. Ap\u00f3s a apresenta\u00e7\u00e3o do parecer, a reuni\u00e3o foi suspensa.<\/span><\/span><\/p>\n<p style=\"text-align: justify;\"><span style=\"font-size: 14pt; font-family: arial, helvetica, sans-serif;\">A vers\u00e3o inicial do texto previa retirar o Aux\u00edlio Brasil da regra do teto de gastos, que limita as despesas p\u00fablicas, por quatro anos. Em vez disso, o relator prop\u00f4s aumentar o limite do teto de gastos previsto para o Poder Executivo em R$ 175 bilh\u00f5es por ano em 2023 e 2024.<\/span><\/p>\n<p style=\"text-align: justify;\"><span style=\"font-size: 14pt; font-family: arial, helvetica, sans-serif;\">O valor, segundo Silveira, \u00e9 equivalente ao necess\u00e1rio para manter o pagamento do Auxilio Brasil (Bolsa Fam\u00edlia) em R$ 600, al\u00e9m de R$ 150 por crian\u00e7a de at\u00e9 seis anos de fam\u00edlias benefici\u00e1rias do programa.<\/span><\/p>\n<p style=\"text-align: justify;\"><span style=\"font-size: 14pt; font-family: arial, helvetica, sans-serif;\">A proposta fixa ainda que as despesas de R$ 175 bilh\u00f5es acima do teto n\u00e3o entrar\u00e3o no c\u00e1lculo da meta de resultado prim\u00e1rio de 2023. Resultado prim\u00e1rio \u00e9 a diferen\u00e7a entre gastos e receitas do governo, exclu\u00eddas as despesas com juros da d\u00edvida p\u00fablica. Al\u00e9m disso, ficam fora da chamada Regra de Ouro \u2013 que pro\u00edbe o governo de se endividar para pagar despesas correntes \u2013 em 2023 e 2024.<\/span><\/p>\n<p style=\"text-align: justify;\"><span style=\"font-size: 14pt; font-family: arial, helvetica, sans-serif;\">O texto, no entanto, n\u00e3o definiu explicitamente que o montante deve ser aplicado no programa social. A proposta diz apenas que o acr\u00e9scimo no teto poder\u00e1 \u201cser\u00e1 destinado ao atendimento de solicita\u00e7\u00f5es da equipe de transi\u00e7\u00e3o e das comiss\u00f5es permanentes do Congresso Nacional ou de suas Casas\u201d. O impacto total da proposta \u00e9 de cerca de R$ 200 bilh\u00f5es por ano. Para especialistas, o valor \u00e9 alto e a PEC gera \u201cincertezas\u201d sobre as contas p\u00fablicas. Leia a reportagem completa de Luiz Felipe Barbi\u00e9ri no\u00a0<a href=\"https:\/\/g1.globo.com\/politica\/noticia\/2022\/12\/06\/ccj-senado-pec-da-transicao.ghtml\" target=\"_blank\" rel=\"noopener\"><strong>g1<\/strong><\/a>.<\/span><\/p>\n","protected":false},"excerpt":{"rendered":"<p>O relator da PEC da Transi&ccedil;&atilde;o no Senado, Alexandre Silveira (PSD-MG), leu, hoje, sua vers&atilde;o da proposta que busca assegurar o pagamento de R$ 600 de Aux&iacute;lio Brasil, programa que voltar&aacute; a se chamar Bolsa Fam&iacute;lia. A leitura ocorreu na Comiss&atilde;o de Constitui&ccedil;&atilde;o e Justi&ccedil;a (CCJ) do Senado, comiss&atilde;o respons&aacute;vel por analisar a PEC antes do envio do texto ao plen&aacute;rio principal da Casa. Ap&oacute;s a apresenta&ccedil;&atilde;o do parecer, a reuni&atilde;o foi suspensa. A vers&atilde;o inicial do texto previa retirar o Aux&iacute;lio Brasil da regra do teto de gastos, que limita as despesas p&uacute;blicas, por quatro anos. Em vez disso, &#8230; <\/p>\n<p class=\"read-more-container\"><a title=\"PEC da Transi\u00e7\u00e3o: relator amplia teto para bancar Aux\u00edlio Brasil e fixa prazo para governo propor nova regra fiscal\" class=\"read-more button\" href=\"https:\/\/blogdojuniorcavalcanti.com.br\/index.php\/2022\/12\/07\/pec-da-transicao-relator-amplia-teto-para-bancar-auxilio-brasil-e-fixa-prazo-para-governo-propor-nova-regra-fiscal\/#more-21947\" aria-label=\"More on PEC da Transi\u00e7\u00e3o: relator amplia teto para bancar Aux\u00edlio Brasil e fixa prazo para governo propor nova regra fiscal\">Leia mais<\/a><\/p>\n","protected":false},"author":2,"featured_media":0,"comment_status":"open","ping_status":"open","sticky":false,"template":"","format":"standard","meta":{"footnotes":""},"categories":[33],"tags":[],"class_list":["post-21947","post","type-post","status-publish","format-standard","hentry","category-brasil"],"_links":{"self":[{"href":"https:\/\/blogdojuniorcavalcanti.com.br\/index.php\/wp-json\/wp\/v2\/posts\/21947","targetHints":{"allow":["GET"]}}],"collection":[{"href":"https:\/\/blogdojuniorcavalcanti.com.br\/index.php\/wp-json\/wp\/v2\/posts"}],"about":[{"href":"https:\/\/blogdojuniorcavalcanti.com.br\/index.php\/wp-json\/wp\/v2\/types\/post"}],"author":[{"embeddable":true,"href":"https:\/\/blogdojuniorcavalcanti.com.br\/index.php\/wp-json\/wp\/v2\/users\/2"}],"replies":[{"embeddable":true,"href":"https:\/\/blogdojuniorcavalcanti.com.br\/index.php\/wp-json\/wp\/v2\/comments?post=21947"}],"version-history":[{"count":1,"href":"https:\/\/blogdojuniorcavalcanti.com.br\/index.php\/wp-json\/wp\/v2\/posts\/21947\/revisions"}],"predecessor-version":[{"id":21948,"href":"https:\/\/blogdojuniorcavalcanti.com.br\/index.php\/wp-json\/wp\/v2\/posts\/21947\/revisions\/21948"}],"wp:attachment":[{"href":"https:\/\/blogdojuniorcavalcanti.com.br\/index.php\/wp-json\/wp\/v2\/media?parent=21947"}],"wp:term":[{"taxonomy":"category","embeddable":true,"href":"https:\/\/blogdojuniorcavalcanti.com.br\/index.php\/wp-json\/wp\/v2\/categories?post=21947"},{"taxonomy":"post_tag","embeddable":true,"href":"https:\/\/blogdojuniorcavalcanti.com.br\/index.php\/wp-json\/wp\/v2\/tags?post=21947"}],"curies":[{"name":"wp","href":"https:\/\/api.w.org\/{rel}","templated":true}]}}