{"id":22050,"date":"2022-12-12T04:46:08","date_gmt":"2022-12-12T07:46:08","guid":{"rendered":"https:\/\/blogdojuniorcavalcanti.com.br\/?p=22050"},"modified":"2022-12-12T04:46:08","modified_gmt":"2022-12-12T07:46:08","slug":"encerrado-o-13o-festival-de-cinema-de-triunfo","status":"publish","type":"post","link":"https:\/\/blogdojuniorcavalcanti.com.br\/index.php\/2022\/12\/12\/encerrado-o-13o-festival-de-cinema-de-triunfo\/","title":{"rendered":"Encerrado o 13\u00ba Festival de Cinema de Triunfo"},"content":{"rendered":"<p style=\"text-align: justify;\"><span style=\"font-size: 14pt; font-family: arial, helvetica, sans-serif;\">Terminou na noite de s\u00e1bado (10) o 13\u00ba Festival de Cinema de Triunfo, realizado durante cinco dias no Theatro Cinema Guarany. O festival contou com exibi\u00e7\u00f5es de filmes, mostras competitivas de curtas e longas-metragens, al\u00e9m de debates e oficinas.<\/span><\/p>\n<p style=\"text-align: justify;\"><span style=\"font-size: 14pt; font-family: arial, helvetica, sans-serif;\">No \u00faltimo dia do festival teve\u00a0Debate com os realizadores dos filmes exibidos na sexta-feira (9\/12), na Pra\u00e7a do Avi\u00e3o; visita guiada no Theatro Cinema Guarany \u2013 Cine Rua PE;\u00a0\u00a0exibi\u00e7\u00e3o do document\u00e1rio \u201cTheatro Cinema Guarany: Uma longa hist\u00f3ria\u201d, com produ\u00e7\u00e3o do Cineclube Caretas (Triunfo-PE\/2011); e exibi\u00e7\u00e3o do filme especial do Festival de Inverno de Garanhuns.<\/span><\/p>\n<p style=\"text-align: justify;\"><span style=\"font-size: 14pt; font-family: arial, helvetica, sans-serif;\">A culmin\u00e2ncia da programa\u00e7\u00e3o aconteceu com a solenidade de premia\u00e7\u00e3o do festival e entrega do Trof\u00e9u Oficial e do Trof\u00e9u Caretas aos longas-metragens e curtas-metragens vencedores do festival.<\/span><\/p>\n<p style=\"text-align: justify;\"><span style=\"font-size: 14pt; font-family: arial, helvetica, sans-serif;\">Estiveram presentes na solenidade o Prefeito Luciano Bonfim, o secret\u00e1rio estadual de Cultura, Oscar Barreto, o presidente da FUNDARPE, Severino Pessoa, a gerente do Sesc, Lizandra, e a vice-presidente da ACMT, Silda Barbosa.<\/span><\/p>\n","protected":false},"excerpt":{"rendered":"<p>Terminou na noite de s&aacute;bado (10) o 13&ordm; Festival de Cinema de Triunfo, realizado durante cinco dias no Theatro Cinema Guarany. O festival contou com exibi&ccedil;&otilde;es de filmes, mostras competitivas de curtas e longas-metragens, al&eacute;m de debates e oficinas. No &uacute;ltimo dia do festival teve&nbsp;Debate com os realizadores dos filmes exibidos na sexta-feira (9\/12), na Pra&ccedil;a do Avi&atilde;o; visita guiada no Theatro Cinema Guarany &ndash; Cine Rua PE;&nbsp;&nbsp;exibi&ccedil;&atilde;o do document&aacute;rio &ldquo;Theatro Cinema Guarany: Uma longa hist&oacute;ria&rdquo;, com produ&ccedil;&atilde;o do Cineclube Caretas (Triunfo-PE\/2011); e exibi&ccedil;&atilde;o do filme especial do Festival de Inverno de Garanhuns. A culmin&acirc;ncia da programa&ccedil;&atilde;o aconteceu com a &#8230; <\/p>\n<p class=\"read-more-container\"><a title=\"Encerrado o 13\u00ba Festival de Cinema de Triunfo\" class=\"read-more button\" href=\"https:\/\/blogdojuniorcavalcanti.com.br\/index.php\/2022\/12\/12\/encerrado-o-13o-festival-de-cinema-de-triunfo\/#more-22050\" aria-label=\"More on Encerrado o 13\u00ba Festival de Cinema de Triunfo\">Leia mais<\/a><\/p>\n","protected":false},"author":2,"featured_media":22051,"comment_status":"open","ping_status":"open","sticky":false,"template":"","format":"standard","meta":{"footnotes":""},"categories":[25],"tags":[],"class_list":["post-22050","post","type-post","status-publish","format-standard","has-post-thumbnail","hentry","category-destaque","resize-featured-image"],"_links":{"self":[{"href":"https:\/\/blogdojuniorcavalcanti.com.br\/index.php\/wp-json\/wp\/v2\/posts\/22050","targetHints":{"allow":["GET"]}}],"collection":[{"href":"https:\/\/blogdojuniorcavalcanti.com.br\/index.php\/wp-json\/wp\/v2\/posts"}],"about":[{"href":"https:\/\/blogdojuniorcavalcanti.com.br\/index.php\/wp-json\/wp\/v2\/types\/post"}],"author":[{"embeddable":true,"href":"https:\/\/blogdojuniorcavalcanti.com.br\/index.php\/wp-json\/wp\/v2\/users\/2"}],"replies":[{"embeddable":true,"href":"https:\/\/blogdojuniorcavalcanti.com.br\/index.php\/wp-json\/wp\/v2\/comments?post=22050"}],"version-history":[{"count":1,"href":"https:\/\/blogdojuniorcavalcanti.com.br\/index.php\/wp-json\/wp\/v2\/posts\/22050\/revisions"}],"predecessor-version":[{"id":22052,"href":"https:\/\/blogdojuniorcavalcanti.com.br\/index.php\/wp-json\/wp\/v2\/posts\/22050\/revisions\/22052"}],"wp:featuredmedia":[{"embeddable":true,"href":"https:\/\/blogdojuniorcavalcanti.com.br\/index.php\/wp-json\/wp\/v2\/media\/22051"}],"wp:attachment":[{"href":"https:\/\/blogdojuniorcavalcanti.com.br\/index.php\/wp-json\/wp\/v2\/media?parent=22050"}],"wp:term":[{"taxonomy":"category","embeddable":true,"href":"https:\/\/blogdojuniorcavalcanti.com.br\/index.php\/wp-json\/wp\/v2\/categories?post=22050"},{"taxonomy":"post_tag","embeddable":true,"href":"https:\/\/blogdojuniorcavalcanti.com.br\/index.php\/wp-json\/wp\/v2\/tags?post=22050"}],"curies":[{"name":"wp","href":"https:\/\/api.w.org\/{rel}","templated":true}]}}