{"id":22263,"date":"2022-12-20T04:44:18","date_gmt":"2022-12-20T07:44:18","guid":{"rendered":"https:\/\/blogdojuniorcavalcanti.com.br\/?p=22263"},"modified":"2022-12-20T04:44:18","modified_gmt":"2022-12-20T07:44:18","slug":"jose-patriota-e-diplomado-deputado-estadual","status":"publish","type":"post","link":"https:\/\/blogdojuniorcavalcanti.com.br\/index.php\/2022\/12\/20\/jose-patriota-e-diplomado-deputado-estadual\/","title":{"rendered":"Jos\u00e9 Patriota \u00e9 diplomado deputado estadual"},"content":{"rendered":"<p style=\"text-align: justify;\"><span style=\"font-size: 14pt; font-family: arial, helvetica, sans-serif;\">Deputado estadual eleito com 43.586 votos, Jos\u00e9 Patriota foi diplomado em cerim\u00f4nia realizada nessa segunda-feira (19) no Teatro Guararapes, no Centro de Conven\u00e7\u00f5es, em Olinda. Na cerim\u00f4nia, o presidente da Amupe esteve acompanhado de sua esposa, Madalena Leite e do prefeito de Afogados da Ingazeira , Sandrinho Palmeira.<\/span><\/p>\n<p style=\"text-align: justify;\"><span style=\"font-size: 14pt; font-family: arial, helvetica, sans-serif;\">A governadora eleita Raquel Lyra, e sua vice; a senadora eleita Teresa Leit\u00e3o, e seus suplentes; 25 deputados federais e outros 48 deputados estaduais tamb\u00e9m foram habilitados a ocupar seus cargos a partir de 2023.<img fetchpriority=\"high\" decoding=\"async\" class=\"aligncenter size-large wp-image-228215\" src=\"https:\/\/blogdofinfa.com.br\/wp-content\/uploads\/2022\/12\/e0558231-bfd9-42d0-84f3-307856842df0-800x450.jpg\" sizes=\"(max-width: 600px) 100vw, 600px\" srcset=\"https:\/\/blogdofinfa.com.br\/wp-content\/uploads\/2022\/12\/e0558231-bfd9-42d0-84f3-307856842df0-800x450.jpg 800w, https:\/\/blogdofinfa.com.br\/wp-content\/uploads\/2022\/12\/e0558231-bfd9-42d0-84f3-307856842df0-300x169.jpg 300w, https:\/\/blogdofinfa.com.br\/wp-content\/uploads\/2022\/12\/e0558231-bfd9-42d0-84f3-307856842df0-768x432.jpg 768w, https:\/\/blogdofinfa.com.br\/wp-content\/uploads\/2022\/12\/e0558231-bfd9-42d0-84f3-307856842df0-200x113.jpg 200w, https:\/\/blogdofinfa.com.br\/wp-content\/uploads\/2022\/12\/e0558231-bfd9-42d0-84f3-307856842df0-24x14.jpg 24w, https:\/\/blogdofinfa.com.br\/wp-content\/uploads\/2022\/12\/e0558231-bfd9-42d0-84f3-307856842df0-36x20.jpg 36w, https:\/\/blogdofinfa.com.br\/wp-content\/uploads\/2022\/12\/e0558231-bfd9-42d0-84f3-307856842df0-48x27.jpg 48w, https:\/\/blogdofinfa.com.br\/wp-content\/uploads\/2022\/12\/e0558231-bfd9-42d0-84f3-307856842df0.jpg 1280w\" alt=\"\" width=\"600\" height=\"338\" \/><\/span><\/p>\n<p style=\"text-align: justify;\"><span style=\"font-size: 14pt; font-family: arial, helvetica, sans-serif;\">\u201c\u00c9 um momento de muita felicidade. Estou muito agradecido pela confian\u00e7a depositada em mim pelos pernambucanos, mas ciente da responsabilidade concedida. Na Assembleia Legislativa serei um voz que trabalhar\u00e1 incansavelmente para melhorar a vida das pessoas e pelo desenvolvimento do estado\u201d, declarou Patriota.<\/span><\/p>\n","protected":false},"excerpt":{"rendered":"<p>Deputado estadual eleito com 43.586 votos, Jos&eacute; Patriota foi diplomado em cerim&ocirc;nia realizada nessa segunda-feira (19) no Teatro Guararapes, no Centro de Conven&ccedil;&otilde;es, em Olinda. Na cerim&ocirc;nia, o presidente da Amupe esteve acompanhado de sua esposa, Madalena Leite e do prefeito de Afogados da Ingazeira , Sandrinho Palmeira. A governadora eleita Raquel Lyra, e sua vice; a senadora eleita Teresa Leit&atilde;o, e seus suplentes; 25 deputados federais e outros 48 deputados estaduais tamb&eacute;m foram habilitados a ocupar seus cargos a partir de 2023. &ldquo;&Eacute; um momento de muita felicidade. Estou muito agradecido pela confian&ccedil;a depositada em mim pelos pernambucanos, mas &#8230; <\/p>\n<p class=\"read-more-container\"><a title=\"Jos\u00e9 Patriota \u00e9 diplomado deputado estadual\" class=\"read-more button\" href=\"https:\/\/blogdojuniorcavalcanti.com.br\/index.php\/2022\/12\/20\/jose-patriota-e-diplomado-deputado-estadual\/#more-22263\" aria-label=\"More on Jos\u00e9 Patriota \u00e9 diplomado deputado estadual\">Leia mais<\/a><\/p>\n","protected":false},"author":2,"featured_media":22264,"comment_status":"open","ping_status":"open","sticky":false,"template":"","format":"standard","meta":{"footnotes":""},"categories":[25],"tags":[],"class_list":["post-22263","post","type-post","status-publish","format-standard","has-post-thumbnail","hentry","category-destaque","resize-featured-image"],"_links":{"self":[{"href":"https:\/\/blogdojuniorcavalcanti.com.br\/index.php\/wp-json\/wp\/v2\/posts\/22263","targetHints":{"allow":["GET"]}}],"collection":[{"href":"https:\/\/blogdojuniorcavalcanti.com.br\/index.php\/wp-json\/wp\/v2\/posts"}],"about":[{"href":"https:\/\/blogdojuniorcavalcanti.com.br\/index.php\/wp-json\/wp\/v2\/types\/post"}],"author":[{"embeddable":true,"href":"https:\/\/blogdojuniorcavalcanti.com.br\/index.php\/wp-json\/wp\/v2\/users\/2"}],"replies":[{"embeddable":true,"href":"https:\/\/blogdojuniorcavalcanti.com.br\/index.php\/wp-json\/wp\/v2\/comments?post=22263"}],"version-history":[{"count":1,"href":"https:\/\/blogdojuniorcavalcanti.com.br\/index.php\/wp-json\/wp\/v2\/posts\/22263\/revisions"}],"predecessor-version":[{"id":22265,"href":"https:\/\/blogdojuniorcavalcanti.com.br\/index.php\/wp-json\/wp\/v2\/posts\/22263\/revisions\/22265"}],"wp:featuredmedia":[{"embeddable":true,"href":"https:\/\/blogdojuniorcavalcanti.com.br\/index.php\/wp-json\/wp\/v2\/media\/22264"}],"wp:attachment":[{"href":"https:\/\/blogdojuniorcavalcanti.com.br\/index.php\/wp-json\/wp\/v2\/media?parent=22263"}],"wp:term":[{"taxonomy":"category","embeddable":true,"href":"https:\/\/blogdojuniorcavalcanti.com.br\/index.php\/wp-json\/wp\/v2\/categories?post=22263"},{"taxonomy":"post_tag","embeddable":true,"href":"https:\/\/blogdojuniorcavalcanti.com.br\/index.php\/wp-json\/wp\/v2\/tags?post=22263"}],"curies":[{"name":"wp","href":"https:\/\/api.w.org\/{rel}","templated":true}]}}