{"id":22639,"date":"2023-01-03T05:48:13","date_gmt":"2023-01-03T08:48:13","guid":{"rendered":"https:\/\/blogdojuniorcavalcanti.com.br\/?p=22639"},"modified":"2023-01-03T05:48:13","modified_gmt":"2023-01-03T08:48:13","slug":"meu-nome-esta-a-disposicao-para-compor-a-vice-de-sandrinho-em-2024-diz-rubinho-do-sao-joao","status":"publish","type":"post","link":"https:\/\/blogdojuniorcavalcanti.com.br\/index.php\/2023\/01\/03\/meu-nome-esta-a-disposicao-para-compor-a-vice-de-sandrinho-em-2024-diz-rubinho-do-sao-joao\/","title":{"rendered":"Meu nome est\u00e1 a disposi\u00e7\u00e3o para compor a vice de Sandrinho em 2024, diz Rubinho do S\u00e3o Jo\u00e3o"},"content":{"rendered":"<p style=\"text-align: justify;\"><span style=\"font-size: 14pt; font-family: arial, helvetica, sans-serif;\"><em>Foto: arquivo\/R\u00e1dio Paje\u00fa<\/em><\/span><\/p>\n<p style=\"text-align: justify;\"><span style=\"font-size: 14pt; font-family: arial, helvetica, sans-serif;\"><em><b>Sobre a pol\u00eamica da indument\u00e1ria de vereadores durante cerim\u00f4nia de posse da Mesa Diretora, presidente disse n\u00e3o ter visto necessidade de pol\u00eamica<\/b><\/em><\/span><\/p>\n<p style=\"text-align: justify;\"><span style=\"font-size: 14pt; font-family: arial, helvetica, sans-serif;\"><b>Por Andr\u00e9 Luis<\/b><\/span><\/p>\n<p style=\"text-align: justify;\"><span style=\"font-size: 14pt; font-family: arial, helvetica, sans-serif;\">O presidente da C\u00e2mara de Vereadores de Afogados da Ingazeira, Rubinho do S\u00e3o Jo\u00e3o, confirmou, nesta segunda-feira (2), durante entrevista ao programa\u00a0<strong>A Tarde \u00e9 Sua<\/strong>\u00a0da\u00a0<strong>R\u00e1dio Paje\u00fa<\/strong>, por telefone, que o seu nome est\u00e1 \u00e0 disposi\u00e7\u00e3o da Frente Popular para compor a vice do prefeito Sandrinho Palmeira em 2024.<\/span><\/p>\n<p style=\"text-align: justify;\"><span style=\"font-size: 14pt; font-family: arial, helvetica, sans-serif;\">Rubinho respondeu ao questionamento que foi motivado por conversas de bastidores que vinham ganhando for\u00e7a nos \u00faltimos tempos, inclusive, sendo citada pelo ex-prefeito Totonho Valadares durante entrevista ao Debate das Dez desta segunda.<\/span><\/p>\n<p style=\"text-align: justify;\"><span style=\"font-size: 14pt; font-family: arial, helvetica, sans-serif;\">Rubinho se disse preparado para ocupar o cargo e promete disputar a vaga com o atual vice-prefeito Daniel Valadares.<\/span><\/p>\n<p style=\"text-align: justify;\"><span style=\"font-size: 14pt; font-family: arial, helvetica, sans-serif;\">\u201cTenho boa rela\u00e7\u00e3o com Daniel, tendo inclusive votado nele, mas me sinto preparado. Fui reeleito em primeiro lugar, sendo majorit\u00e1rio no munic\u00edpio e eleito e reeleito para presidir a C\u00e2mara de Vereadores de forma un\u00e2nime\u201d, destacou Rubinho.<\/span><\/p>\n<p style=\"text-align: justify;\"><span style=\"font-size: 14pt; font-family: arial, helvetica, sans-serif;\">Rubinho disse ainda que tanto ele como qualquer outro membro da Frente Popular tem o direito de colocar o nome para disputar a vice numa poss\u00edvel disputa a reelei\u00e7\u00e3o de Sandrinho.<\/span><\/p>\n<p style=\"text-align: justify;\"><span style=\"font-size: 14pt; font-family: arial, helvetica, sans-serif;\">Falando sobre as expectativas para o segundo bi\u00eanio \u00e0 frente da C\u00e2mara, Rubinho disse que pretende dar sequ\u00eancia e aprimorar os trabalhos que v\u00eam sendo realizados. Ele ainda destacou o concurso p\u00fablico que foi dado sequ\u00eancia da legislatura anterior, a implementa\u00e7\u00e3o do Orelh\u00e3o Digital, o cuidado com o espa\u00e7o f\u00edsico da Casa e a valoriza\u00e7\u00e3o dos funcion\u00e1rios como a\u00e7\u00f5es que se destacam no bi\u00eanio anterior.<\/span><\/p>\n<p style=\"text-align: justify;\"><span style=\"font-size: 14pt; font-family: arial, helvetica, sans-serif;\"><b>Pol\u00eamica da indument\u00e1ria \u2013<\/b>\u00a0Respondendo sobre o questionamento que o blogueiro J\u00fanior Finfa fez em sua coluna, sobre a postura de vereadores na Sess\u00e3o de Posse da nova Mesa Diretora da C\u00e2mara de Afogados da Ingazeira, citando os trajes de alguns parlamentares, mesmo o integrante da Mesa Diretora, o vereador Renaldo Lima. \u201cParece que estavam saindo pra feira, nada que indique a ida a um ato solene. Basta olhar a foto dos treze parlamentares. Daqui a pouco, al\u00e9m da sand\u00e1lia, v\u00e3o come\u00e7ar a aparecer de bermuda. Cad\u00ea o respeito ao poder que fazem parte? Uma aberra\u00e7\u00e3o\u2026\u201d \u2013 questionou.<\/span><\/p>\n<p style=\"text-align: justify;\"><span style=\"font-size: 14pt; font-family: arial, helvetica, sans-serif;\">Rubinho disse que n\u00e3o viu necessidade de tanta pol\u00eamica. \u201cFoi uma sess\u00e3o r\u00e1pida por se tratar de uma continuidade de gest\u00e3o com os mesmos integrantes para cumprir as formalidades regimentais. Geralmente mesas que s\u00e3o novos integrantes que fazem solenidades maiores\u201d, disse Rubinho.<\/span><\/p>\n<p style=\"text-align: justify;\"><span style=\"font-size: 14pt; font-family: arial, helvetica, sans-serif;\">\u201cMas vamos discutir a quest\u00e3o internamente\u201d, admitiu completando.<\/span><\/p>\n","protected":false},"excerpt":{"rendered":"<p>Foto: arquivo\/R&aacute;dio Paje&uacute; Sobre a pol&ecirc;mica da indument&aacute;ria de vereadores durante cerim&ocirc;nia de posse da Mesa Diretora, presidente disse n&atilde;o ter visto necessidade de pol&ecirc;mica Por Andr&eacute; Luis O presidente da C&acirc;mara de Vereadores de Afogados da Ingazeira, Rubinho do S&atilde;o Jo&atilde;o, confirmou, nesta segunda-feira (2), durante entrevista ao programa&nbsp;A Tarde &eacute; Sua&nbsp;da&nbsp;R&aacute;dio Paje&uacute;, por telefone, que o seu nome est&aacute; &agrave; disposi&ccedil;&atilde;o da Frente Popular para compor a vice do prefeito Sandrinho Palmeira em 2024. Rubinho respondeu ao questionamento que foi motivado por conversas de bastidores que vinham ganhando for&ccedil;a nos &uacute;ltimos tempos, inclusive, sendo citada pelo ex-prefeito Totonho &#8230; <\/p>\n<p class=\"read-more-container\"><a title=\"Meu nome est\u00e1 a disposi\u00e7\u00e3o para compor a vice de Sandrinho em 2024, diz Rubinho do S\u00e3o Jo\u00e3o\" class=\"read-more button\" href=\"https:\/\/blogdojuniorcavalcanti.com.br\/index.php\/2023\/01\/03\/meu-nome-esta-a-disposicao-para-compor-a-vice-de-sandrinho-em-2024-diz-rubinho-do-sao-joao\/#more-22639\" aria-label=\"More on Meu nome est\u00e1 a disposi\u00e7\u00e3o para compor a vice de Sandrinho em 2024, diz Rubinho do S\u00e3o Jo\u00e3o\">Leia mais<\/a><\/p>\n","protected":false},"author":2,"featured_media":22641,"comment_status":"open","ping_status":"open","sticky":false,"template":"","format":"standard","meta":{"footnotes":""},"categories":[25],"tags":[],"class_list":["post-22639","post","type-post","status-publish","format-standard","has-post-thumbnail","hentry","category-destaque","resize-featured-image"],"_links":{"self":[{"href":"https:\/\/blogdojuniorcavalcanti.com.br\/index.php\/wp-json\/wp\/v2\/posts\/22639","targetHints":{"allow":["GET"]}}],"collection":[{"href":"https:\/\/blogdojuniorcavalcanti.com.br\/index.php\/wp-json\/wp\/v2\/posts"}],"about":[{"href":"https:\/\/blogdojuniorcavalcanti.com.br\/index.php\/wp-json\/wp\/v2\/types\/post"}],"author":[{"embeddable":true,"href":"https:\/\/blogdojuniorcavalcanti.com.br\/index.php\/wp-json\/wp\/v2\/users\/2"}],"replies":[{"embeddable":true,"href":"https:\/\/blogdojuniorcavalcanti.com.br\/index.php\/wp-json\/wp\/v2\/comments?post=22639"}],"version-history":[{"count":1,"href":"https:\/\/blogdojuniorcavalcanti.com.br\/index.php\/wp-json\/wp\/v2\/posts\/22639\/revisions"}],"predecessor-version":[{"id":22642,"href":"https:\/\/blogdojuniorcavalcanti.com.br\/index.php\/wp-json\/wp\/v2\/posts\/22639\/revisions\/22642"}],"wp:featuredmedia":[{"embeddable":true,"href":"https:\/\/blogdojuniorcavalcanti.com.br\/index.php\/wp-json\/wp\/v2\/media\/22641"}],"wp:attachment":[{"href":"https:\/\/blogdojuniorcavalcanti.com.br\/index.php\/wp-json\/wp\/v2\/media?parent=22639"}],"wp:term":[{"taxonomy":"category","embeddable":true,"href":"https:\/\/blogdojuniorcavalcanti.com.br\/index.php\/wp-json\/wp\/v2\/categories?post=22639"},{"taxonomy":"post_tag","embeddable":true,"href":"https:\/\/blogdojuniorcavalcanti.com.br\/index.php\/wp-json\/wp\/v2\/tags?post=22639"}],"curies":[{"name":"wp","href":"https:\/\/api.w.org\/{rel}","templated":true}]}}