{"id":22651,"date":"2023-01-03T05:51:12","date_gmt":"2023-01-03T08:51:12","guid":{"rendered":"https:\/\/blogdojuniorcavalcanti.com.br\/?p=22651"},"modified":"2023-01-03T05:51:12","modified_gmt":"2023-01-03T08:51:12","slug":"novo-diretor-geral-da-pf-toma-posse-em-cerimonia-coletiva-em-brasilia","status":"publish","type":"post","link":"https:\/\/blogdojuniorcavalcanti.com.br\/index.php\/2023\/01\/03\/novo-diretor-geral-da-pf-toma-posse-em-cerimonia-coletiva-em-brasilia\/","title":{"rendered":"Novo Diretor-Geral da PF toma posse em cerim\u00f4nia coletiva em Bras\u00edlia"},"content":{"rendered":"<p style=\"text-align: justify;\"><span style=\"font-size: 14pt;\"><b><i><img fetchpriority=\"high\" decoding=\"async\" class=\"alignleft wp-image-249026 jetpack-lazy-image jetpack-lazy-image--handled\" src=\"https:\/\/i1.wp.com\/nilljunior.com.br\/wp-content\/uploads\/2023\/01\/Andrei-Augusto-Passos-Rodrigues-Pol%C3%ADcia-Federal.jpg?resize=400%2C252&amp;ssl=1\" sizes=\"(max-width: 400px) 100vw, 400px\" srcset=\"https:\/\/i1.wp.com\/nilljunior.com.br\/wp-content\/uploads\/2023\/01\/Andrei-Augusto-Passos-Rodrigues-Pol\u00edcia-Federal.jpg?w=674&amp;ssl=1 674w, https:\/\/i1.wp.com\/nilljunior.com.br\/wp-content\/uploads\/2023\/01\/Andrei-Augusto-Passos-Rodrigues-Pol\u00edcia-Federal.jpg?resize=300%2C189&amp;ssl=1 300w, https:\/\/i1.wp.com\/nilljunior.com.br\/wp-content\/uploads\/2023\/01\/Andrei-Augusto-Passos-Rodrigues-Pol\u00edcia-Federal.jpg?resize=600%2C380&amp;ssl=1 600w\" alt=\"\" width=\"400\" height=\"252\" data-attachment-id=\"249026\" data-permalink=\"https:\/\/nilljunior.com.br\/novo-diretor-geral-da-pf-toma-posse-em-cerimonia-coletiva-em-brasilia\/andrei-augusto-passos-rodrigues-policia-federal\/\" data-orig-file=\"https:\/\/i1.wp.com\/nilljunior.com.br\/wp-content\/uploads\/2023\/01\/Andrei-Augusto-Passos-Rodrigues-Pol\u00edcia-Federal.jpg?fit=674%2C424&amp;ssl=1\" data-orig-size=\"674,424\" data-comments-opened=\"1\" data-image-meta=\"{&quot;aperture&quot;:&quot;0&quot;,&quot;credit&quot;:&quot;&quot;,&quot;camera&quot;:&quot;&quot;,&quot;caption&quot;:&quot;&quot;,&quot;created_timestamp&quot;:&quot;0&quot;,&quot;copyright&quot;:&quot;&quot;,&quot;focal_length&quot;:&quot;0&quot;,&quot;iso&quot;:&quot;0&quot;,&quot;shutter_speed&quot;:&quot;0&quot;,&quot;title&quot;:&quot;&quot;,&quot;orientation&quot;:&quot;0&quot;}\" data-image-title=\"Andrei Augusto Passos Rodrigues \u2013 Pol\u00edcia Federal\" data-image-description=\"\" data-medium-file=\"https:\/\/i1.wp.com\/nilljunior.com.br\/wp-content\/uploads\/2023\/01\/Andrei-Augusto-Passos-Rodrigues-Pol\u00edcia-Federal.jpg?fit=300%2C189&amp;ssl=1\" data-large-file=\"https:\/\/i1.wp.com\/nilljunior.com.br\/wp-content\/uploads\/2023\/01\/Andrei-Augusto-Passos-Rodrigues-Pol\u00edcia-Federal.jpg?fit=600%2C377&amp;ssl=1\" data-recalc-dims=\"1\" data-lazy-loaded=\"1\" \/><span style=\"font-family: arial, helvetica, sans-serif;\">Andrei Augusto Passos Rodrigues, 52 anos, \u00e9 natural de Pelotas\/RS e assume cargo ap\u00f3s passagem por v\u00e1rias unidades estrat\u00e9gicas da institui\u00e7\u00e3o e do MJSP<\/span><\/i><\/b><\/span><\/p>\n<p style=\"text-align: justify;\"><span style=\"font-size: 14pt; font-family: arial, helvetica, sans-serif;\">O novo Diretor-Geral da Pol\u00edcia Federal, delegado Andrei Augusto Passos Rodrigues, tomou posse nesta segunda-feira, (2), em cerim\u00f4nia coletiva no Minist\u00e9rio de Justi\u00e7a e Seguran\u00e7a P\u00fablica (MJSP), em Bras\u00edlia\/DF.<\/span><\/p>\n<p style=\"text-align: justify;\"><span style=\"font-size: 14pt; font-family: arial, helvetica, sans-serif;\">Natural de Pelotas\/RS, Rodrigues tem 52 anos, \u00e9 graduado em Direito pela Universidade Federal de Pelotas (UFPel) e mestre em Alta Gest\u00e3o em Seguran\u00e7a Internacional pelo Centro Universit\u00e1rio da Guarda Civil da Espanha (CUGC) e pela Universidade Carlos III de Madri (UC3M).<\/span><\/p>\n<p style=\"text-align: justify;\"><span style=\"font-size: 14pt; font-family: arial, helvetica, sans-serif;\">Delegado de Pol\u00edcia Federal h\u00e1 mais de 20 anos, foi chefe das Delegacias de Repress\u00e3o a Entorpecentes em Manaus\/AM, Repress\u00e3o a Crimes Fazend\u00e1rios em Porto Alegre\/RS e do Aeroporto Internacional em Bras\u00edlia\/DF.<\/span><\/p>\n<p style=\"text-align: justify;\"><span style=\"font-size: 14pt; font-family: arial, helvetica, sans-serif;\">Rodrigues foi integrante da comiss\u00e3o que elaborou o Manual de Planejamento e Gest\u00e3o de Opera\u00e7\u00f5es da Pol\u00edcia Federal. Na institui\u00e7\u00e3o, tamb\u00e9m atuou como Assistente da Diretoria-Executiva, Chefe de Seguran\u00e7a da ent\u00e3o candidata Dilma Rousseff \u00e0 Presid\u00eancia da Rep\u00fablica nas Elei\u00e7\u00f5es 2010 e Oficial de Liga\u00e7\u00e3o da Pol\u00edcia Federal em Madri\/Espanha.<\/span><\/p>\n<p style=\"text-align: justify;\"><span style=\"font-size: 14pt; font-family: arial, helvetica, sans-serif;\">O delegado exerceu a fun\u00e7\u00e3o de Secret\u00e1rio Extraordin\u00e1rio de Seguran\u00e7a para Grandes Eventos do MJSP, como respons\u00e1vel pela seguran\u00e7a da Copa do Mundo FIFA 2014 e Jogos Ol\u00edmpicos e Paral\u00edmpicos Rio 2016.<\/span><\/p>\n<p style=\"text-align: justify;\"><span style=\"font-size: 14pt; font-family: arial, helvetica, sans-serif;\">Recebeu, em 2016, o primeiro lugar da premia\u00e7\u00e3o da administra\u00e7\u00e3o p\u00fablica federal em gest\u00e3o de projetos como instrumento para aprimorar o controle interno, oferecido pelo Minist\u00e9rio da Transpar\u00eancia, Fiscaliza\u00e7\u00e3o e Controladoria-Geral da Uni\u00e3o. Em 2018 foi agraciado com o primeiro lugar em boas pr\u00e1ticas de gest\u00e3o na categoria carreiras jur\u00eddicas, oferecido pela Associa\u00e7\u00e3o Nacional de Ju\u00edzes Federais (Ajufe).<\/span><\/p>\n<p style=\"text-align: justify;\"><span style=\"font-size: 14pt; font-family: arial, helvetica, sans-serif;\">O novo Diretor-Geral tamb\u00e9m foi Coordenador-Geral de Pol\u00edcia Fazend\u00e1ria e chefe da Unidade de Gest\u00e3o Estrat\u00e9gica da Diretoria de Tecnologia da Inova\u00e7\u00e3o da Pol\u00edcia Federal. O cargo mais recente foi o de chefe da Divis\u00e3o de Rela\u00e7\u00f5es Internacionais da Pol\u00edcia Federal.<\/span><\/p>\n<p style=\"text-align: justify;\"><span style=\"font-size: 14pt; font-family: arial, helvetica, sans-serif;\">Desde o in\u00edcio da campanha eleitoral de 2022, o policial foi o respons\u00e1vel pela seguran\u00e7a do presidente Luiz In\u00e1cio Lula da Silva, tendo permanecido na fun\u00e7\u00e3o ap\u00f3s a elei\u00e7\u00e3o. No Gabinete de Transi\u00e7\u00e3o, integrou o Grupo de Trabalho de Justi\u00e7a e Seguran\u00e7a P\u00fablica e coordenou o Grupo de Trabalho de Intelig\u00eancia Estrat\u00e9gica, onde foi respons\u00e1vel pelas discuss\u00f5es sobre Pol\u00edcia Federal, Pol\u00edcia Rodovi\u00e1ria Federal, Intelig\u00eancia Policial e Pol\u00edcia T\u00e9cnica (per\u00edcia).<\/span><\/p>\n<p style=\"text-align: justify;\"><span style=\"font-size: 14pt; font-family: arial, helvetica, sans-serif;\">A solenidade oficial, realizada no Sal\u00e3o Negro do MJSP, tamb\u00e9m foi destinada \u00e0 posse de outros Diretores e Secret\u00e1rios do \u00f3rg\u00e3o.<\/span><\/p>\n","protected":false},"excerpt":{"rendered":"<p>Andrei Augusto Passos Rodrigues, 52 anos, &eacute; natural de Pelotas\/RS e assume cargo ap&oacute;s passagem por v&aacute;rias unidades estrat&eacute;gicas da institui&ccedil;&atilde;o e do MJSP O novo Diretor-Geral da Pol&iacute;cia Federal, delegado Andrei Augusto Passos Rodrigues, tomou posse nesta segunda-feira, (2), em cerim&ocirc;nia coletiva no Minist&eacute;rio de Justi&ccedil;a e Seguran&ccedil;a P&uacute;blica (MJSP), em Bras&iacute;lia\/DF. Natural de Pelotas\/RS, Rodrigues tem 52 anos, &eacute; graduado em Direito pela Universidade Federal de Pelotas (UFPel) e mestre em Alta Gest&atilde;o em Seguran&ccedil;a Internacional pelo Centro Universit&aacute;rio da Guarda Civil da Espanha (CUGC) e pela Universidade Carlos III de Madri (UC3M). Delegado de Pol&iacute;cia Federal h&aacute; &#8230; <\/p>\n<p class=\"read-more-container\"><a title=\"Novo Diretor-Geral da PF toma posse em cerim\u00f4nia coletiva em Bras\u00edlia\" class=\"read-more button\" href=\"https:\/\/blogdojuniorcavalcanti.com.br\/index.php\/2023\/01\/03\/novo-diretor-geral-da-pf-toma-posse-em-cerimonia-coletiva-em-brasilia\/#more-22651\" aria-label=\"More on Novo Diretor-Geral da PF toma posse em cerim\u00f4nia coletiva em Bras\u00edlia\">Leia mais<\/a><\/p>\n","protected":false},"author":2,"featured_media":0,"comment_status":"open","ping_status":"open","sticky":false,"template":"","format":"standard","meta":{"footnotes":""},"categories":[27],"tags":[],"class_list":["post-22651","post","type-post","status-publish","format-standard","hentry","category-politica"],"_links":{"self":[{"href":"https:\/\/blogdojuniorcavalcanti.com.br\/index.php\/wp-json\/wp\/v2\/posts\/22651","targetHints":{"allow":["GET"]}}],"collection":[{"href":"https:\/\/blogdojuniorcavalcanti.com.br\/index.php\/wp-json\/wp\/v2\/posts"}],"about":[{"href":"https:\/\/blogdojuniorcavalcanti.com.br\/index.php\/wp-json\/wp\/v2\/types\/post"}],"author":[{"embeddable":true,"href":"https:\/\/blogdojuniorcavalcanti.com.br\/index.php\/wp-json\/wp\/v2\/users\/2"}],"replies":[{"embeddable":true,"href":"https:\/\/blogdojuniorcavalcanti.com.br\/index.php\/wp-json\/wp\/v2\/comments?post=22651"}],"version-history":[{"count":1,"href":"https:\/\/blogdojuniorcavalcanti.com.br\/index.php\/wp-json\/wp\/v2\/posts\/22651\/revisions"}],"predecessor-version":[{"id":22652,"href":"https:\/\/blogdojuniorcavalcanti.com.br\/index.php\/wp-json\/wp\/v2\/posts\/22651\/revisions\/22652"}],"wp:attachment":[{"href":"https:\/\/blogdojuniorcavalcanti.com.br\/index.php\/wp-json\/wp\/v2\/media?parent=22651"}],"wp:term":[{"taxonomy":"category","embeddable":true,"href":"https:\/\/blogdojuniorcavalcanti.com.br\/index.php\/wp-json\/wp\/v2\/categories?post=22651"},{"taxonomy":"post_tag","embeddable":true,"href":"https:\/\/blogdojuniorcavalcanti.com.br\/index.php\/wp-json\/wp\/v2\/tags?post=22651"}],"curies":[{"name":"wp","href":"https:\/\/api.w.org\/{rel}","templated":true}]}}