{"id":22824,"date":"2023-01-09T19:48:22","date_gmt":"2023-01-09T22:48:22","guid":{"rendered":"https:\/\/blogdojuniorcavalcanti.com.br\/?p=22824"},"modified":"2023-01-09T19:48:22","modified_gmt":"2023-01-09T22:48:22","slug":"ex-primeira-dama-da-pb-invadiu-o-congresso","status":"publish","type":"post","link":"https:\/\/blogdojuniorcavalcanti.com.br\/index.php\/2023\/01\/09\/ex-primeira-dama-da-pb-invadiu-o-congresso\/","title":{"rendered":"Ex-primeira-dama da PB invadiu o Congresso"},"content":{"rendered":"<div id=\"chunk-5uqkj\">\n<div class=\"mc-column content-text active-extra-styles \" data-block-type=\"unstyled\" data-block-weight=\"25\" data-block-id=\"3\">\n<p class=\"content-text__container \" style=\"text-align: justify;\" data-track-category=\"Link no Texto\" data-track-links=\"\"><span style=\"font-size: 14pt;\"><img fetchpriority=\"high\" decoding=\"async\" class=\"alignleft wp-image-249567 jetpack-lazy-image jetpack-lazy-image--handled\" src=\"https:\/\/i2.wp.com\/nilljunior.com.br\/wp-content\/uploads\/2023\/01\/Sem-t%C3%ADtulo-7.jpg?resize=400%2C255&amp;ssl=1\" sizes=\"(max-width: 400px) 100vw, 400px\" srcset=\"https:\/\/i2.wp.com\/nilljunior.com.br\/wp-content\/uploads\/2023\/01\/Sem-t\u00edtulo-7.jpg?w=830&amp;ssl=1 830w, https:\/\/i2.wp.com\/nilljunior.com.br\/wp-content\/uploads\/2023\/01\/Sem-t\u00edtulo-7.jpg?resize=300%2C191&amp;ssl=1 300w, https:\/\/i2.wp.com\/nilljunior.com.br\/wp-content\/uploads\/2023\/01\/Sem-t\u00edtulo-7.jpg?resize=768%2C489&amp;ssl=1 768w, https:\/\/i2.wp.com\/nilljunior.com.br\/wp-content\/uploads\/2023\/01\/Sem-t\u00edtulo-7.jpg?resize=600%2C382&amp;ssl=1 600w\" alt=\"\" width=\"400\" height=\"255\" data-attachment-id=\"249567\" data-permalink=\"https:\/\/nilljunior.com.br\/ex-primeira-dama-da-pb-invadiu-o-congresso\/sem-titulo-516\/\" data-orig-file=\"https:\/\/i2.wp.com\/nilljunior.com.br\/wp-content\/uploads\/2023\/01\/Sem-t\u00edtulo-7.jpg?fit=830%2C529&amp;ssl=1\" data-orig-size=\"830,529\" data-comments-opened=\"1\" data-image-meta=\"{&quot;aperture&quot;:&quot;0&quot;,&quot;credit&quot;:&quot;&quot;,&quot;camera&quot;:&quot;&quot;,&quot;caption&quot;:&quot;&quot;,&quot;created_timestamp&quot;:&quot;0&quot;,&quot;copyright&quot;:&quot;&quot;,&quot;focal_length&quot;:&quot;0&quot;,&quot;iso&quot;:&quot;0&quot;,&quot;shutter_speed&quot;:&quot;0&quot;,&quot;title&quot;:&quot;&quot;,&quot;orientation&quot;:&quot;0&quot;}\" data-image-title=\"Sem t\u00edtulo\" data-image-description=\"\" data-medium-file=\"https:\/\/i2.wp.com\/nilljunior.com.br\/wp-content\/uploads\/2023\/01\/Sem-t\u00edtulo-7.jpg?fit=300%2C191&amp;ssl=1\" data-large-file=\"https:\/\/i2.wp.com\/nilljunior.com.br\/wp-content\/uploads\/2023\/01\/Sem-t\u00edtulo-7.jpg?fit=600%2C382&amp;ssl=1\" data-recalc-dims=\"1\" data-lazy-loaded=\"1\" \/><span style=\"font-family: arial, helvetica, sans-serif;\">A ex-primeira-dama da Para\u00edba\u00a0P\u00e2mela B\u00f3rio\u00a0(PSC) foi identificada como uma das\u00a0bolsonaristas radicais que invadiram o Congresso Nacional no domingo (8), em\u00a0Bras\u00edlia.<\/span><\/span><\/p>\n<\/div>\n<\/div>\n<div class=\"wall protected-content\">\n<div id=\"chunk-1uj4s\">\n<div class=\"mc-column content-text active-extra-styles \" data-block-type=\"unstyled\" data-block-weight=\"40\" data-block-id=\"4\">\n<p class=\"content-text__container \" style=\"text-align: justify;\" data-track-category=\"Link no Texto\" data-track-links=\"\"><span style=\"font-size: 14pt; font-family: arial, helvetica, sans-serif;\">Nas redes sociais, P\u00e2mela postou v\u00eddeos e fotos dos participantes dos atos antidemocr\u00e1ticos no gramado da Pra\u00e7a dos Tr\u00eas Poderes e, em seguida, ela pr\u00f3pria filmou a si mesma e a outros bolsonaristas no telhado do Congresso, uma \u00e1rea restrita.<\/span><\/p>\n<p style=\"text-align: justify;\" data-track-category=\"Link no Texto\" data-track-links=\"\"><span style=\"font-size: 14pt; font-family: arial, helvetica, sans-serif;\">P\u00e2mela \u00e9 ex-esposa do ex-governador\u00a0Ricardo Coutinho\u00a0(PT), e foi a Bras\u00edlia acompanhada do filho, que \u00e9 menor de idade.<\/span><\/p>\n<p style=\"text-align: justify;\" data-track-category=\"Link no Texto\" data-track-links=\"\"><span style=\"font-size: 14pt; font-family: arial, helvetica, sans-serif;\">O menino \u00e9 visto nas imagens feitas por ela na capital federal. P\u00e2mela B\u00f3rio \u00e9 jornalista e natural de Senhor do Bonfim, na Bahia. Ela tamb\u00e9m \u00e9 suplente de deputado federal pelo PSC na Para\u00edba.<\/span><\/p>\n<\/div>\n<\/div>\n<\/div>\n","protected":false},"excerpt":{"rendered":"<p>A ex-primeira-dama da Para&iacute;ba&nbsp;P&acirc;mela B&oacute;rio&nbsp;(PSC) foi identificada como uma das&nbsp;bolsonaristas radicais que invadiram o Congresso Nacional no domingo (8), em&nbsp;Bras&iacute;lia. Nas redes sociais, P&acirc;mela postou v&iacute;deos e fotos dos participantes dos atos antidemocr&aacute;ticos no gramado da Pra&ccedil;a dos Tr&ecirc;s Poderes e, em seguida, ela pr&oacute;pria filmou a si mesma e a outros bolsonaristas no telhado do Congresso, uma &aacute;rea restrita. P&acirc;mela &eacute; ex-esposa do ex-governador&nbsp;Ricardo Coutinho&nbsp;(PT), e foi a Bras&iacute;lia acompanhada do filho, que &eacute; menor de idade. O menino &eacute; visto nas imagens feitas por ela na capital federal. P&acirc;mela B&oacute;rio &eacute; jornalista e natural de Senhor do Bonfim, &#8230; <\/p>\n<p class=\"read-more-container\"><a title=\"Ex-primeira-dama da PB invadiu o Congresso\" class=\"read-more button\" href=\"https:\/\/blogdojuniorcavalcanti.com.br\/index.php\/2023\/01\/09\/ex-primeira-dama-da-pb-invadiu-o-congresso\/#more-22824\" aria-label=\"More on Ex-primeira-dama da PB invadiu o Congresso\">Leia mais<\/a><\/p>\n","protected":false},"author":2,"featured_media":0,"comment_status":"open","ping_status":"open","sticky":false,"template":"","format":"standard","meta":{"footnotes":""},"categories":[29],"tags":[],"class_list":["post-22824","post","type-post","status-publish","format-standard","hentry","category-policial"],"_links":{"self":[{"href":"https:\/\/blogdojuniorcavalcanti.com.br\/index.php\/wp-json\/wp\/v2\/posts\/22824","targetHints":{"allow":["GET"]}}],"collection":[{"href":"https:\/\/blogdojuniorcavalcanti.com.br\/index.php\/wp-json\/wp\/v2\/posts"}],"about":[{"href":"https:\/\/blogdojuniorcavalcanti.com.br\/index.php\/wp-json\/wp\/v2\/types\/post"}],"author":[{"embeddable":true,"href":"https:\/\/blogdojuniorcavalcanti.com.br\/index.php\/wp-json\/wp\/v2\/users\/2"}],"replies":[{"embeddable":true,"href":"https:\/\/blogdojuniorcavalcanti.com.br\/index.php\/wp-json\/wp\/v2\/comments?post=22824"}],"version-history":[{"count":1,"href":"https:\/\/blogdojuniorcavalcanti.com.br\/index.php\/wp-json\/wp\/v2\/posts\/22824\/revisions"}],"predecessor-version":[{"id":22825,"href":"https:\/\/blogdojuniorcavalcanti.com.br\/index.php\/wp-json\/wp\/v2\/posts\/22824\/revisions\/22825"}],"wp:attachment":[{"href":"https:\/\/blogdojuniorcavalcanti.com.br\/index.php\/wp-json\/wp\/v2\/media?parent=22824"}],"wp:term":[{"taxonomy":"category","embeddable":true,"href":"https:\/\/blogdojuniorcavalcanti.com.br\/index.php\/wp-json\/wp\/v2\/categories?post=22824"},{"taxonomy":"post_tag","embeddable":true,"href":"https:\/\/blogdojuniorcavalcanti.com.br\/index.php\/wp-json\/wp\/v2\/tags?post=22824"}],"curies":[{"name":"wp","href":"https:\/\/api.w.org\/{rel}","templated":true}]}}