{"id":23091,"date":"2023-01-19T04:43:35","date_gmt":"2023-01-19T07:43:35","guid":{"rendered":"https:\/\/blogdojuniorcavalcanti.com.br\/?p=23091"},"modified":"2023-01-19T04:43:35","modified_gmt":"2023-01-19T07:43:35","slug":"jose-patriota-destaca-avancos-do-municipalismo-pernambucano-no-conselho-politico-da-confederacao-nacional-dos-municipios","status":"publish","type":"post","link":"https:\/\/blogdojuniorcavalcanti.com.br\/index.php\/2023\/01\/19\/jose-patriota-destaca-avancos-do-municipalismo-pernambucano-no-conselho-politico-da-confederacao-nacional-dos-municipios\/","title":{"rendered":"Jos\u00e9 Patriota destaca avan\u00e7os do municipalismo pernambucano no Conselho Pol\u00edtico da Confedera\u00e7\u00e3o Nacional dos Munic\u00edpios"},"content":{"rendered":"<p style=\"text-align: justify;\"><span style=\"font-size: 14pt; font-family: arial, helvetica, sans-serif;\">O presidente da Associa\u00e7\u00e3o Municipalista de Pernambuco (Amupe), Jos\u00e9 Patriota participou nesta quarta-feira (18) da reuni\u00e3o do Conselho Pol\u00edtico da Confedera\u00e7\u00e3o Nacional dos Munic\u00edpios (CNM), em Bras\u00edlia. Na conversa, o municipalismo pernambucano foi destaque devido a liminar que garante que o Fundo de Participa\u00e7\u00e3o dos Munic\u00edpios (FPM ) de 65 munic\u00edpios pernambucanos n\u00e3o seja reduzido. Estes teriam queda no coeficiente do fundo, que possui crit\u00e9rios definidos pelo Tribunal de Contas da Uni\u00e3o, com dados divulgados pelo Censo.<\/span><\/p>\n<p style=\"text-align: justify;\"><span style=\"font-size: 14pt; font-family: arial, helvetica, sans-serif;\"><img fetchpriority=\"high\" decoding=\"async\" class=\"alignleft wp-image-230372 jetpack-lazy-image jetpack-lazy-image--handled\" src=\"https:\/\/blogdofinfa.com.br\/wp-content\/uploads\/2023\/01\/amupe-cnm-1-471x600.jpg\" sizes=\"(max-width: 349px) 100vw, 349px\" srcset=\"https:\/\/blogdofinfa.com.br\/wp-content\/uploads\/2023\/01\/amupe-cnm-1-471x600.jpg 471w, https:\/\/blogdofinfa.com.br\/wp-content\/uploads\/2023\/01\/amupe-cnm-1-235x300.jpg 235w, https:\/\/blogdofinfa.com.br\/wp-content\/uploads\/2023\/01\/amupe-cnm-1-768x979.jpg 768w, https:\/\/blogdofinfa.com.br\/wp-content\/uploads\/2023\/01\/amupe-cnm-1-200x255.jpg 200w, https:\/\/blogdofinfa.com.br\/wp-content\/uploads\/2023\/01\/amupe-cnm-1-19x24.jpg 19w, https:\/\/blogdofinfa.com.br\/wp-content\/uploads\/2023\/01\/amupe-cnm-1-28x36.jpg 28w, https:\/\/blogdofinfa.com.br\/wp-content\/uploads\/2023\/01\/amupe-cnm-1-38x48.jpg 38w, https:\/\/blogdofinfa.com.br\/wp-content\/uploads\/2023\/01\/amupe-cnm-1.jpg 1004w\" alt=\"\" width=\"349\" height=\"445\" data-attachment-id=\"230372\" data-permalink=\"https:\/\/blogdofinfa.com.br\/2023\/01\/jose-patriota-destaca-avancos-do-municipalismo-pernambucano-no-conselho-politico-da-confederacao-nacional-dos-municipios.html\/amupe-cnm-1\" data-orig-file=\"https:\/\/blogdofinfa.com.br\/wp-content\/uploads\/2023\/01\/amupe-cnm-1.jpg\" data-orig-size=\"1004,1280\" data-comments-opened=\"1\" data-image-meta=\"{&quot;aperture&quot;:&quot;0&quot;,&quot;credit&quot;:&quot;&quot;,&quot;camera&quot;:&quot;&quot;,&quot;caption&quot;:&quot;&quot;,&quot;created_timestamp&quot;:&quot;0&quot;,&quot;copyright&quot;:&quot;&quot;,&quot;focal_length&quot;:&quot;0&quot;,&quot;iso&quot;:&quot;0&quot;,&quot;shutter_speed&quot;:&quot;0&quot;,&quot;title&quot;:&quot;&quot;,&quot;orientation&quot;:&quot;0&quot;}\" data-image-title=\"amupe cnm 1\" data-image-description=\"\" data-image-caption=\"\" data-medium-file=\"https:\/\/blogdofinfa.com.br\/wp-content\/uploads\/2023\/01\/amupe-cnm-1-235x300.jpg\" data-large-file=\"https:\/\/blogdofinfa.com.br\/wp-content\/uploads\/2023\/01\/amupe-cnm-1-471x600.jpg\" data-lazy-loaded=\"1\" \/>\u201c\u00c9 importante que essa conquista seja nacional. Os munic\u00edpios brasileiros n\u00e3o podem ser penalizados. Com essa a\u00e7\u00e3o in\u00e9dita da Amupe, pretendemos que essa conquista se estenda para 100% dos munic\u00edpios brasileiros\u201d, afirmou Patriota, que nesta quarta-feira, em reuni\u00e3o com o Banco do Brasil, garantiu que o reajuste do FPM seja pago para os munic\u00edpios pernambucanos ainda esta semana.<\/span><\/p>\n<p style=\"text-align: justify;\"><span style=\"font-size: 14pt; font-family: arial, helvetica, sans-serif;\">A reuni\u00e3o teve a participa\u00e7\u00e3o do presidente da CNM, Paulo Ziulkoski; al\u00e9m da diretoria e do conselho da Confedera\u00e7\u00e3o. Foram debatidos tamb\u00e9m outros temas, como: os desafios da portaria do MEC e piso nacional do magist\u00e9rio na qual prev\u00ea aumento anual de 48%. Piso dos enfermeiros, a Marcha dos prefeitos, manuten\u00e7\u00e3o da Funda\u00e7\u00e3o Nacional de Sa\u00fade (Funasa), dentre outras pautas\u00a0municipalistas.<\/span><\/p>\n","protected":false},"excerpt":{"rendered":"<p>O presidente da Associa&ccedil;&atilde;o Municipalista de Pernambuco (Amupe), Jos&eacute; Patriota participou nesta quarta-feira (18) da reuni&atilde;o do Conselho Pol&iacute;tico da Confedera&ccedil;&atilde;o Nacional dos Munic&iacute;pios (CNM), em Bras&iacute;lia. Na conversa, o municipalismo pernambucano foi destaque devido a liminar que garante que o Fundo de Participa&ccedil;&atilde;o dos Munic&iacute;pios (FPM ) de 65 munic&iacute;pios pernambucanos n&atilde;o seja reduzido. Estes teriam queda no coeficiente do fundo, que possui crit&eacute;rios definidos pelo Tribunal de Contas da Uni&atilde;o, com dados divulgados pelo Censo. &ldquo;&Eacute; importante que essa conquista seja nacional. Os munic&iacute;pios brasileiros n&atilde;o podem ser penalizados. Com essa a&ccedil;&atilde;o in&eacute;dita da Amupe, pretendemos que essa &#8230; <\/p>\n<p class=\"read-more-container\"><a title=\"Jos\u00e9 Patriota destaca avan\u00e7os do municipalismo pernambucano no Conselho Pol\u00edtico da Confedera\u00e7\u00e3o Nacional dos Munic\u00edpios\" class=\"read-more button\" href=\"https:\/\/blogdojuniorcavalcanti.com.br\/index.php\/2023\/01\/19\/jose-patriota-destaca-avancos-do-municipalismo-pernambucano-no-conselho-politico-da-confederacao-nacional-dos-municipios\/#more-23091\" aria-label=\"More on Jos\u00e9 Patriota destaca avan\u00e7os do municipalismo pernambucano no Conselho Pol\u00edtico da Confedera\u00e7\u00e3o Nacional dos Munic\u00edpios\">Leia mais<\/a><\/p>\n","protected":false},"author":2,"featured_media":23092,"comment_status":"open","ping_status":"open","sticky":false,"template":"","format":"standard","meta":{"footnotes":""},"categories":[25],"tags":[],"class_list":["post-23091","post","type-post","status-publish","format-standard","has-post-thumbnail","hentry","category-destaque","resize-featured-image"],"_links":{"self":[{"href":"https:\/\/blogdojuniorcavalcanti.com.br\/index.php\/wp-json\/wp\/v2\/posts\/23091","targetHints":{"allow":["GET"]}}],"collection":[{"href":"https:\/\/blogdojuniorcavalcanti.com.br\/index.php\/wp-json\/wp\/v2\/posts"}],"about":[{"href":"https:\/\/blogdojuniorcavalcanti.com.br\/index.php\/wp-json\/wp\/v2\/types\/post"}],"author":[{"embeddable":true,"href":"https:\/\/blogdojuniorcavalcanti.com.br\/index.php\/wp-json\/wp\/v2\/users\/2"}],"replies":[{"embeddable":true,"href":"https:\/\/blogdojuniorcavalcanti.com.br\/index.php\/wp-json\/wp\/v2\/comments?post=23091"}],"version-history":[{"count":1,"href":"https:\/\/blogdojuniorcavalcanti.com.br\/index.php\/wp-json\/wp\/v2\/posts\/23091\/revisions"}],"predecessor-version":[{"id":23093,"href":"https:\/\/blogdojuniorcavalcanti.com.br\/index.php\/wp-json\/wp\/v2\/posts\/23091\/revisions\/23093"}],"wp:featuredmedia":[{"embeddable":true,"href":"https:\/\/blogdojuniorcavalcanti.com.br\/index.php\/wp-json\/wp\/v2\/media\/23092"}],"wp:attachment":[{"href":"https:\/\/blogdojuniorcavalcanti.com.br\/index.php\/wp-json\/wp\/v2\/media?parent=23091"}],"wp:term":[{"taxonomy":"category","embeddable":true,"href":"https:\/\/blogdojuniorcavalcanti.com.br\/index.php\/wp-json\/wp\/v2\/categories?post=23091"},{"taxonomy":"post_tag","embeddable":true,"href":"https:\/\/blogdojuniorcavalcanti.com.br\/index.php\/wp-json\/wp\/v2\/tags?post=23091"}],"curies":[{"name":"wp","href":"https:\/\/api.w.org\/{rel}","templated":true}]}}