{"id":23129,"date":"2023-01-20T04:49:20","date_gmt":"2023-01-20T07:49:20","guid":{"rendered":"https:\/\/blogdojuniorcavalcanti.com.br\/?p=23129"},"modified":"2023-01-20T04:49:20","modified_gmt":"2023-01-20T07:49:20","slug":"alexandre-de-moraes-mantem-740-golpistas-presos","status":"publish","type":"post","link":"https:\/\/blogdojuniorcavalcanti.com.br\/index.php\/2023\/01\/20\/alexandre-de-moraes-mantem-740-golpistas-presos\/","title":{"rendered":"Alexandre de Moraes mant\u00e9m 740 golpistas presos"},"content":{"rendered":"<p style=\"text-align: justify;\"><span style=\"font-size: 14pt;\"><b><i><img fetchpriority=\"high\" decoding=\"async\" class=\"alignleft wp-image-249518 jetpack-lazy-image jetpack-lazy-image--handled\" src=\"https:\/\/i2.wp.com\/nilljunior.com.br\/wp-content\/uploads\/2023\/01\/IMG_20230108_223330.jpg?resize=400%2C400&amp;ssl=1\" sizes=\"(max-width: 400px) 100vw, 400px\" srcset=\"https:\/\/i2.wp.com\/nilljunior.com.br\/wp-content\/uploads\/2023\/01\/IMG_20230108_223330.jpg?w=1564&amp;ssl=1 1564w, https:\/\/i2.wp.com\/nilljunior.com.br\/wp-content\/uploads\/2023\/01\/IMG_20230108_223330.jpg?resize=250%2C250&amp;ssl=1 250w, https:\/\/i2.wp.com\/nilljunior.com.br\/wp-content\/uploads\/2023\/01\/IMG_20230108_223330.jpg?resize=768%2C768&amp;ssl=1 768w, https:\/\/i2.wp.com\/nilljunior.com.br\/wp-content\/uploads\/2023\/01\/IMG_20230108_223330.jpg?resize=400%2C400&amp;ssl=1 400w\" alt=\"\" width=\"400\" height=\"400\" data-attachment-id=\"249518\" data-permalink=\"https:\/\/nilljunior.com.br\/ovo-da-serpente-entre-nos-ha-quem-concorde-em-silencio-com-o-que-vimos-em-brasilia\/img_20230108_223330\/\" data-orig-file=\"https:\/\/i2.wp.com\/nilljunior.com.br\/wp-content\/uploads\/2023\/01\/IMG_20230108_223330.jpg?fit=1564%2C1564&amp;ssl=1\" data-orig-size=\"1564,1564\" data-comments-opened=\"1\" data-image-meta=\"{&quot;aperture&quot;:&quot;0&quot;,&quot;credit&quot;:&quot;&quot;,&quot;camera&quot;:&quot;&quot;,&quot;caption&quot;:&quot;&quot;,&quot;created_timestamp&quot;:&quot;0&quot;,&quot;copyright&quot;:&quot;&quot;,&quot;focal_length&quot;:&quot;0&quot;,&quot;iso&quot;:&quot;0&quot;,&quot;shutter_speed&quot;:&quot;0&quot;,&quot;title&quot;:&quot;&quot;,&quot;orientation&quot;:&quot;0&quot;}\" data-image-title=\"IMG_20230108_223330\" data-image-description=\"\" data-medium-file=\"https:\/\/i2.wp.com\/nilljunior.com.br\/wp-content\/uploads\/2023\/01\/IMG_20230108_223330.jpg?fit=250%2C250&amp;ssl=1\" data-large-file=\"https:\/\/i2.wp.com\/nilljunior.com.br\/wp-content\/uploads\/2023\/01\/IMG_20230108_223330.jpg?fit=400%2C400&amp;ssl=1\" data-recalc-dims=\"1\" data-lazy-loaded=\"1\" \/><span style=\"font-family: arial, helvetica, sans-serif;\">Ao todo, desde ter\u00e7a-feira (17), o ministro analisou a situa\u00e7\u00e3o de 1.075 presos<\/span><\/i><\/b><\/span><\/p>\n<p style=\"text-align: justify;\"><span style=\"font-size: 14pt; font-family: arial, helvetica, sans-serif;\">O ministro Alexandre de Moraes, do Supremo Tribunal Federal (STF), analisou nesta quinta-feira (19) a situa\u00e7\u00e3o de 501 presos por envolvimento em atos de terrorismo e na destrui\u00e7\u00e3o de pr\u00e9dios p\u00fablicos. Deles, 386 tiveram a pris\u00e3o em flagrante convertida em pris\u00e3o preventiva e 115 pessoas obtiveram liberdade provis\u00f3ria mediante medidas cautelares.<\/span><\/p>\n<p style=\"text-align: justify;\"><span style=\"font-size: 14pt; font-family: arial, helvetica, sans-serif;\">Ao todo, desde ter\u00e7a-feira (17), o ministro analisou a situa\u00e7\u00e3o de 1.075 presos, sendo que 740 seguem presos, agora em pris\u00e3o preventiva, e 335 poder\u00e3o responder ao processo com a coloca\u00e7\u00e3o de tornozeleira eletr\u00f4nica e outras medidas. A previs\u00e3o \u00e9 de conclus\u00e3o da an\u00e1lise dos casos de todos os detidos at\u00e9 sexta-feira (20).<\/span><\/p>\n<p style=\"text-align: justify;\"><span style=\"font-size: 14pt; font-family: arial, helvetica, sans-serif;\">Desde as pris\u00f5es nos dias 8 e 9 de janeiro, foram realizadas at\u00e9 o \u00faltimo dia 17, sob a coordena\u00e7\u00e3o da Corregedoria do Conselho Nacional de Justi\u00e7a (CNJ), 1.459 audi\u00eancias de cust\u00f3dia, sendo 946 feitas por magistrados do Tribunal Regional Federal da 1\u00aa Regi\u00e3o (TRF-1) e 513 por ju\u00edzes do Tribunal de Justi\u00e7a do Distrito Federal e dos Territ\u00f3rios (TJDFT).<\/span><\/p>\n<p style=\"text-align: justify;\"><span style=\"font-size: 14pt; font-family: arial, helvetica, sans-serif;\">Todos os casos ser\u00e3o analisados pelo STF, que est\u00e1 respons\u00e1vel por decidir quem segue preso e quem eventualmente pode responder em liberdade. As decis\u00f5es est\u00e3o sendo remetidas ao Diretor do Pres\u00eddio da Papuda e ao Diretor da Pol\u00edcia Federal. Al\u00e9m disso, o ministro determinou que a Procuradoria Geral da Rep\u00fablica (PGR), a Defensoria P\u00fablica e a Ordem dos Advogados do Brasil (OAB) sejam intimadas para pleno conhecimento das decis\u00f5es.<\/span><\/p>\n<p style=\"text-align: justify;\"><span style=\"font-size: 14pt; font-family: arial, helvetica, sans-serif;\">Veja a\u00a0<a href=\"http:\/\/www.stf.jus.br\/arquivo\/cms\/noticiaNoticiaStf\/anexo\/FLAGRANTESCONVERTIDOS_1901.pdf\" target=\"_blank\" rel=\"noopener\">lista<\/a>\u00a0das pessoas que tiveram pris\u00e3o preventiva decretada.<\/span><\/p>\n<p style=\"text-align: justify;\"><span style=\"font-size: 14pt; font-family: arial, helvetica, sans-serif;\">Veja a\u00a0<a href=\"http:\/\/www.stf.jus.br\/arquivo\/cms\/noticiaNoticiaStf\/anexo\/CONCESSAODELP_1901.pdf\" target=\"_blank\" rel=\"noopener\">lista<\/a>\u00a0dos que obtiveram liberdade mediante cautelares.<\/span><\/p>\n","protected":false},"excerpt":{"rendered":"<p>Ao todo, desde ter&ccedil;a-feira (17), o ministro analisou a situa&ccedil;&atilde;o de 1.075 presos O ministro Alexandre de Moraes, do Supremo Tribunal Federal (STF), analisou nesta quinta-feira (19) a situa&ccedil;&atilde;o de 501 presos por envolvimento em atos de terrorismo e na destrui&ccedil;&atilde;o de pr&eacute;dios p&uacute;blicos. Deles, 386 tiveram a pris&atilde;o em flagrante convertida em pris&atilde;o preventiva e 115 pessoas obtiveram liberdade provis&oacute;ria mediante medidas cautelares. Ao todo, desde ter&ccedil;a-feira (17), o ministro analisou a situa&ccedil;&atilde;o de 1.075 presos, sendo que 740 seguem presos, agora em pris&atilde;o preventiva, e 335 poder&atilde;o responder ao processo com a coloca&ccedil;&atilde;o de tornozeleira eletr&ocirc;nica e outras &#8230; <\/p>\n<p class=\"read-more-container\"><a title=\"Alexandre de Moraes mant\u00e9m 740 golpistas presos\" class=\"read-more button\" href=\"https:\/\/blogdojuniorcavalcanti.com.br\/index.php\/2023\/01\/20\/alexandre-de-moraes-mantem-740-golpistas-presos\/#more-23129\" aria-label=\"More on Alexandre de Moraes mant\u00e9m 740 golpistas presos\">Leia mais<\/a><\/p>\n","protected":false},"author":2,"featured_media":0,"comment_status":"open","ping_status":"open","sticky":false,"template":"","format":"standard","meta":{"footnotes":""},"categories":[33],"tags":[],"class_list":["post-23129","post","type-post","status-publish","format-standard","hentry","category-brasil"],"_links":{"self":[{"href":"https:\/\/blogdojuniorcavalcanti.com.br\/index.php\/wp-json\/wp\/v2\/posts\/23129","targetHints":{"allow":["GET"]}}],"collection":[{"href":"https:\/\/blogdojuniorcavalcanti.com.br\/index.php\/wp-json\/wp\/v2\/posts"}],"about":[{"href":"https:\/\/blogdojuniorcavalcanti.com.br\/index.php\/wp-json\/wp\/v2\/types\/post"}],"author":[{"embeddable":true,"href":"https:\/\/blogdojuniorcavalcanti.com.br\/index.php\/wp-json\/wp\/v2\/users\/2"}],"replies":[{"embeddable":true,"href":"https:\/\/blogdojuniorcavalcanti.com.br\/index.php\/wp-json\/wp\/v2\/comments?post=23129"}],"version-history":[{"count":1,"href":"https:\/\/blogdojuniorcavalcanti.com.br\/index.php\/wp-json\/wp\/v2\/posts\/23129\/revisions"}],"predecessor-version":[{"id":23130,"href":"https:\/\/blogdojuniorcavalcanti.com.br\/index.php\/wp-json\/wp\/v2\/posts\/23129\/revisions\/23130"}],"wp:attachment":[{"href":"https:\/\/blogdojuniorcavalcanti.com.br\/index.php\/wp-json\/wp\/v2\/media?parent=23129"}],"wp:term":[{"taxonomy":"category","embeddable":true,"href":"https:\/\/blogdojuniorcavalcanti.com.br\/index.php\/wp-json\/wp\/v2\/categories?post=23129"},{"taxonomy":"post_tag","embeddable":true,"href":"https:\/\/blogdojuniorcavalcanti.com.br\/index.php\/wp-json\/wp\/v2\/tags?post=23129"}],"curies":[{"name":"wp","href":"https:\/\/api.w.org\/{rel}","templated":true}]}}