{"id":23283,"date":"2023-01-27T17:17:10","date_gmt":"2023-01-27T20:17:10","guid":{"rendered":"https:\/\/blogdojuniorcavalcanti.com.br\/?p=23283"},"modified":"2023-01-27T17:17:10","modified_gmt":"2023-01-27T20:17:10","slug":"sertania-inicia-pagamento-do-salario-de-janeiro-na-proxima-segunda-feira","status":"publish","type":"post","link":"https:\/\/blogdojuniorcavalcanti.com.br\/index.php\/2023\/01\/27\/sertania-inicia-pagamento-do-salario-de-janeiro-na-proxima-segunda-feira\/","title":{"rendered":"Sert\u00e2nia inicia pagamento do sal\u00e1rio de janeiro na pr\u00f3xima segunda-feira"},"content":{"rendered":"<p style=\"text-align: justify;\"><span style=\"font-size: 14pt;\"><img fetchpriority=\"high\" decoding=\"async\" class=\"alignleft wp-image-162881 jetpack-lazy-image jetpack-lazy-image--handled\" src=\"https:\/\/i2.wp.com\/nilljunior.com.br\/wp-content\/uploads\/2019\/11\/23012018_dinheiro_ag._brasil-1.jpg?resize=400%2C300&amp;ssl=1\" sizes=\"(max-width: 400px) 100vw, 400px\" srcset=\"https:\/\/i2.wp.com\/nilljunior.com.br\/wp-content\/uploads\/2019\/11\/23012018_dinheiro_ag._brasil-1.jpg?w=600&amp;ssl=1 600w, https:\/\/i2.wp.com\/nilljunior.com.br\/wp-content\/uploads\/2019\/11\/23012018_dinheiro_ag._brasil-1.jpg?resize=300%2C225&amp;ssl=1 300w, https:\/\/i2.wp.com\/nilljunior.com.br\/wp-content\/uploads\/2019\/11\/23012018_dinheiro_ag._brasil-1.jpg?resize=533%2C400&amp;ssl=1 533w\" alt=\"\" width=\"400\" height=\"300\" data-attachment-id=\"162881\" data-permalink=\"https:\/\/nilljunior.com.br\/municipios-ja-sabem-de-quanto-sera-extra-do-pre-sal-dinheiro-deve-sair-ainda-este-ano\/23012018_dinheiro_ag-_brasil-2\/\" data-orig-file=\"https:\/\/i2.wp.com\/nilljunior.com.br\/wp-content\/uploads\/2019\/11\/23012018_dinheiro_ag._brasil-1.jpg?fit=600%2C450&amp;ssl=1\" data-orig-size=\"600,450\" data-comments-opened=\"1\" data-image-meta=\"{&quot;aperture&quot;:&quot;0&quot;,&quot;credit&quot;:&quot;&quot;,&quot;camera&quot;:&quot;&quot;,&quot;caption&quot;:&quot;&quot;,&quot;created_timestamp&quot;:&quot;0&quot;,&quot;copyright&quot;:&quot;&quot;,&quot;focal_length&quot;:&quot;0&quot;,&quot;iso&quot;:&quot;0&quot;,&quot;shutter_speed&quot;:&quot;0&quot;,&quot;title&quot;:&quot;&quot;,&quot;orientation&quot;:&quot;1&quot;}\" data-image-title=\"23012018_dinheiro_ag._brasil\" data-image-description=\"\" data-medium-file=\"https:\/\/i2.wp.com\/nilljunior.com.br\/wp-content\/uploads\/2019\/11\/23012018_dinheiro_ag._brasil-1.jpg?fit=300%2C225&amp;ssl=1\" data-large-file=\"https:\/\/i2.wp.com\/nilljunior.com.br\/wp-content\/uploads\/2019\/11\/23012018_dinheiro_ag._brasil-1.jpg?fit=533%2C400&amp;ssl=1\" data-recalc-dims=\"1\" data-lazy-loaded=\"1\" \/><span style=\"font-family: arial, helvetica, sans-serif;\">O Governo Municipal de Sert\u00e2nia anunciou que vai iniciar o pagamento dos sal\u00e1rios de janeiro dos servidores de todas as secretarias, na pr\u00f3xima segunda-feira (30), exceto os da Educa\u00e7\u00e3o e da Sa\u00fade.<\/span><\/span><\/p>\n<p style=\"text-align: justify;\"><span style=\"font-size: 14pt; font-family: arial, helvetica, sans-serif;\">Na ter\u00e7a, dia 31, \u00e9 a vez dos trabalhadores da Educa\u00e7\u00e3o. Os da Sa\u00fade, junto aos aposentados e pensionistas, receber\u00e3o na quarta-feira, dia 1\u00ba.<\/span><\/p>\n<p style=\"text-align: justify;\"><span style=\"font-size: 14pt; font-family: arial, helvetica, sans-serif;\">O munic\u00edpio de Sert\u00e2nia tem mais de 1,7 mil servidores ativos e inativos na folha de pagamento, o que representa mais de R$ 5,3 milh\u00f5es de inje\u00e7\u00e3o na economia.<\/span><\/p>\n<p style=\"text-align: justify;\"><span style=\"font-size: 14pt; font-family: arial, helvetica, sans-serif;\">Segundo a assessoria de comunica\u00e7\u00e3o: o pagamento do sal\u00e1rio em dia, dentro do m\u00eas trabalhado ou no primeiro dia \u00fatil, \u00e9 um compromisso e uma marca da gest\u00e3o do prefeito \u00c2ngelo Ferreira.<\/span><\/p>\n","protected":false},"excerpt":{"rendered":"<p>O Governo Municipal de Sert&acirc;nia anunciou que vai iniciar o pagamento dos sal&aacute;rios de janeiro dos servidores de todas as secretarias, na pr&oacute;xima segunda-feira (30), exceto os da Educa&ccedil;&atilde;o e da Sa&uacute;de. Na ter&ccedil;a, dia 31, &eacute; a vez dos trabalhadores da Educa&ccedil;&atilde;o. Os da Sa&uacute;de, junto aos aposentados e pensionistas, receber&atilde;o na quarta-feira, dia 1&ordm;. O munic&iacute;pio de Sert&acirc;nia tem mais de 1,7 mil servidores ativos e inativos na folha de pagamento, o que representa mais de R$ 5,3 milh&otilde;es de inje&ccedil;&atilde;o na economia. Segundo a assessoria de comunica&ccedil;&atilde;o: o pagamento do sal&aacute;rio em dia, dentro do m&ecirc;s trabalhado &#8230; <\/p>\n<p class=\"read-more-container\"><a title=\"Sert\u00e2nia inicia pagamento do sal\u00e1rio de janeiro na pr\u00f3xima segunda-feira\" class=\"read-more button\" href=\"https:\/\/blogdojuniorcavalcanti.com.br\/index.php\/2023\/01\/27\/sertania-inicia-pagamento-do-salario-de-janeiro-na-proxima-segunda-feira\/#more-23283\" aria-label=\"More on Sert\u00e2nia inicia pagamento do sal\u00e1rio de janeiro na pr\u00f3xima segunda-feira\">Leia mais<\/a><\/p>\n","protected":false},"author":2,"featured_media":0,"comment_status":"open","ping_status":"open","sticky":false,"template":"","format":"standard","meta":{"footnotes":""},"categories":[30],"tags":[],"class_list":["post-23283","post","type-post","status-publish","format-standard","hentry","category-regional"],"_links":{"self":[{"href":"https:\/\/blogdojuniorcavalcanti.com.br\/index.php\/wp-json\/wp\/v2\/posts\/23283","targetHints":{"allow":["GET"]}}],"collection":[{"href":"https:\/\/blogdojuniorcavalcanti.com.br\/index.php\/wp-json\/wp\/v2\/posts"}],"about":[{"href":"https:\/\/blogdojuniorcavalcanti.com.br\/index.php\/wp-json\/wp\/v2\/types\/post"}],"author":[{"embeddable":true,"href":"https:\/\/blogdojuniorcavalcanti.com.br\/index.php\/wp-json\/wp\/v2\/users\/2"}],"replies":[{"embeddable":true,"href":"https:\/\/blogdojuniorcavalcanti.com.br\/index.php\/wp-json\/wp\/v2\/comments?post=23283"}],"version-history":[{"count":1,"href":"https:\/\/blogdojuniorcavalcanti.com.br\/index.php\/wp-json\/wp\/v2\/posts\/23283\/revisions"}],"predecessor-version":[{"id":23284,"href":"https:\/\/blogdojuniorcavalcanti.com.br\/index.php\/wp-json\/wp\/v2\/posts\/23283\/revisions\/23284"}],"wp:attachment":[{"href":"https:\/\/blogdojuniorcavalcanti.com.br\/index.php\/wp-json\/wp\/v2\/media?parent=23283"}],"wp:term":[{"taxonomy":"category","embeddable":true,"href":"https:\/\/blogdojuniorcavalcanti.com.br\/index.php\/wp-json\/wp\/v2\/categories?post=23283"},{"taxonomy":"post_tag","embeddable":true,"href":"https:\/\/blogdojuniorcavalcanti.com.br\/index.php\/wp-json\/wp\/v2\/tags?post=23283"}],"curies":[{"name":"wp","href":"https:\/\/api.w.org\/{rel}","templated":true}]}}