{"id":23301,"date":"2023-01-28T04:52:27","date_gmt":"2023-01-28T07:52:27","guid":{"rendered":"https:\/\/blogdojuniorcavalcanti.com.br\/?p=23301"},"modified":"2023-01-28T04:52:27","modified_gmt":"2023-01-28T07:52:27","slug":"paulo-camara-pede-desfiliacao-do-psb","status":"publish","type":"post","link":"https:\/\/blogdojuniorcavalcanti.com.br\/index.php\/2023\/01\/28\/paulo-camara-pede-desfiliacao-do-psb\/","title":{"rendered":"Paulo C\u00e2mara pede desfilia\u00e7\u00e3o do PSB"},"content":{"rendered":"<p style=\"text-align: justify;\"><span style=\"font-size: 14pt;\"><span style=\"font-family: arial, helvetica, sans-serif;\">O ex-governador de Pernambuco Paulo C\u00e2mara entregou, nesta quinta-feira (26), carta de desfilia\u00e7\u00e3o do PSB ap\u00f3s ter sido vetado pelo partido em indica\u00e7\u00f5es a minist\u00e9rios no governo de Luiz In\u00e1cio Lula da Silva.\u00a0<\/span><\/span><\/p>\n<p style=\"text-align: justify;\"><span style=\"font-size: 14pt; font-family: arial, helvetica, sans-serif;\">Sua sa\u00edda deve acentuar a divis\u00e3o no diret\u00f3rio estadual da legenda, que passa por enfraquecimento nos \u00faltimos anos. As informa\u00e7\u00f5es s\u00e3o do\u00a0<b>Estad\u00e3o<\/b>.<\/span><\/p>\n<p style=\"text-align: justify;\"><span style=\"font-size: 14pt; font-family: arial, helvetica, sans-serif;\">O grupo de C\u00e2mara acusa o prefeito de Recife, Jo\u00e3o Campos, e o agora ministro dos Portos e Aeroportos, M\u00e1rcio Fran\u00e7a, de se unirem para minar suas possibilidades de indica\u00e7\u00e3o a uma pasta no governo.\u00a0<\/span><\/p>\n<p style=\"text-align: justify;\"><span style=\"font-size: 14pt; font-family: arial, helvetica, sans-serif;\">Afirmam que Campos quer tomar para si todo o protagonismo da legenda no Estado e que Fran\u00e7a temia a concorr\u00eancia na disputa por minist\u00e9rios. Confira a carta na \u00edntegra abaixo:<\/span><\/p>\n<p style=\"text-align: justify;\"><span style=\"font-size: 14pt; font-family: arial, helvetica, sans-serif;\"><i>Ao presidente do Partido Socialista Brasileiro, Sr. Carlos Siqueira.<\/i><\/span><\/p>\n<p style=\"text-align: justify;\"><span style=\"font-size: 14pt; font-family: arial, helvetica, sans-serif;\"><i>Ingressei no PSB, a convite do governador Eduardo Campos, em 2014, para ser candidato ao Governo de Pernambuco. Naquele ano, em 13 de agosto, sofremos todos a perda de nossa maior lideran\u00e7a num tr\u00e1gico acidente a\u00e9reo. Eduardo foi um pol\u00edtico e gestor p\u00fablico que fez hist\u00f3ria no Brasil transformando nosso estado para melhor.<\/i><\/span><\/p>\n<p style=\"text-align: justify;\"><span style=\"font-size: 14pt; font-family: arial, helvetica, sans-serif;\"><i>Nos oito anos seguintes, tive a dif\u00edcil tarefa de suceder o melhor governador da hist\u00f3ria. O que j\u00e1 n\u00e3o seria f\u00e1cil se tornou ainda mais desafiador, com as sucessivas crises enfrentadas pelo pa\u00eds e pelo mundo, a mais grave de todas a pandemia da Covid-19.<\/i><\/span><\/p>\n<p style=\"text-align: justify;\"><span style=\"font-size: 14pt; font-family: arial, helvetica, sans-serif;\"><i>Minha dedica\u00e7\u00e3o a Pernambuco foi integral em meus dois mandatos. Avan\u00e7amos em todas as \u00e1reas da gest\u00e3o, sobretudo na educa\u00e7\u00e3o, ao atingir a marca de melhor ensino m\u00e9dio do pa\u00eds.<\/i><\/span><\/p>\n<p style=\"text-align: justify;\"><span style=\"font-size: 14pt; font-family: arial, helvetica, sans-serif;\"><i>Ao tempo que finalizei a honrosa tarefa de ser governador de Pernambuco tamb\u00e9m avaliei conclu\u00edda minha hist\u00f3ria partid\u00e1ria junto ao PSB. Quero agradecer a todos os companheiros e companheiras de partido que sempre estiveram ao meu lado nesse per\u00edodo, nas pessoas do nosso presidente nacional, Carlos Siqueira e estadual, Sileno Guedes.<\/i><\/span><\/p>\n<p style=\"text-align: justify;\"><span style=\"font-size: 14pt; font-family: arial, helvetica, sans-serif;\"><i>N\u00e3o estaremos mais ombro a ombro, mas permaneceremos no mesmo front, defendendo pol\u00edticas p\u00fablicas que priorizem os mais vulner\u00e1veis e lutando por um Brasil mais justo.<\/i><\/span><\/p>\n<p style=\"text-align: justify;\"><span style=\"font-size: 14pt; font-family: arial, helvetica, sans-serif;\"><i>Muito obrigado e que Deus nos aben\u00e7oe!<\/i><\/span><\/p>\n<p style=\"text-align: justify;\"><span style=\"font-size: 14pt; font-family: arial, helvetica, sans-serif;\"><b><i>Paulo C\u00e2mara \u2013 ex-governador de Pernambuco<\/i><\/b><\/span><\/p>\n","protected":false},"excerpt":{"rendered":"<p>O ex-governador de Pernambuco Paulo C&acirc;mara entregou, nesta quinta-feira (26), carta de desfilia&ccedil;&atilde;o do PSB ap&oacute;s ter sido vetado pelo partido em indica&ccedil;&otilde;es a minist&eacute;rios no governo de Luiz In&aacute;cio Lula da Silva.&nbsp; Sua sa&iacute;da deve acentuar a divis&atilde;o no diret&oacute;rio estadual da legenda, que passa por enfraquecimento nos &uacute;ltimos anos. As informa&ccedil;&otilde;es s&atilde;o do&nbsp;Estad&atilde;o. O grupo de C&acirc;mara acusa o prefeito de Recife, Jo&atilde;o Campos, e o agora ministro dos Portos e Aeroportos, M&aacute;rcio Fran&ccedil;a, de se unirem para minar suas possibilidades de indica&ccedil;&atilde;o a uma pasta no governo.&nbsp; Afirmam que Campos quer tomar para si todo o protagonismo &#8230; <\/p>\n<p class=\"read-more-container\"><a title=\"Paulo C\u00e2mara pede desfilia\u00e7\u00e3o do PSB\" class=\"read-more button\" href=\"https:\/\/blogdojuniorcavalcanti.com.br\/index.php\/2023\/01\/28\/paulo-camara-pede-desfiliacao-do-psb\/#more-23301\" aria-label=\"More on Paulo C\u00e2mara pede desfilia\u00e7\u00e3o do PSB\">Leia mais<\/a><\/p>\n","protected":false},"author":2,"featured_media":23302,"comment_status":"open","ping_status":"open","sticky":false,"template":"","format":"standard","meta":{"footnotes":""},"categories":[25],"tags":[],"class_list":["post-23301","post","type-post","status-publish","format-standard","has-post-thumbnail","hentry","category-destaque","resize-featured-image"],"_links":{"self":[{"href":"https:\/\/blogdojuniorcavalcanti.com.br\/index.php\/wp-json\/wp\/v2\/posts\/23301","targetHints":{"allow":["GET"]}}],"collection":[{"href":"https:\/\/blogdojuniorcavalcanti.com.br\/index.php\/wp-json\/wp\/v2\/posts"}],"about":[{"href":"https:\/\/blogdojuniorcavalcanti.com.br\/index.php\/wp-json\/wp\/v2\/types\/post"}],"author":[{"embeddable":true,"href":"https:\/\/blogdojuniorcavalcanti.com.br\/index.php\/wp-json\/wp\/v2\/users\/2"}],"replies":[{"embeddable":true,"href":"https:\/\/blogdojuniorcavalcanti.com.br\/index.php\/wp-json\/wp\/v2\/comments?post=23301"}],"version-history":[{"count":1,"href":"https:\/\/blogdojuniorcavalcanti.com.br\/index.php\/wp-json\/wp\/v2\/posts\/23301\/revisions"}],"predecessor-version":[{"id":23303,"href":"https:\/\/blogdojuniorcavalcanti.com.br\/index.php\/wp-json\/wp\/v2\/posts\/23301\/revisions\/23303"}],"wp:featuredmedia":[{"embeddable":true,"href":"https:\/\/blogdojuniorcavalcanti.com.br\/index.php\/wp-json\/wp\/v2\/media\/23302"}],"wp:attachment":[{"href":"https:\/\/blogdojuniorcavalcanti.com.br\/index.php\/wp-json\/wp\/v2\/media?parent=23301"}],"wp:term":[{"taxonomy":"category","embeddable":true,"href":"https:\/\/blogdojuniorcavalcanti.com.br\/index.php\/wp-json\/wp\/v2\/categories?post=23301"},{"taxonomy":"post_tag","embeddable":true,"href":"https:\/\/blogdojuniorcavalcanti.com.br\/index.php\/wp-json\/wp\/v2\/tags?post=23301"}],"curies":[{"name":"wp","href":"https:\/\/api.w.org\/{rel}","templated":true}]}}