{"id":23322,"date":"2023-01-30T04:53:54","date_gmt":"2023-01-30T07:53:54","guid":{"rendered":"https:\/\/blogdojuniorcavalcanti.com.br\/?p=23322"},"modified":"2023-01-30T04:53:54","modified_gmt":"2023-01-30T07:53:54","slug":"alepe-inaugura-nova-sede-da-escola-do-legislativo","status":"publish","type":"post","link":"https:\/\/blogdojuniorcavalcanti.com.br\/index.php\/2023\/01\/30\/alepe-inaugura-nova-sede-da-escola-do-legislativo\/","title":{"rendered":"Alepe inaugura nova sede da escola do Legislativo"},"content":{"rendered":"<p style=\"text-align: justify;\"><span style=\"font-size: 14pt;\"><em><strong><img fetchpriority=\"high\" decoding=\"async\" class=\"alignleft wp-image-250776 jetpack-lazy-image jetpack-lazy-image--handled\" src=\"https:\/\/i0.wp.com\/nilljunior.com.br\/wp-content\/uploads\/2023\/01\/Alepe-Plenario-lotado.jpeg?resize=400%2C265&amp;ssl=1\" sizes=\"(max-width: 400px) 100vw, 400px\" srcset=\"https:\/\/i0.wp.com\/nilljunior.com.br\/wp-content\/uploads\/2023\/01\/Alepe-Plenario-lotado.jpeg?w=1100&amp;ssl=1 1100w, https:\/\/i0.wp.com\/nilljunior.com.br\/wp-content\/uploads\/2023\/01\/Alepe-Plenario-lotado.jpeg?resize=150%2C100&amp;ssl=1 150w, https:\/\/i0.wp.com\/nilljunior.com.br\/wp-content\/uploads\/2023\/01\/Alepe-Plenario-lotado.jpeg?resize=300%2C199&amp;ssl=1 300w, https:\/\/i0.wp.com\/nilljunior.com.br\/wp-content\/uploads\/2023\/01\/Alepe-Plenario-lotado.jpeg?resize=768%2C508&amp;ssl=1 768w, https:\/\/i0.wp.com\/nilljunior.com.br\/wp-content\/uploads\/2023\/01\/Alepe-Plenario-lotado.jpeg?resize=600%2C397&amp;ssl=1 600w\" alt=\"\" width=\"400\" height=\"265\" data-attachment-id=\"250776\" data-permalink=\"https:\/\/nilljunior.com.br\/alepe-inaugura-nova-sede-da-escola-do-legislativo\/alepe-plenario-lotado\/\" data-orig-file=\"https:\/\/i0.wp.com\/nilljunior.com.br\/wp-content\/uploads\/2023\/01\/Alepe-Plenario-lotado.jpeg?fit=1100%2C728&amp;ssl=1\" data-orig-size=\"1100,728\" data-comments-opened=\"1\" data-image-meta=\"{&quot;aperture&quot;:&quot;0&quot;,&quot;credit&quot;:&quot;&quot;,&quot;camera&quot;:&quot;&quot;,&quot;caption&quot;:&quot;&quot;,&quot;created_timestamp&quot;:&quot;0&quot;,&quot;copyright&quot;:&quot;&quot;,&quot;focal_length&quot;:&quot;0&quot;,&quot;iso&quot;:&quot;0&quot;,&quot;shutter_speed&quot;:&quot;0&quot;,&quot;title&quot;:&quot;&quot;,&quot;orientation&quot;:&quot;0&quot;}\" data-image-title=\"Alepe-Plenario-lotado\" data-image-description=\"\" data-medium-file=\"https:\/\/i0.wp.com\/nilljunior.com.br\/wp-content\/uploads\/2023\/01\/Alepe-Plenario-lotado.jpeg?fit=300%2C199&amp;ssl=1\" data-large-file=\"https:\/\/i0.wp.com\/nilljunior.com.br\/wp-content\/uploads\/2023\/01\/Alepe-Plenario-lotado.jpeg?fit=600%2C397&amp;ssl=1\" data-recalc-dims=\"1\" data-lazy-loaded=\"1\" \/><span style=\"font-family: arial, helvetica, sans-serif;\">Pr\u00e9dio onde funciona comunica\u00e7\u00e3o da Casa tamb\u00e9m passa por reforma<\/span><\/strong><\/em><\/span><\/p>\n<p style=\"text-align: justify;\"><span style=\"font-size: 14pt; font-family: arial, helvetica, sans-serif;\">Fruto de uma parceria com o Tribunal de Contas do Estado, a Assembleia Legislativa de Pernambuco (Alepe) inaugura na pr\u00f3xima segunda-feira (30), \u00e0s 9h30, o novo espa\u00e7o onde a Escola do Legislativo desenvolver\u00e1 suas atividades. A Elepe passa a funcionar na Rua da Aurora, N\u00ba 763.\u00a0<\/span><\/p>\n<p style=\"text-align: justify;\"><span style=\"font-size: 14pt; font-family: arial, helvetica, sans-serif;\">Ao longo dos \u00faltimos dois anos, a escola ofereceu \u00e0 popula\u00e7\u00e3o v\u00e1rias atividades gratuitas como os cursos de forma\u00e7\u00e3o de lideran\u00e7a pol\u00edtica e em Seguran\u00e7a P\u00fablica; forma\u00e7\u00e3o de cuidadores de idosos; no\u00e7\u00f5es de tecnologia para a 3\u00aa idade; marketing pol\u00edtico digital e legisla\u00e7\u00e3o eleitoral, entre outros.<\/span><\/p>\n<p style=\"text-align: justify;\"><span style=\"font-size: 14pt; font-family: arial, helvetica, sans-serif;\">Algumas das iniciativas da Escola do Legislativo foram reconhecidas nacionalmente e receberam o pr\u00eamio \u201cAssembleia Cidad\u00e3\u201d, concedido pela Uni\u00e3o Nacional dos Legisladores e Legislativos Estaduais (Unale).<\/span><\/p>\n<p style=\"text-align: justify;\"><span style=\"font-size: 14pt; font-family: arial, helvetica, sans-serif;\">O curso de forma\u00e7\u00e3o de uma nova gera\u00e7\u00e3o de l\u00edderes pol\u00edticos, desenvolvido em parceria com o Departamento de Ci\u00eancia Pol\u00edtica da UFPE, foi premiado na categoria projetos especiais que reconhece as boas pr\u00e1ticas legislativas e a promo\u00e7\u00e3o de uma maior aproxima\u00e7\u00e3o do Legislativo com a popula\u00e7\u00e3o.\u00a0<\/span><\/p>\n<p style=\"text-align: justify;\"><span style=\"font-size: 14pt; font-family: arial, helvetica, sans-serif;\">A iniciativa tamb\u00e9m faturou o pr\u00eamio na categoria \u201cComunidade\u201d que destaca os melhores projetos educacionais voltados para o p\u00fablico externo.<\/span><\/p>\n<p style=\"text-align: justify;\"><span style=\"font-size: 14pt; font-family: arial, helvetica, sans-serif;\">Para o Superintendente da Escola do Legislativo, Jos\u00e9 Humberto Cavalcanti, a nova sede da Elepe, que permitir\u00e1 melhores condi\u00e7\u00f5es para ampliar suas atividades, \u201cs\u00f3 foi\u00a0 poss\u00edvel gra\u00e7as aos esfor\u00e7os dos presidentes da Assembleia, deputado Eriberto Medeiros, e do TCE, conselheiro Ranilson Ramos\u201d. \u201cAmbos se preocupam com o fortalecimento das atividades educacionais voltadas para o p\u00fablico interno e principalmente para a popula\u00e7\u00e3o do Estado de Pernambuco\u201d, pontuou Jos\u00e9 Humberto.<\/span><\/p>\n<p style=\"text-align: justify;\"><span style=\"font-size: 14pt; font-family: arial, helvetica, sans-serif;\"><b>Homenagem<\/b><\/span><\/p>\n<p style=\"text-align: justify;\"><span style=\"font-size: 14pt; font-family: arial, helvetica, sans-serif;\">Aibds na segunda-feira (30), logo ap\u00f3s a inaugura\u00e7\u00e3o da nova sede da Elepe, o presidente da Assembleia Legislativa, deputado Eriberto Medeiros, entregar\u00e1 a reforma do pr\u00e9dio Macambira, onde funcionam os \u00f3rg\u00e3os de comunica\u00e7\u00e3o da Alepe. A unidade passa a se chamar \u201cEdif\u00edcio Joaquim Francisco\u201d, uma homenagem ao ex-governador que faleceu em 2021.\u00a0<\/span><\/p>\n<p style=\"text-align: justify;\"><span style=\"font-size: 14pt; font-family: arial, helvetica, sans-serif;\">Joaquim Francisco foi ex-prefeito do Recife, ex-deputado federal e ex-ministro do Interior. A fam\u00edlia do ex-governador ser\u00e1 representada na solenidade pelo sobrinho Jos\u00e9 Francisco Neto.\u00a0<\/span><\/p>\n","protected":false},"excerpt":{"rendered":"<p>Pr&eacute;dio onde funciona comunica&ccedil;&atilde;o da Casa tamb&eacute;m passa por reforma Fruto de uma parceria com o Tribunal de Contas do Estado, a Assembleia Legislativa de Pernambuco (Alepe) inaugura na pr&oacute;xima segunda-feira (30), &agrave;s 9h30, o novo espa&ccedil;o onde a Escola do Legislativo desenvolver&aacute; suas atividades. A Elepe passa a funcionar na Rua da Aurora, N&ordm; 763.&nbsp; Ao longo dos &uacute;ltimos dois anos, a escola ofereceu &agrave; popula&ccedil;&atilde;o v&aacute;rias atividades gratuitas como os cursos de forma&ccedil;&atilde;o de lideran&ccedil;a pol&iacute;tica e em Seguran&ccedil;a P&uacute;blica; forma&ccedil;&atilde;o de cuidadores de idosos; no&ccedil;&otilde;es de tecnologia para a 3&ordf; idade; marketing pol&iacute;tico digital e legisla&ccedil;&atilde;o eleitoral, &#8230; <\/p>\n<p class=\"read-more-container\"><a title=\"Alepe inaugura nova sede da escola do Legislativo\" class=\"read-more button\" href=\"https:\/\/blogdojuniorcavalcanti.com.br\/index.php\/2023\/01\/30\/alepe-inaugura-nova-sede-da-escola-do-legislativo\/#more-23322\" aria-label=\"More on Alepe inaugura nova sede da escola do Legislativo\">Leia mais<\/a><\/p>\n","protected":false},"author":2,"featured_media":0,"comment_status":"open","ping_status":"open","sticky":false,"template":"","format":"standard","meta":{"footnotes":""},"categories":[26],"tags":[],"class_list":["post-23322","post","type-post","status-publish","format-standard","hentry","category-noticias"],"_links":{"self":[{"href":"https:\/\/blogdojuniorcavalcanti.com.br\/index.php\/wp-json\/wp\/v2\/posts\/23322","targetHints":{"allow":["GET"]}}],"collection":[{"href":"https:\/\/blogdojuniorcavalcanti.com.br\/index.php\/wp-json\/wp\/v2\/posts"}],"about":[{"href":"https:\/\/blogdojuniorcavalcanti.com.br\/index.php\/wp-json\/wp\/v2\/types\/post"}],"author":[{"embeddable":true,"href":"https:\/\/blogdojuniorcavalcanti.com.br\/index.php\/wp-json\/wp\/v2\/users\/2"}],"replies":[{"embeddable":true,"href":"https:\/\/blogdojuniorcavalcanti.com.br\/index.php\/wp-json\/wp\/v2\/comments?post=23322"}],"version-history":[{"count":1,"href":"https:\/\/blogdojuniorcavalcanti.com.br\/index.php\/wp-json\/wp\/v2\/posts\/23322\/revisions"}],"predecessor-version":[{"id":23323,"href":"https:\/\/blogdojuniorcavalcanti.com.br\/index.php\/wp-json\/wp\/v2\/posts\/23322\/revisions\/23323"}],"wp:attachment":[{"href":"https:\/\/blogdojuniorcavalcanti.com.br\/index.php\/wp-json\/wp\/v2\/media?parent=23322"}],"wp:term":[{"taxonomy":"category","embeddable":true,"href":"https:\/\/blogdojuniorcavalcanti.com.br\/index.php\/wp-json\/wp\/v2\/categories?post=23322"},{"taxonomy":"post_tag","embeddable":true,"href":"https:\/\/blogdojuniorcavalcanti.com.br\/index.php\/wp-json\/wp\/v2\/tags?post=23322"}],"curies":[{"name":"wp","href":"https:\/\/api.w.org\/{rel}","templated":true}]}}