{"id":23339,"date":"2023-01-31T04:43:48","date_gmt":"2023-01-31T07:43:48","guid":{"rendered":"https:\/\/blogdojuniorcavalcanti.com.br\/?p=23339"},"modified":"2023-01-31T04:43:48","modified_gmt":"2023-01-31T07:43:48","slug":"anchieta-patriota-protocola-pedido-para-conclusao-da-obra-da-pe-380","status":"publish","type":"post","link":"https:\/\/blogdojuniorcavalcanti.com.br\/index.php\/2023\/01\/31\/anchieta-patriota-protocola-pedido-para-conclusao-da-obra-da-pe-380\/","title":{"rendered":"Anchieta Patriota protocola pedido para conclus\u00e3o da obra da PE 380"},"content":{"rendered":"<p style=\"text-align: justify;\"><span style=\"font-size: 14pt; font-family: arial, helvetica, sans-serif;\">Nesta segunda-feira (30), o prefeito de Carna\u00edba participou da reuni\u00e3o dos prefeitos e prefeitas do Sert\u00e3o do Estado com a governadora Raquel Lyra. O encontro aconteceu no Pal\u00e1cio do Campo das Princesas, sede do governo, no Recife.<\/span><\/p>\n<p style=\"text-align: justify;\"><span style=\"font-size: 14pt; font-family: arial, helvetica, sans-serif;\">Como j\u00e1 havia falado \u00e0 reda\u00e7\u00e3o do programa\u00a0<b>A Tarde \u00e9 Sua<\/b>\u00a0da\u00a0<b>R\u00e1dio Paje\u00fa<\/b>, Anchieta levou para apresentar a governadora como pauta priorit\u00e1ria, o pedido da conclus\u00e3o das obras da PE 380, tamb\u00e9m conhecida como a Estrada de Ibitiranga.<\/span><\/p>\n<p style=\"text-align: justify;\"><span style=\"font-size: 14pt; font-family: arial, helvetica, sans-serif;\">Al\u00e9m de sua fala em prol da conclus\u00e3o da obra, o prefeito de Cara\u00edba oficializou o pedido por meio da protocola\u00e7\u00e3o junto ao Governo do Estado de um of\u00edcio com o pedido, que tamb\u00e9m apresentou as demais demandas do munic\u00edpio. Leia abaixo trecho do of\u00edcio:\u00a0<\/span><\/p>\n<p style=\"text-align: justify;\"><span style=\"font-size: 14pt; font-family: arial, helvetica, sans-serif;\"><i>A Exma. Dra.<\/i><\/span><\/p>\n<p style=\"text-align: justify;\"><span style=\"font-size: 14pt; font-family: arial, helvetica, sans-serif;\"><i>Raquel Teixeira Lyra Lucena<\/i><\/span><\/p>\n<p style=\"text-align: justify;\"><span style=\"font-size: 14pt; font-family: arial, helvetica, sans-serif;\"><i>Governadora do Estado de Pernambuco<\/i><\/span><\/p>\n<p style=\"text-align: justify;\"><span style=\"font-size: 14pt; font-family: arial, helvetica, sans-serif;\"><i>Cumprimentando-a cordialmente, venho, atrav\u00e9s do presente, registrar nossa satisfa\u00e7\u00e3o pela aten\u00e7\u00e3o de Vossa Excel\u00eancia em conhecer e se mostrar preocupada com as necessidades e dificuldades enfrentadas pelos munic\u00edpios do nosso estado. Vosso interesse e atua\u00e7\u00e3o s\u00e3o indispens\u00e1veis para o fortalecimento das pol\u00edticas p\u00fablicas, t\u00e3o necess\u00e1rias para garantia e efetiva\u00e7\u00e3o dos direitos da popula\u00e7\u00e3o.\u00a0<\/i><\/span><\/p>\n<p style=\"text-align: justify;\"><span style=\"font-size: 14pt; font-family: arial, helvetica, sans-serif;\"><i>Estamos encaminhando as prioridades do munic\u00edpio de Carna\u00edba nas \u00e1reas de infraestrutura, sa\u00fade e educa\u00e7\u00e3o, compreendendo serem demandas poss\u00edveis de parceria com o Governo do Estado.<\/i><\/span><\/p>\n<p style=\"text-align: justify;\"><span style=\"font-size: 14pt; font-family: arial, helvetica, sans-serif;\"><i>1-INFRAESTRUTURA<\/i><\/span><\/p>\n<p style=\"text-align: justify;\"><span style=\"font-size: 14pt; font-family: arial, helvetica, sans-serif;\"><i>O Munic\u00edpio de Carna\u00edba hoje \u00e9 destaque em infraestrutura, inaugurando obras de extrema import\u00e2ncia para a sociedade carnaibana, seja atrav\u00e9s de recursos pr\u00f3prios, seja atrav\u00e9s de parcerias com o Governo do Estado de Pernambuco.<\/i><\/span><\/p>\n<p style=\"text-align: justify;\"><span style=\"font-size: 14pt; font-family: arial, helvetica, sans-serif;\"><i>O Governo do Estado iniciou uma grande obra de infraestrutura na regi\u00e3o do Paje\u00fa, que \u00e9 a PE-380, a qual liga a regi\u00e3o urbana do munic\u00edpio de Carna\u00edba e munic\u00edpios circunvizinhos, com o distrito de Ibitiranga (zona rural do Munic\u00edpio de Carna\u00edba), essa obra teve sua ordem de servi\u00e7o dada em setembro de 2021, uma estrada que tem 21 km de extens\u00e3o at\u00e9 a divisa com o munic\u00edpio de Tavares-PB e outras localidades.\u00a0<\/i><\/span><\/p>\n<p style=\"text-align: justify;\"><span style=\"font-size: 14pt; font-family: arial, helvetica, sans-serif;\"><i>Desses 21 km, 11km est\u00e1 localizado no munic\u00edpio de Carna\u00edba e 10 km no munic\u00edpio de Afogados da Ingazeira, que j\u00e1 se encontra com 70% do servi\u00e7o de terraplanagem pronto, esperando apenas a coloca\u00e7\u00e3o do asfalto. A n\u00e3o conclus\u00e3o dessa obra, al\u00e9m da perca de grande parte de terraplanagem, implica numa frustra\u00e7\u00e3o de um sonho. Essa estrada beneficiar\u00e1 cerca de 10 mil habitantes de forma direta.\u00a0<\/i><\/span><\/p>\n<p style=\"text-align: justify;\"><span style=\"font-size: 14pt; font-family: arial, helvetica, sans-serif;\"><i>Deste modo, \u00e9 importante mencionar que esta obra, denominada Estrada de Z\u00e9 Dantas, \u00e9 fundamental para mobilidade e acesso aos servi\u00e7os do Munic\u00edpio, impactando diretamente a qualidade de vida da popula\u00e7\u00e3o, beneficiando mais de 6 mil fam\u00edlias na regi\u00e3o.<\/i><\/span><\/p>\n<p style=\"text-align: justify;\"><span style=\"font-size: 14pt; font-family: arial, helvetica, sans-serif;\"><i>Sendo assim, diante da import\u00e2ncia da obra supracitada, requer a continuidade nos servi\u00e7os, em prol de finalizar a constru\u00e7\u00e3o da PE-380 e melhorar a qualidade de vida da popula\u00e7\u00e3o local.<\/i><\/span><\/p>\n","protected":false},"excerpt":{"rendered":"<p>Nesta segunda-feira (30), o prefeito de Carna&iacute;ba participou da reuni&atilde;o dos prefeitos e prefeitas do Sert&atilde;o do Estado com a governadora Raquel Lyra. O encontro aconteceu no Pal&aacute;cio do Campo das Princesas, sede do governo, no Recife. Como j&aacute; havia falado &agrave; reda&ccedil;&atilde;o do programa&nbsp;A Tarde &eacute; Sua&nbsp;da&nbsp;R&aacute;dio Paje&uacute;, Anchieta levou para apresentar a governadora como pauta priorit&aacute;ria, o pedido da conclus&atilde;o das obras da PE 380, tamb&eacute;m conhecida como a Estrada de Ibitiranga. Al&eacute;m de sua fala em prol da conclus&atilde;o da obra, o prefeito de Cara&iacute;ba oficializou o pedido por meio da protocola&ccedil;&atilde;o junto ao Governo do Estado &#8230; <\/p>\n<p class=\"read-more-container\"><a title=\"Anchieta Patriota protocola pedido para conclus\u00e3o da obra da PE 380\" class=\"read-more button\" href=\"https:\/\/blogdojuniorcavalcanti.com.br\/index.php\/2023\/01\/31\/anchieta-patriota-protocola-pedido-para-conclusao-da-obra-da-pe-380\/#more-23339\" aria-label=\"More on Anchieta Patriota protocola pedido para conclus\u00e3o da obra da PE 380\">Leia mais<\/a><\/p>\n","protected":false},"author":2,"featured_media":23340,"comment_status":"open","ping_status":"open","sticky":false,"template":"","format":"standard","meta":{"footnotes":""},"categories":[25],"tags":[],"class_list":["post-23339","post","type-post","status-publish","format-standard","has-post-thumbnail","hentry","category-destaque","resize-featured-image"],"_links":{"self":[{"href":"https:\/\/blogdojuniorcavalcanti.com.br\/index.php\/wp-json\/wp\/v2\/posts\/23339","targetHints":{"allow":["GET"]}}],"collection":[{"href":"https:\/\/blogdojuniorcavalcanti.com.br\/index.php\/wp-json\/wp\/v2\/posts"}],"about":[{"href":"https:\/\/blogdojuniorcavalcanti.com.br\/index.php\/wp-json\/wp\/v2\/types\/post"}],"author":[{"embeddable":true,"href":"https:\/\/blogdojuniorcavalcanti.com.br\/index.php\/wp-json\/wp\/v2\/users\/2"}],"replies":[{"embeddable":true,"href":"https:\/\/blogdojuniorcavalcanti.com.br\/index.php\/wp-json\/wp\/v2\/comments?post=23339"}],"version-history":[{"count":1,"href":"https:\/\/blogdojuniorcavalcanti.com.br\/index.php\/wp-json\/wp\/v2\/posts\/23339\/revisions"}],"predecessor-version":[{"id":23341,"href":"https:\/\/blogdojuniorcavalcanti.com.br\/index.php\/wp-json\/wp\/v2\/posts\/23339\/revisions\/23341"}],"wp:featuredmedia":[{"embeddable":true,"href":"https:\/\/blogdojuniorcavalcanti.com.br\/index.php\/wp-json\/wp\/v2\/media\/23340"}],"wp:attachment":[{"href":"https:\/\/blogdojuniorcavalcanti.com.br\/index.php\/wp-json\/wp\/v2\/media?parent=23339"}],"wp:term":[{"taxonomy":"category","embeddable":true,"href":"https:\/\/blogdojuniorcavalcanti.com.br\/index.php\/wp-json\/wp\/v2\/categories?post=23339"},{"taxonomy":"post_tag","embeddable":true,"href":"https:\/\/blogdojuniorcavalcanti.com.br\/index.php\/wp-json\/wp\/v2\/tags?post=23339"}],"curies":[{"name":"wp","href":"https:\/\/api.w.org\/{rel}","templated":true}]}}