{"id":23562,"date":"2023-02-08T04:52:59","date_gmt":"2023-02-08T07:52:59","guid":{"rendered":"https:\/\/blogdojuniorcavalcanti.com.br\/?p=23562"},"modified":"2023-02-08T04:52:59","modified_gmt":"2023-02-08T07:52:59","slug":"lula-formaliza-convite-a-paulo-camara-para-comando-do-banco-do-nordeste","status":"publish","type":"post","link":"https:\/\/blogdojuniorcavalcanti.com.br\/index.php\/2023\/02\/08\/lula-formaliza-convite-a-paulo-camara-para-comando-do-banco-do-nordeste\/","title":{"rendered":"Lula formaliza convite a Paulo C\u00e2mara para comando do Banco do Nordeste"},"content":{"rendered":"<p style=\"text-align: justify;\"><span style=\"font-size: 14pt;\"><strong><img fetchpriority=\"high\" decoding=\"async\" class=\"alignleft wp-image-251347 jetpack-lazy-image jetpack-lazy-image--handled\" src=\"https:\/\/i0.wp.com\/nilljunior.com.br\/wp-content\/uploads\/2023\/02\/Lula-e-Paulo-Camara.jpg?resize=400%2C287&amp;ssl=1\" sizes=\"(max-width: 400px) 100vw, 400px\" srcset=\"https:\/\/i0.wp.com\/nilljunior.com.br\/wp-content\/uploads\/2023\/02\/Lula-e-Paulo-Camara.jpg?w=680&amp;ssl=1 680w, https:\/\/i0.wp.com\/nilljunior.com.br\/wp-content\/uploads\/2023\/02\/Lula-e-Paulo-Camara.jpg?resize=300%2C215&amp;ssl=1 300w, https:\/\/i0.wp.com\/nilljunior.com.br\/wp-content\/uploads\/2023\/02\/Lula-e-Paulo-Camara.jpg?resize=557%2C400&amp;ssl=1 557w\" alt=\"\" width=\"400\" height=\"287\" data-attachment-id=\"251347\" data-permalink=\"https:\/\/nilljunior.com.br\/lula-formaliza-convite-a-paulo-camara-para-comando-do-banco-do-nordeste\/lula-e-paulo-camara\/\" data-orig-file=\"https:\/\/i0.wp.com\/nilljunior.com.br\/wp-content\/uploads\/2023\/02\/Lula-e-Paulo-Camara.jpg?fit=680%2C488&amp;ssl=1\" data-orig-size=\"680,488\" data-comments-opened=\"1\" data-image-meta=\"{&quot;aperture&quot;:&quot;0&quot;,&quot;credit&quot;:&quot;&quot;,&quot;camera&quot;:&quot;&quot;,&quot;caption&quot;:&quot;&quot;,&quot;created_timestamp&quot;:&quot;0&quot;,&quot;copyright&quot;:&quot;&quot;,&quot;focal_length&quot;:&quot;0&quot;,&quot;iso&quot;:&quot;0&quot;,&quot;shutter_speed&quot;:&quot;0&quot;,&quot;title&quot;:&quot;&quot;,&quot;orientation&quot;:&quot;0&quot;}\" data-image-title=\"Lula-e-Paulo-Camara\" data-image-description=\"\" data-medium-file=\"https:\/\/i0.wp.com\/nilljunior.com.br\/wp-content\/uploads\/2023\/02\/Lula-e-Paulo-Camara.jpg?fit=300%2C215&amp;ssl=1\" data-large-file=\"https:\/\/i0.wp.com\/nilljunior.com.br\/wp-content\/uploads\/2023\/02\/Lula-e-Paulo-Camara.jpg?fit=557%2C400&amp;ssl=1\" data-recalc-dims=\"1\" data-lazy-loaded=\"1\" \/><span style=\"font-family: arial, helvetica, sans-serif;\">Mais PB<\/span><\/strong><\/span><\/p>\n<p style=\"text-align: justify;\"><span style=\"font-size: 14pt; font-family: arial, helvetica, sans-serif;\">O presidente Luiz In\u00e1cio Lula da Silva (PT) formalizou, na tarde desta ter\u00e7a-feira (7), convite para que o ex-governador de Pernambuco, Paulo C\u00e2mara, assuma o comando do Banco do Nordeste (BNB).<\/span><\/p>\n<p style=\"text-align: justify;\"><span style=\"font-size: 14pt; font-family: arial, helvetica, sans-serif;\">O petista ser reuniu com o ex-gestor durante a tarde com o objetivo de avan\u00e7ar na nomea\u00e7\u00e3o dos nomes do segundo escal\u00e3o.<\/span><\/p>\n<p style=\"text-align: justify;\"><span style=\"font-size: 14pt; font-family: arial, helvetica, sans-serif;\">Al\u00e9m de Lula e Paulo C\u00e2mara, participou da reuni\u00e3o oficial o ministro da Casa Civil, Rui Costa, ex-governador da Bahia.<\/span><\/p>\n<p style=\"text-align: justify;\"><span style=\"font-size: 14pt; font-family: arial, helvetica, sans-serif;\">Paulo C\u00e2mara substitui Jos\u00e9 Gomes da Costa, que era uma indica\u00e7\u00e3o remanescente do governo bolsonaro.<\/span><\/p>\n<p style=\"text-align: justify;\"><span style=\"font-size: 14pt; font-family: arial, helvetica, sans-serif;\">Desde que deixou o governo do Estado, o governador Paulo C\u00e2mara tinha o nome especulado para compor o governo Lula.<\/span><\/p>\n","protected":false},"excerpt":{"rendered":"<p>Mais PB O presidente Luiz In&aacute;cio Lula da Silva (PT) formalizou, na tarde desta ter&ccedil;a-feira (7), convite para que o ex-governador de Pernambuco, Paulo C&acirc;mara, assuma o comando do Banco do Nordeste (BNB). O petista ser reuniu com o ex-gestor durante a tarde com o objetivo de avan&ccedil;ar na nomea&ccedil;&atilde;o dos nomes do segundo escal&atilde;o. Al&eacute;m de Lula e Paulo C&acirc;mara, participou da reuni&atilde;o oficial o ministro da Casa Civil, Rui Costa, ex-governador da Bahia. Paulo C&acirc;mara substitui Jos&eacute; Gomes da Costa, que era uma indica&ccedil;&atilde;o remanescente do governo bolsonaro. Desde que deixou o governo do Estado, o governador Paulo &#8230; <\/p>\n<p class=\"read-more-container\"><a title=\"Lula formaliza convite a Paulo C\u00e2mara para comando do Banco do Nordeste\" class=\"read-more button\" href=\"https:\/\/blogdojuniorcavalcanti.com.br\/index.php\/2023\/02\/08\/lula-formaliza-convite-a-paulo-camara-para-comando-do-banco-do-nordeste\/#more-23562\" aria-label=\"More on Lula formaliza convite a Paulo C\u00e2mara para comando do Banco do Nordeste\">Leia mais<\/a><\/p>\n","protected":false},"author":2,"featured_media":0,"comment_status":"open","ping_status":"open","sticky":false,"template":"","format":"standard","meta":{"footnotes":""},"categories":[27],"tags":[],"class_list":["post-23562","post","type-post","status-publish","format-standard","hentry","category-politica"],"_links":{"self":[{"href":"https:\/\/blogdojuniorcavalcanti.com.br\/index.php\/wp-json\/wp\/v2\/posts\/23562","targetHints":{"allow":["GET"]}}],"collection":[{"href":"https:\/\/blogdojuniorcavalcanti.com.br\/index.php\/wp-json\/wp\/v2\/posts"}],"about":[{"href":"https:\/\/blogdojuniorcavalcanti.com.br\/index.php\/wp-json\/wp\/v2\/types\/post"}],"author":[{"embeddable":true,"href":"https:\/\/blogdojuniorcavalcanti.com.br\/index.php\/wp-json\/wp\/v2\/users\/2"}],"replies":[{"embeddable":true,"href":"https:\/\/blogdojuniorcavalcanti.com.br\/index.php\/wp-json\/wp\/v2\/comments?post=23562"}],"version-history":[{"count":1,"href":"https:\/\/blogdojuniorcavalcanti.com.br\/index.php\/wp-json\/wp\/v2\/posts\/23562\/revisions"}],"predecessor-version":[{"id":23563,"href":"https:\/\/blogdojuniorcavalcanti.com.br\/index.php\/wp-json\/wp\/v2\/posts\/23562\/revisions\/23563"}],"wp:attachment":[{"href":"https:\/\/blogdojuniorcavalcanti.com.br\/index.php\/wp-json\/wp\/v2\/media?parent=23562"}],"wp:term":[{"taxonomy":"category","embeddable":true,"href":"https:\/\/blogdojuniorcavalcanti.com.br\/index.php\/wp-json\/wp\/v2\/categories?post=23562"},{"taxonomy":"post_tag","embeddable":true,"href":"https:\/\/blogdojuniorcavalcanti.com.br\/index.php\/wp-json\/wp\/v2\/tags?post=23562"}],"curies":[{"name":"wp","href":"https:\/\/api.w.org\/{rel}","templated":true}]}}