{"id":23787,"date":"2023-02-17T04:48:04","date_gmt":"2023-02-17T07:48:04","guid":{"rendered":"https:\/\/blogdojuniorcavalcanti.com.br\/?p=23787"},"modified":"2023-02-17T04:48:04","modified_gmt":"2023-02-17T07:48:04","slug":"iguaracy-chico-torres-garante-que-aprovados-em-concurso-serao-convocados","status":"publish","type":"post","link":"https:\/\/blogdojuniorcavalcanti.com.br\/index.php\/2023\/02\/17\/iguaracy-chico-torres-garante-que-aprovados-em-concurso-serao-convocados\/","title":{"rendered":"Iguaracy: Chico Torres garante que aprovados em concurso ser\u00e3o convocados"},"content":{"rendered":"<p style=\"text-align: justify;\"><span style=\"font-size: 14pt;\"><img fetchpriority=\"high\" decoding=\"async\" class=\"alignleft wp-image-252017 jetpack-lazy-image jetpack-lazy-image--handled\" src=\"https:\/\/i2.wp.com\/nilljunior.com.br\/wp-content\/uploads\/2023\/02\/ChicoTorres-16-02-23.jpeg?resize=400%2C233&amp;ssl=1\" sizes=\"(max-width: 400px) 100vw, 400px\" srcset=\"https:\/\/i2.wp.com\/nilljunior.com.br\/wp-content\/uploads\/2023\/02\/ChicoTorres-16-02-23.jpeg?w=1024&amp;ssl=1 1024w, https:\/\/i2.wp.com\/nilljunior.com.br\/wp-content\/uploads\/2023\/02\/ChicoTorres-16-02-23.jpeg?resize=300%2C175&amp;ssl=1 300w, https:\/\/i2.wp.com\/nilljunior.com.br\/wp-content\/uploads\/2023\/02\/ChicoTorres-16-02-23.jpeg?resize=768%2C448&amp;ssl=1 768w, https:\/\/i2.wp.com\/nilljunior.com.br\/wp-content\/uploads\/2023\/02\/ChicoTorres-16-02-23.jpeg?resize=600%2C350&amp;ssl=1 600w\" alt=\"\" width=\"400\" height=\"233\" data-attachment-id=\"252017\" data-permalink=\"https:\/\/nilljunior.com.br\/iguaracy-chico-torres-garante-que-aprovados-em-concurso-serao-convocados\/chicotorres-16-02-23\/\" data-orig-file=\"https:\/\/i2.wp.com\/nilljunior.com.br\/wp-content\/uploads\/2023\/02\/ChicoTorres-16-02-23.jpeg?fit=1024%2C597&amp;ssl=1\" data-orig-size=\"1024,597\" data-comments-opened=\"1\" data-image-meta=\"{&quot;aperture&quot;:&quot;0&quot;,&quot;credit&quot;:&quot;&quot;,&quot;camera&quot;:&quot;&quot;,&quot;caption&quot;:&quot;&quot;,&quot;created_timestamp&quot;:&quot;0&quot;,&quot;copyright&quot;:&quot;&quot;,&quot;focal_length&quot;:&quot;0&quot;,&quot;iso&quot;:&quot;0&quot;,&quot;shutter_speed&quot;:&quot;0&quot;,&quot;title&quot;:&quot;&quot;,&quot;orientation&quot;:&quot;0&quot;}\" data-image-title=\"ChicoTorres-16-02-23\" data-image-description=\"\" data-medium-file=\"https:\/\/i2.wp.com\/nilljunior.com.br\/wp-content\/uploads\/2023\/02\/ChicoTorres-16-02-23.jpeg?fit=300%2C175&amp;ssl=1\" data-large-file=\"https:\/\/i2.wp.com\/nilljunior.com.br\/wp-content\/uploads\/2023\/02\/ChicoTorres-16-02-23.jpeg?fit=600%2C350&amp;ssl=1\" data-recalc-dims=\"1\" data-lazy-loaded=\"1\" \/><span style=\"font-family: arial, helvetica, sans-serif;\">O presidente da C\u00e2mara de Vereadores de Iguaracy, Chico Torres, afirmou nesta quinta-feira (16), durante a primeira Sess\u00e3o Ordin\u00e1ria de 2023, que os aprovados no concurso da C\u00e2mara ser\u00e3o convocados.<\/span><\/span><\/p>\n<p style=\"text-align: justify;\"><span style=\"font-size: 14pt; font-family: arial, helvetica, sans-serif;\">Ao rep\u00f3rter Marcony Pereira, falando para o programa\u00a0<strong>A Tarde \u00e9 Sua<\/strong>\u00a0da\u00a0<strong>R\u00e1dio Paje\u00fa<\/strong>, Chico destacou a presen\u00e7a, j\u00e1 na Sess\u00e3o, do primeiro servidor convocado, que \u00e9 de Carna\u00edba e tranquilizou os demais aprovados. \u201cIrei convocar o restante do pessoal concursado. Inclusive, foi esse compromisso que firmei na sess\u00e3o de hoje, e irei cumprir isso a risca\u201d, garantiu, Torres completando que pretende convocar todos os aprovados ainda no primeiro semestre.<\/span><\/p>\n<p style=\"text-align: justify;\"><span style=\"font-size: 14pt; font-family: arial, helvetica, sans-serif;\">O presidente do Legislativo iguaraciense tamb\u00e9m informou que antes da volta aos trabalhos, vereadores e funcion\u00e1rios passaram por um curso de capacita\u00e7\u00e3o. \u201cEsse curso de capacita\u00e7\u00e3o \u00e9 muito importante. N\u00f3s temos aqui o ano passado e esse ano de votar o recesso eu fiz um curso de capacitante. As coisas mudam, ent\u00e3o, a gente fez esse curso de prepara\u00e7\u00e3o para todos os funcion\u00e1rios.\u00a0<\/span><\/p>\n<p style=\"text-align: justify;\"><span style=\"font-size: 14pt; font-family: arial, helvetica, sans-serif;\">Sobre a sess\u00e3o, o presidente destacou que foram feitos v\u00e1rios requerimentos, Mo\u00e7\u00e3o de Aplauso e a apresenta\u00e7\u00e3o de um projeto do Poder Executivo que vai regulamentar o problema dos cuidadores escolares. \u201cJ\u00e1 distribu\u00edmos nas comiss\u00f5es e na pr\u00f3xima sess\u00e3o n\u00f3s vamos votar esse projeto aqui que \u00e9 muito importante\u201d.\u00a0<\/span><\/p>\n<p style=\"text-align: justify;\"><span style=\"font-size: 14pt; font-family: arial, helvetica, sans-serif;\">Por fim, Chico Torres informou que a C\u00e2mara est\u00e1 com Regimento Interno e Lei Org\u00e2nica atualizados.<\/span><\/p>\n","protected":false},"excerpt":{"rendered":"<p>O presidente da C&acirc;mara de Vereadores de Iguaracy, Chico Torres, afirmou nesta quinta-feira (16), durante a primeira Sess&atilde;o Ordin&aacute;ria de 2023, que os aprovados no concurso da C&acirc;mara ser&atilde;o convocados. Ao rep&oacute;rter Marcony Pereira, falando para o programa&nbsp;A Tarde &eacute; Sua&nbsp;da&nbsp;R&aacute;dio Paje&uacute;, Chico destacou a presen&ccedil;a, j&aacute; na Sess&atilde;o, do primeiro servidor convocado, que &eacute; de Carna&iacute;ba e tranquilizou os demais aprovados. &ldquo;Irei convocar o restante do pessoal concursado. Inclusive, foi esse compromisso que firmei na sess&atilde;o de hoje, e irei cumprir isso a risca&rdquo;, garantiu, Torres completando que pretende convocar todos os aprovados ainda no primeiro semestre. O presidente &#8230; <\/p>\n<p class=\"read-more-container\"><a title=\"Iguaracy: Chico Torres garante que aprovados em concurso ser\u00e3o convocados\" class=\"read-more button\" href=\"https:\/\/blogdojuniorcavalcanti.com.br\/index.php\/2023\/02\/17\/iguaracy-chico-torres-garante-que-aprovados-em-concurso-serao-convocados\/#more-23787\" aria-label=\"More on Iguaracy: Chico Torres garante que aprovados em concurso ser\u00e3o convocados\">Leia mais<\/a><\/p>\n","protected":false},"author":2,"featured_media":0,"comment_status":"open","ping_status":"open","sticky":false,"template":"","format":"standard","meta":{"footnotes":""},"categories":[30],"tags":[],"class_list":["post-23787","post","type-post","status-publish","format-standard","hentry","category-regional"],"_links":{"self":[{"href":"https:\/\/blogdojuniorcavalcanti.com.br\/index.php\/wp-json\/wp\/v2\/posts\/23787","targetHints":{"allow":["GET"]}}],"collection":[{"href":"https:\/\/blogdojuniorcavalcanti.com.br\/index.php\/wp-json\/wp\/v2\/posts"}],"about":[{"href":"https:\/\/blogdojuniorcavalcanti.com.br\/index.php\/wp-json\/wp\/v2\/types\/post"}],"author":[{"embeddable":true,"href":"https:\/\/blogdojuniorcavalcanti.com.br\/index.php\/wp-json\/wp\/v2\/users\/2"}],"replies":[{"embeddable":true,"href":"https:\/\/blogdojuniorcavalcanti.com.br\/index.php\/wp-json\/wp\/v2\/comments?post=23787"}],"version-history":[{"count":1,"href":"https:\/\/blogdojuniorcavalcanti.com.br\/index.php\/wp-json\/wp\/v2\/posts\/23787\/revisions"}],"predecessor-version":[{"id":23788,"href":"https:\/\/blogdojuniorcavalcanti.com.br\/index.php\/wp-json\/wp\/v2\/posts\/23787\/revisions\/23788"}],"wp:attachment":[{"href":"https:\/\/blogdojuniorcavalcanti.com.br\/index.php\/wp-json\/wp\/v2\/media?parent=23787"}],"wp:term":[{"taxonomy":"category","embeddable":true,"href":"https:\/\/blogdojuniorcavalcanti.com.br\/index.php\/wp-json\/wp\/v2\/categories?post=23787"},{"taxonomy":"post_tag","embeddable":true,"href":"https:\/\/blogdojuniorcavalcanti.com.br\/index.php\/wp-json\/wp\/v2\/tags?post=23787"}],"curies":[{"name":"wp","href":"https:\/\/api.w.org\/{rel}","templated":true}]}}