{"id":23833,"date":"2023-02-20T04:46:54","date_gmt":"2023-02-20T07:46:54","guid":{"rendered":"https:\/\/blogdojuniorcavalcanti.com.br\/?p=23833"},"modified":"2023-02-20T04:46:54","modified_gmt":"2023-02-20T07:46:54","slug":"moto-furtada-em-afogados-e-abandona-em-matagal","status":"publish","type":"post","link":"https:\/\/blogdojuniorcavalcanti.com.br\/index.php\/2023\/02\/20\/moto-furtada-em-afogados-e-abandona-em-matagal\/","title":{"rendered":"Moto furtada em Afogados \u00e9 abandona em matagal"},"content":{"rendered":"<p style=\"text-align: justify;\"><span style=\"font-size: 14pt; font-family: arial, helvetica, sans-serif;\">Apareceu em um matagal a moto do pedreiro Jo\u00e3o Paulo. Ele teve a sua moto, uma BROS laranja, placa PEN 1572, furtada na Rua Jo\u00e3o Alves Guimar\u00e3es, Manoela Valadares, pr\u00f3ximo \u00e0 f\u00e1brica de farinha de trigo, a 200 metros do Est\u00e1dio Vian\u00e3o, em Afogados da Ingazeira.<\/span><\/p>\n<p style=\"text-align: justify;\"><span style=\"font-size: 14pt; font-family: arial, helvetica, sans-serif;\">\u201cA vizinhan\u00e7a achou e j\u00e1 ligou para pol\u00edcia e j\u00e1 est\u00e1 na delegacia. Acharam a moto na rua pr\u00f3xima a onde foi o roubo\u201d, disse uma pessoa pr\u00f3xima ao blog.<\/span><\/p>\n<p style=\"text-align: justify;\"><span style=\"font-size: 14pt; font-family: arial, helvetica, sans-serif;\">Uma s\u00e9rie de v\u00eddeos de c\u00e2meras de seguran\u00e7a do local mostraram os suspeitos, um casal, inclusive, com uma crian\u00e7a de colo rondando o local e cometendo o furto. O homem vestia bon\u00e9, camiseta e bermuda pretas, a mulher um vestido cor de rosa.<\/span><\/p>\n<p style=\"text-align: justify;\"><span style=\"font-size: 14pt; font-family: arial, helvetica, sans-serif;\">Eles passavam por uma rua quando avistaram a moto estacionada em frente a casa, ent\u00e3o observam a \u00e1rea e se aproximam do ve\u00edculo, depois se sentam na cal\u00e7ada em frente a casa em que a moto est\u00e1 estacionada.<\/span><\/p>\n<p style=\"text-align: justify;\"><span style=\"font-size: 14pt; font-family: arial, helvetica, sans-serif;\">Num dado momento o homem se levanta, se aproxima da moto e usando algo que n\u00e3o d\u00e1 pra identificar parece quebrar a tranca da moto, ent\u00e3o volta e senta novamente e aguarda mais um pouco. Neste momento a mulher j\u00e1 se levantou e se afastou do local. Logo ap\u00f3s o homem pega a moto e foge.<\/span><\/p>\n","protected":false},"excerpt":{"rendered":"<p>Apareceu em um matagal a moto do pedreiro Jo&atilde;o Paulo. Ele teve a sua moto, uma BROS laranja, placa PEN 1572, furtada na Rua Jo&atilde;o Alves Guimar&atilde;es, Manoela Valadares, pr&oacute;ximo &agrave; f&aacute;brica de farinha de trigo, a 200 metros do Est&aacute;dio Vian&atilde;o, em Afogados da Ingazeira. &ldquo;A vizinhan&ccedil;a achou e j&aacute; ligou para pol&iacute;cia e j&aacute; est&aacute; na delegacia. Acharam a moto na rua pr&oacute;xima a onde foi o roubo&rdquo;, disse uma pessoa pr&oacute;xima ao blog. Uma s&eacute;rie de v&iacute;deos de c&acirc;meras de seguran&ccedil;a do local mostraram os suspeitos, um casal, inclusive, com uma crian&ccedil;a de colo rondando o local &#8230; <\/p>\n<p class=\"read-more-container\"><a title=\"Moto furtada em Afogados \u00e9 abandona em matagal\" class=\"read-more button\" href=\"https:\/\/blogdojuniorcavalcanti.com.br\/index.php\/2023\/02\/20\/moto-furtada-em-afogados-e-abandona-em-matagal\/#more-23833\" aria-label=\"More on Moto furtada em Afogados \u00e9 abandona em matagal\">Leia mais<\/a><\/p>\n","protected":false},"author":2,"featured_media":23834,"comment_status":"open","ping_status":"open","sticky":false,"template":"","format":"standard","meta":{"footnotes":""},"categories":[25],"tags":[],"class_list":["post-23833","post","type-post","status-publish","format-standard","has-post-thumbnail","hentry","category-destaque","resize-featured-image"],"_links":{"self":[{"href":"https:\/\/blogdojuniorcavalcanti.com.br\/index.php\/wp-json\/wp\/v2\/posts\/23833","targetHints":{"allow":["GET"]}}],"collection":[{"href":"https:\/\/blogdojuniorcavalcanti.com.br\/index.php\/wp-json\/wp\/v2\/posts"}],"about":[{"href":"https:\/\/blogdojuniorcavalcanti.com.br\/index.php\/wp-json\/wp\/v2\/types\/post"}],"author":[{"embeddable":true,"href":"https:\/\/blogdojuniorcavalcanti.com.br\/index.php\/wp-json\/wp\/v2\/users\/2"}],"replies":[{"embeddable":true,"href":"https:\/\/blogdojuniorcavalcanti.com.br\/index.php\/wp-json\/wp\/v2\/comments?post=23833"}],"version-history":[{"count":1,"href":"https:\/\/blogdojuniorcavalcanti.com.br\/index.php\/wp-json\/wp\/v2\/posts\/23833\/revisions"}],"predecessor-version":[{"id":23835,"href":"https:\/\/blogdojuniorcavalcanti.com.br\/index.php\/wp-json\/wp\/v2\/posts\/23833\/revisions\/23835"}],"wp:featuredmedia":[{"embeddable":true,"href":"https:\/\/blogdojuniorcavalcanti.com.br\/index.php\/wp-json\/wp\/v2\/media\/23834"}],"wp:attachment":[{"href":"https:\/\/blogdojuniorcavalcanti.com.br\/index.php\/wp-json\/wp\/v2\/media?parent=23833"}],"wp:term":[{"taxonomy":"category","embeddable":true,"href":"https:\/\/blogdojuniorcavalcanti.com.br\/index.php\/wp-json\/wp\/v2\/categories?post=23833"},{"taxonomy":"post_tag","embeddable":true,"href":"https:\/\/blogdojuniorcavalcanti.com.br\/index.php\/wp-json\/wp\/v2\/tags?post=23833"}],"curies":[{"name":"wp","href":"https:\/\/api.w.org\/{rel}","templated":true}]}}